{"id":5134,"date":"2025-06-16T14:11:36","date_gmt":"2025-06-16T11:11:36","guid":{"rendered":"https:\/\/belediyeis.org.tr\/merkez\/?p=5134"},"modified":"2025-06-16T14:11:36","modified_gmt":"2025-06-16T11:11:36","slug":"belediye-is-sendikasi-samsun-subesi-genel-kurul-ilani-2","status":"publish","type":"post","link":"https:\/\/belediyeis.org.tr\/merkez\/2025\/06\/16\/belediye-is-sendikasi-samsun-subesi-genel-kurul-ilani-2\/","title":{"rendered":"BELED\u0130YE-\u0130\u015e SEND\u0130KASI SAMSUN \u015eUBES\u0130 GENEL KURUL \u0130LANI"},"content":{"rendered":"<p><strong><em>Belediye-\u0130\u015f Sendikas\u0131 Samsun \u00a0\u015eube\u2019nin 13. Ola\u011fan Genel Kurulu 03 Temmuz 2025 Per\u015fembe g\u00fcn\u00fc Saat 10.00\u2019da a\u015fa\u011f\u0131da ilan edilen g\u00fcndem gere\u011fince Yeni Mahalle \u00c7ar\u015famba Caddesi No:52 Canik\/Samsun adresindeki , Anemon Grand Samsun Otel Toplant\u0131 Salonunda yap\u0131lacakt\u0131r. \u0130lk toplant\u0131da \u00e7o\u011funlu\u011fun sa\u011flanamamas\u0131 halinde ikinci toplant\u0131 \u00a010 Temmuz 2025 Per\u015fembe g\u00fcn\u00fc Saat 10.00\u2019da yine ayn\u0131 adreste yap\u0131lacakt\u0131r.<\/em><\/strong><strong><em>\u00a0<\/em><\/strong><\/p>\n<p><strong><em>6356 Say\u0131l\u0131 Sendikalar ve Toplu \u0130\u015f S\u00f6zle\u015fmesi Kanunu ve Sendika Ana T\u00fcz\u00fc\u011f\u00fc\u2019n\u00fcn ilgili maddeleri gere\u011fince ilan olunur.<\/em><\/strong><strong><em>\u00a0<\/em><\/strong><\/p>\n<p><strong><em>Belediye-\u0130\u015f Sendikas\u0131<\/em><\/strong><\/p>\n<p><strong><em>Samsun \u015eube Y\u00f6netim Kurulu<\/em><\/strong><\/p>\n<p><strong>G \u00dc N D E M:<\/strong><br \/>\n<strong>1. Yoklama ve a\u00e7\u0131l\u0131\u015f<\/strong><br \/>\n<strong>2. Genel Kurul Ba\u015fkanl\u0131k Divan\u0131 Se\u00e7imi<\/strong><br \/>\n<strong>3. Sayg\u0131 Duru\u015fu ve \u0130stiklal Mar\u015f\u0131<\/strong><br \/>\n<strong>4. Konuklar\u0131n tan\u0131t\u0131m\u0131 <\/strong><br \/>\n<strong>5. Raporlar\u0131n g\u00f6r\u00fc\u015f\u00fclmesi ve Kurullar\u0131n ibras\u0131 (Y\u00f6netim ve Denetleme)<\/strong><br \/>\n<strong>6. Kurullar\u0131n se\u00e7imi;<\/strong><br \/>\n<strong>a. Y\u00f6netim Kurulu asil ve yedek \u00fcyeleri<\/strong><br \/>\n<strong>b. Denetleme Kurulu asil ve yedek \u00fcyeleri<\/strong><br \/>\n<strong>c. Disiplin Kurulu asil ve yedek \u00fcyeleri<\/strong><br \/>\n<strong>d. Genel Merkez \u00fcst kurul delegeleri<\/strong><br \/>\n<strong>7.Kapan\u0131\u015f<\/strong><\/p>\n<p>&nbsp;<\/p>\n<p><strong>\u0130lan Yay\u0131n Tarihi: 16.06.2025<\/strong><\/p>\n","protected":false},"excerpt":{"rendered":"<p>Belediye-\u0130\u015f Sendikas\u0131 Samsun \u00a0\u015eube\u2019nin 13. Ola\u011fan Genel Kurulu 03 Temmuz 2025 Per\u015fembe g\u00fcn\u00fc Saat 10.00\u2019da a\u015fa\u011f\u0131da ilan edilen g\u00fcndem gere\u011fince Yeni Mahalle \u00c7ar\u015famba Caddesi No:52 Canik\/Samsun adresindeki , Anemon Grand Samsun Otel Toplant\u0131 Salonunda yap\u0131lacakt\u0131r. \u0130lk toplant\u0131da \u00e7o\u011funlu\u011fun sa\u011flanamamas\u0131 halinde ikinci toplant\u0131 \u00a010 Temmuz 2025 Per\u015fembe g\u00fcn\u00fc Saat 10.00\u2019da yine ayn\u0131 adreste yap\u0131lacakt\u0131r.\u00a0 6356 Say\u0131l\u0131 [&hellip;]<\/p>\n","protected":false},"author":3,"featured_media":2998,"comment_status":"open","ping_status":"open","sticky":false,"template":"","format":"standard","meta":{"jnews-multi-image_gallery":[],"jnews_single_post":[],"jnews_primary_category":[],"jnews_social_meta":[],"jnews_override_counter":[],"footnotes":""},"categories":[1],"tags":[],"class_list":["post-5134","post","type-post","status-publish","format-standard","has-post-thumbnail","hentry","category-genel"],"_links":{"self":[{"href":"https:\/\/belediyeis.org.tr\/merkez\/wp-json\/wp\/v2\/posts\/5134","targetHints":{"allow":["GET"]}}],"collection":[{"href":"https:\/\/belediyeis.org.tr\/merkez\/wp-json\/wp\/v2\/posts"}],"about":[{"href":"https:\/\/belediyeis.org.tr\/merkez\/wp-json\/wp\/v2\/types\/post"}],"author":[{"embeddable":true,"href":"https:\/\/belediyeis.org.tr\/merkez\/wp-json\/wp\/v2\/users\/3"}],"replies":[{"embeddable":true,"href":"https:\/\/belediyeis.org.tr\/merkez\/wp-json\/wp\/v2\/comments?post=5134"}],"version-history":[{"count":1,"href":"https:\/\/belediyeis.org.tr\/merkez\/wp-json\/wp\/v2\/posts\/5134\/revisions"}],"predecessor-version":[{"id":5135,"href":"https:\/\/belediyeis.org.tr\/merkez\/wp-json\/wp\/v2\/posts\/5134\/revisions\/5135"}],"wp:featuredmedia":[{"embeddable":true,"href":"https:\/\/belediyeis.org.tr\/merkez\/wp-json\/wp\/v2\/media\/2998"}],"wp:attachment":[{"href":"https:\/\/belediyeis.org.tr\/merkez\/wp-json\/wp\/v2\/media?parent=5134"}],"wp:term":[{"taxonomy":"category","embeddable":true,"href":"https:\/\/belediyeis.org.tr\/merkez\/wp-json\/wp\/v2\/categories?post=5134"},{"taxonomy":"post_tag","embeddable":true,"href":"https:\/\/belediyeis.org.tr\/merkez\/wp-json\/wp\/v2\/tags?post=5134"}],"curies":[{"name":"wp","href":"https:\/\/api.w.org\/{rel}","templated":true}]}}