{"id":5118,"date":"2025-05-28T13:50:45","date_gmt":"2025-05-28T10:50:45","guid":{"rendered":"http:\/\/belediyeis.org.tr\/merkez\/?p=5118"},"modified":"2025-05-28T13:50:45","modified_gmt":"2025-05-28T10:50:45","slug":"belediye-is-sendikasi-istanbul-2-nolu-subesi-genel-kurul-ilani-2","status":"publish","type":"post","link":"https:\/\/belediyeis.org.tr\/merkez\/2025\/05\/28\/belediye-is-sendikasi-istanbul-2-nolu-subesi-genel-kurul-ilani-2\/","title":{"rendered":"BELED\u0130YE-\u0130\u015e SEND\u0130KASI \u0130STANBUL 2 NOLU \u015eUBES\u0130 GENEL KURUL \u0130LANI"},"content":{"rendered":"<p><strong><em>Belediye-\u0130\u015f Sendikas\u0131 \u0130stanbul 2 Nolu \u00a0\u015eube\u2019nin 13. Ola\u011fan Genel Kurulu 20 Haziran 2025 Cuma g\u00fcn\u00fc Saat 10.00\u2019da a\u015fa\u011f\u0131da ilan edilen g\u00fcndem gere\u011fince Osmaniye Mahallesi \u0130ncirli Yolu Sokak No:1\/20 Bak\u0131rk\u00f6y\/\u0130stanbul adresindeki , Bak\u0131rk\u00f6y Belediye Ba\u015fkanl\u0131\u011f\u0131 Leyla Gencer Opera ve Sanat Merkezinde ki Toplant\u0131 Salonunda yap\u0131lacakt\u0131r. \u0130lk toplant\u0131da \u00e7o\u011funlu\u011fun sa\u011flanamamas\u0131 halinde ikinci toplant\u0131 27 Haziran 2025 \u00a0Cuma \u00a0g\u00fcn\u00fc Saat 10.00\u2019da yine ayn\u0131 adreste yap\u0131lacakt\u0131r.<\/em><\/strong><strong><em>\u00a0<\/em><\/strong><\/p>\n<p><strong><em>6356 Say\u0131l\u0131 Sendikalar ve Toplu \u0130\u015f S\u00f6zle\u015fmesi Kanunu ve Sendika Ana T\u00fcz\u00fc\u011f\u00fc\u2019n\u00fcn ilgili maddeleri gere\u011fince ilan olunur.<\/em><\/strong><strong><em>\u00a0<\/em><\/strong><\/p>\n<p><strong><em>Belediye-\u0130\u015f Sendikas\u0131<\/em><\/strong><\/p>\n<p><strong><em>\u0130stanbul 2 Nolu \u015eube Y\u00f6netim Kurulu<\/em><\/strong><\/p>\n<p>&nbsp;<\/p>\n<p>G \u00dc N D E M:<br \/>\n1. Yoklama ve a\u00e7\u0131l\u0131\u015f<br \/>\n2. Genel Kurul Ba\u015fkanl\u0131k Divan\u0131 Se\u00e7imi<br \/>\n3. Sayg\u0131 Duru\u015fu ve \u0130stiklal Mar\u015f\u0131<br \/>\n4. Konuklar\u0131n tan\u0131t\u0131m\u0131<br \/>\n5. Raporlar\u0131n g\u00f6r\u00fc\u015f\u00fclmesi ve Kurullar\u0131n ibras\u0131 (Y\u00f6netim ve Denetleme)<br \/>\n6. Kurullar\u0131n se\u00e7imi;<br \/>\na. Y\u00f6netim Kurulu asil ve yedek \u00fcyeleri<br \/>\nb. Denetleme Kurulu asil ve yedek \u00fcyeleri<br \/>\nc. Disiplin Kurulu asil ve yedek \u00fcyeleri<br \/>\nd. Genel Merkez \u00fcst kurul delegeleri<br \/>\n7.Kapan\u0131\u015f<\/p>\n<p>28.05.2025<\/p>\n","protected":false},"excerpt":{"rendered":"<p>Belediye-\u0130\u015f Sendikas\u0131 \u0130stanbul 2 Nolu \u00a0\u015eube\u2019nin 13. Ola\u011fan Genel Kurulu 20 Haziran 2025 Cuma g\u00fcn\u00fc Saat 10.00\u2019da a\u015fa\u011f\u0131da ilan edilen g\u00fcndem gere\u011fince Osmaniye Mahallesi \u0130ncirli Yolu Sokak No:1\/20 Bak\u0131rk\u00f6y\/\u0130stanbul adresindeki , Bak\u0131rk\u00f6y Belediye Ba\u015fkanl\u0131\u011f\u0131 Leyla Gencer Opera ve Sanat Merkezinde ki Toplant\u0131 Salonunda yap\u0131lacakt\u0131r. \u0130lk toplant\u0131da \u00e7o\u011funlu\u011fun sa\u011flanamamas\u0131 halinde ikinci toplant\u0131 27 Haziran 2025 \u00a0Cuma [&hellip;]<\/p>\n","protected":false},"author":3,"featured_media":3010,"comment_status":"open","ping_status":"open","sticky":false,"template":"","format":"standard","meta":{"jnews-multi-image_gallery":[],"jnews_single_post":[],"jnews_primary_category":[],"jnews_social_meta":[],"jnews_override_counter":[],"footnotes":""},"categories":[1],"tags":[],"class_list":["post-5118","post","type-post","status-publish","format-standard","has-post-thumbnail","hentry","category-genel"],"_links":{"self":[{"href":"https:\/\/belediyeis.org.tr\/merkez\/wp-json\/wp\/v2\/posts\/5118","targetHints":{"allow":["GET"]}}],"collection":[{"href":"https:\/\/belediyeis.org.tr\/merkez\/wp-json\/wp\/v2\/posts"}],"about":[{"href":"https:\/\/belediyeis.org.tr\/merkez\/wp-json\/wp\/v2\/types\/post"}],"author":[{"embeddable":true,"href":"https:\/\/belediyeis.org.tr\/merkez\/wp-json\/wp\/v2\/users\/3"}],"replies":[{"embeddable":true,"href":"https:\/\/belediyeis.org.tr\/merkez\/wp-json\/wp\/v2\/comments?post=5118"}],"version-history":[{"count":1,"href":"https:\/\/belediyeis.org.tr\/merkez\/wp-json\/wp\/v2\/posts\/5118\/revisions"}],"predecessor-version":[{"id":5119,"href":"https:\/\/belediyeis.org.tr\/merkez\/wp-json\/wp\/v2\/posts\/5118\/revisions\/5119"}],"wp:featuredmedia":[{"embeddable":true,"href":"https:\/\/belediyeis.org.tr\/merkez\/wp-json\/wp\/v2\/media\/3010"}],"wp:attachment":[{"href":"https:\/\/belediyeis.org.tr\/merkez\/wp-json\/wp\/v2\/media?parent=5118"}],"wp:term":[{"taxonomy":"category","embeddable":true,"href":"https:\/\/belediyeis.org.tr\/merkez\/wp-json\/wp\/v2\/categories?post=5118"},{"taxonomy":"post_tag","embeddable":true,"href":"https:\/\/belediyeis.org.tr\/merkez\/wp-json\/wp\/v2\/tags?post=5118"}],"curies":[{"name":"wp","href":"https:\/\/api.w.org\/{rel}","templated":true}]}}