{"id":5110,"date":"2025-05-23T18:07:53","date_gmt":"2025-05-23T15:07:53","guid":{"rendered":"https:\/\/belediyeis.org.tr\/merkez\/?p=5110"},"modified":"2025-05-23T18:07:53","modified_gmt":"2025-05-23T15:07:53","slug":"ataturkun-adini-anmamak-tarih-bilincinden-yoksunluktur-nankorluktur-vefasizliktir","status":"publish","type":"post","link":"https:\/\/belediyeis.org.tr\/merkez\/2025\/05\/23\/ataturkun-adini-anmamak-tarih-bilincinden-yoksunluktur-nankorluktur-vefasizliktir\/","title":{"rendered":"Atat\u00fcrk\u2019\u00fcn Ad\u0131n\u0131 Anmamak Tarih Bilincinden Yoksunluktur, Nank\u00f6rl\u00fckt\u00fcr, Vefas\u0131zl\u0131kt\u0131r"},"content":{"rendered":"<p>\u0130stanbul\u2019da d\u00fcn ba\u015flayan Kad\u0131n Sosyalist Enternasyonel Konseyi a\u00e7\u0131l\u0131\u015f konu\u015fmas\u0131nda, kad\u0131n haklar\u0131na dair pek \u00e7ok konuya de\u011finilmesine ra\u011fmen laik, demokratik T\u00fcrkiye Cumhuriyeti\u2019nin kurucusu Mustafa Kemal Atat\u00fcrk\u2019\u00fcn ad\u0131 an\u0131lmad\u0131.<\/p>\n<p>B\u00fcy\u00fckba\u015f hayvanlar\u0131n say\u0131ld\u0131\u011f\u0131 kad\u0131nlar\u0131n say\u0131lmad\u0131\u011f\u0131 bir \u00fclkeyi; d\u00fcnyan\u0131n en \u00e7a\u011fda\u015f \u00fclkelerinden bile \u00f6nce kad\u0131nlara y\u00f6nelik en b\u00fcy\u00fck devrimlerin yap\u0131ld\u0131\u011f\u0131, se\u00e7me se\u00e7ilme hakk\u0131 tan\u0131nan, \u00e7ok e\u015flili\u011fin yasakland\u0131\u011f\u0131, yasalar \u00f6n\u00fcnde e\u015fitlik getiren \u00e7a\u011fda\u015f bir \u00fclkeye d\u00f6n\u00fc\u015ft\u00fcren B\u00fcy\u00fck \u00d6nder\u2019in devrimlerini g\u00f6rmemek en hafif deyimiyle nank\u00f6rl\u00fckt\u00fcr.<\/p>\n<p>\u00c7a\u011fda\u015f ve demokratik bir \u00fclkenin ancak kad\u0131n\u0131n toplumdaki yeri ve \u00f6nemiyle m\u00fcmk\u00fcn olaca\u011f\u0131n\u0131 bilen ve her \u015feyden \u00f6nce bu devrimlere imza atan Atat\u00fcrk\u2019\u00fc anmamak, yapt\u0131klar\u0131n\u0131 dile getirmemek vefas\u0131zl\u0131kt\u0131r, cahilliktir.<\/p>\n<p>Bu denli geni\u015f kat\u0131l\u0131ml\u0131 bir toplant\u0131da, a\u00e7\u0131l\u0131\u015f konu\u015fmas\u0131nda Atat\u00fcrk\u2019\u00fcn ad\u0131n\u0131 anmaman\u0131n, yap\u0131lan devrimleri yok sayman\u0131n nedeni ne olabilir ki?<\/p>\n<p>Sayg\u0131lar\u0131m\u0131zla.<\/p>\n","protected":false},"excerpt":{"rendered":"<p>\u0130stanbul\u2019da d\u00fcn ba\u015flayan Kad\u0131n Sosyalist Enternasyonel Konseyi a\u00e7\u0131l\u0131\u015f konu\u015fmas\u0131nda, kad\u0131n haklar\u0131na dair pek \u00e7ok konuya de\u011finilmesine ra\u011fmen laik, demokratik T\u00fcrkiye Cumhuriyeti\u2019nin kurucusu Mustafa Kemal Atat\u00fcrk\u2019\u00fcn ad\u0131 an\u0131lmad\u0131. B\u00fcy\u00fckba\u015f hayvanlar\u0131n say\u0131ld\u0131\u011f\u0131 kad\u0131nlar\u0131n say\u0131lmad\u0131\u011f\u0131 bir \u00fclkeyi; d\u00fcnyan\u0131n en \u00e7a\u011fda\u015f \u00fclkelerinden bile \u00f6nce kad\u0131nlara y\u00f6nelik en b\u00fcy\u00fck devrimlerin yap\u0131ld\u0131\u011f\u0131, se\u00e7me se\u00e7ilme hakk\u0131 tan\u0131nan, \u00e7ok e\u015flili\u011fin yasakland\u0131\u011f\u0131, yasalar \u00f6n\u00fcnde [&hellip;]<\/p>\n","protected":false},"author":3,"featured_media":5021,"comment_status":"open","ping_status":"open","sticky":false,"template":"","format":"standard","meta":{"jnews-multi-image_gallery":[],"jnews_single_post":[],"jnews_primary_category":[],"jnews_social_meta":[],"jnews_override_counter":[],"footnotes":""},"categories":[1],"tags":[],"class_list":["post-5110","post","type-post","status-publish","format-standard","has-post-thumbnail","hentry","category-genel"],"_links":{"self":[{"href":"https:\/\/belediyeis.org.tr\/merkez\/wp-json\/wp\/v2\/posts\/5110","targetHints":{"allow":["GET"]}}],"collection":[{"href":"https:\/\/belediyeis.org.tr\/merkez\/wp-json\/wp\/v2\/posts"}],"about":[{"href":"https:\/\/belediyeis.org.tr\/merkez\/wp-json\/wp\/v2\/types\/post"}],"author":[{"embeddable":true,"href":"https:\/\/belediyeis.org.tr\/merkez\/wp-json\/wp\/v2\/users\/3"}],"replies":[{"embeddable":true,"href":"https:\/\/belediyeis.org.tr\/merkez\/wp-json\/wp\/v2\/comments?post=5110"}],"version-history":[{"count":1,"href":"https:\/\/belediyeis.org.tr\/merkez\/wp-json\/wp\/v2\/posts\/5110\/revisions"}],"predecessor-version":[{"id":5111,"href":"https:\/\/belediyeis.org.tr\/merkez\/wp-json\/wp\/v2\/posts\/5110\/revisions\/5111"}],"wp:featuredmedia":[{"embeddable":true,"href":"https:\/\/belediyeis.org.tr\/merkez\/wp-json\/wp\/v2\/media\/5021"}],"wp:attachment":[{"href":"https:\/\/belediyeis.org.tr\/merkez\/wp-json\/wp\/v2\/media?parent=5110"}],"wp:term":[{"taxonomy":"category","embeddable":true,"href":"https:\/\/belediyeis.org.tr\/merkez\/wp-json\/wp\/v2\/categories?post=5110"},{"taxonomy":"post_tag","embeddable":true,"href":"https:\/\/belediyeis.org.tr\/merkez\/wp-json\/wp\/v2\/tags?post=5110"}],"curies":[{"name":"wp","href":"https:\/\/api.w.org\/{rel}","templated":true}]}}