{"id":5106,"date":"2025-05-18T09:54:59","date_gmt":"2025-05-18T06:54:59","guid":{"rendered":"https:\/\/belediyeis.org.tr\/merkez\/?p=5106"},"modified":"2025-05-18T09:54:59","modified_gmt":"2025-05-18T06:54:59","slug":"19-mayis-ataturku-anma-genclik-ve-spor-bayramimiz-kutlu-olsun-5","status":"publish","type":"post","link":"https:\/\/belediyeis.org.tr\/merkez\/2025\/05\/18\/19-mayis-ataturku-anma-genclik-ve-spor-bayramimiz-kutlu-olsun-5\/","title":{"rendered":"19 MAYIS ATAT\u00dcRK\u2019\u00dc ANMA, GEN\u00c7L\u0130K VE SPOR BAYRAMIMIZ KUTLU OLSUN."},"content":{"rendered":"<p>Ulu \u00d6nder Mustafa Kemal Atat\u00fcrk, \u00fclkemizin d\u00f6rt bir yan\u0131n\u0131n emperyalistler taraf\u0131ndan i\u015fgal edildi\u011fi, halk\u0131m\u0131z\u0131n yoksulluktan, a\u00e7l\u0131ktan harap ve \u00e7aresiz d\u00fc\u015ft\u00fc\u011f\u00fc, \u00fclkeyi y\u00f6netenlerin ise \u015fatafat i\u00e7inde ya\u015fad\u0131\u011f\u0131 karanl\u0131k d\u00f6nemde; T\u00fcrk Ulusunu ancak ve ancak yine ulusun kendi azim ve kararl\u0131l\u0131\u011f\u0131n\u0131n kurtaraca\u011f\u0131na olan inanc\u0131yla 19 May\u0131s 1919\u2019da Samsun\u2019a ad\u0131m atarak Ulusal Kurtulu\u015f M\u00fccadelemizi ba\u015flatm\u0131\u015ft\u0131r.<\/p>\n<p>Atat\u00fcrk\u2019\u00fcn yakt\u0131\u011f\u0131 ba\u011f\u0131ms\u0131zl\u0131k ate\u015fi, y\u0131llard\u0131r bask\u0131 alt\u0131nda ya\u015famak zorunda b\u0131rak\u0131lm\u0131\u015f, hastal\u0131klardan, sefaletten belini do\u011frultamaz hale gelmi\u015f ve gerici zihniyetlerin k\u0131skac\u0131nda kalm\u0131\u015f ulusumuz i\u00e7in kurtulu\u015fa giden bir \u0131\u015f\u0131k, bir yol g\u00f6sterici olmu\u015ftur.<\/p>\n<p>Samsun\u2019dan ba\u015flayan b\u00fcy\u00fck kurtulu\u015f m\u00fccadelesi, dalga dalga b\u00fct\u00fcn yurda yay\u0131lm\u0131\u015f, hem emperyalistler vatan topraklar\u0131ndan at\u0131lm\u0131\u015f; hem de bu m\u00fccadele, tam ba\u011f\u0131ms\u0131z, \u00e7a\u011fda\u015f, laik, demokratik T\u00fcrkiye Cumhuriyeti\u2019nin kurulmas\u0131yla ta\u00e7land\u0131r\u0131lm\u0131\u015ft\u0131r.<br \/>\nGazi Mustafa Kemal Atat\u00fcrk\u2019\u00fcn, \u201cBirinci vazifen, T\u00fcrk istikl\u00e2lini, T\u00fcrk Cumhuriyetini, ilelebet, muhafaza ve m\u00fcdafaa etmektir\u201d diyerek seslendi\u011fi T\u00fcrk gen\u00e7li\u011fi; bug\u00fcn de demokrasinin, ba\u011f\u0131ms\u0131zl\u0131\u011f\u0131n, karde\u015fli\u011fin, bar\u0131\u015f\u0131n, laik ve \u00e7a\u011fda\u015f T\u00fcrkiye Cumhuriyeti\u2019nin g\u00fcvencesi olacakt\u0131r.<\/p>\n<p>19 May\u0131s 1919\u2019da ba\u015flayan b\u00fcy\u00fck m\u00fccadelenin y\u0131ld\u00f6n\u00fcm\u00fcnde Ulu \u00d6nder Atat\u00fcrk\u2019\u00fc ve t\u00fcm Milli M\u00fccadele kahramanlar\u0131m\u0131z\u0131 sayg\u0131yla, minnetle, \u00f6zlemle an\u0131yoruz.<br \/>\n19 May\u0131s Atat\u00fcrk\u2019\u00fc Anma Gen\u00e7lik ve Spor Bayram\u0131m\u0131z kutlu olsun.<\/p>\n<p>Belediye-\u0130\u015f Sendikas\u0131 Genel Y\u00f6netim Kurulu<\/p>\n","protected":false},"excerpt":{"rendered":"<p>Ulu \u00d6nder Mustafa Kemal Atat\u00fcrk, \u00fclkemizin d\u00f6rt bir yan\u0131n\u0131n emperyalistler taraf\u0131ndan i\u015fgal edildi\u011fi, halk\u0131m\u0131z\u0131n yoksulluktan, a\u00e7l\u0131ktan harap ve \u00e7aresiz d\u00fc\u015ft\u00fc\u011f\u00fc, \u00fclkeyi y\u00f6netenlerin ise \u015fatafat i\u00e7inde ya\u015fad\u0131\u011f\u0131 karanl\u0131k d\u00f6nemde; T\u00fcrk Ulusunu ancak ve ancak yine ulusun kendi azim ve kararl\u0131l\u0131\u011f\u0131n\u0131n kurtaraca\u011f\u0131na olan inanc\u0131yla 19 May\u0131s 1919\u2019da Samsun\u2019a ad\u0131m atarak Ulusal Kurtulu\u015f M\u00fccadelemizi ba\u015flatm\u0131\u015ft\u0131r. Atat\u00fcrk\u2019\u00fcn yakt\u0131\u011f\u0131 ba\u011f\u0131ms\u0131zl\u0131k [&hellip;]<\/p>\n","protected":false},"author":4,"featured_media":5107,"comment_status":"open","ping_status":"open","sticky":false,"template":"","format":"standard","meta":{"jnews-multi-image_gallery":[],"jnews_single_post":[],"jnews_primary_category":[],"jnews_social_meta":[],"jnews_override_counter":[],"footnotes":""},"categories":[1],"tags":[162],"class_list":["post-5106","post","type-post","status-publish","format-standard","has-post-thumbnail","hentry","category-genel","tag-19-mayis"],"_links":{"self":[{"href":"https:\/\/belediyeis.org.tr\/merkez\/wp-json\/wp\/v2\/posts\/5106","targetHints":{"allow":["GET"]}}],"collection":[{"href":"https:\/\/belediyeis.org.tr\/merkez\/wp-json\/wp\/v2\/posts"}],"about":[{"href":"https:\/\/belediyeis.org.tr\/merkez\/wp-json\/wp\/v2\/types\/post"}],"author":[{"embeddable":true,"href":"https:\/\/belediyeis.org.tr\/merkez\/wp-json\/wp\/v2\/users\/4"}],"replies":[{"embeddable":true,"href":"https:\/\/belediyeis.org.tr\/merkez\/wp-json\/wp\/v2\/comments?post=5106"}],"version-history":[{"count":1,"href":"https:\/\/belediyeis.org.tr\/merkez\/wp-json\/wp\/v2\/posts\/5106\/revisions"}],"predecessor-version":[{"id":5108,"href":"https:\/\/belediyeis.org.tr\/merkez\/wp-json\/wp\/v2\/posts\/5106\/revisions\/5108"}],"wp:featuredmedia":[{"embeddable":true,"href":"https:\/\/belediyeis.org.tr\/merkez\/wp-json\/wp\/v2\/media\/5107"}],"wp:attachment":[{"href":"https:\/\/belediyeis.org.tr\/merkez\/wp-json\/wp\/v2\/media?parent=5106"}],"wp:term":[{"taxonomy":"category","embeddable":true,"href":"https:\/\/belediyeis.org.tr\/merkez\/wp-json\/wp\/v2\/categories?post=5106"},{"taxonomy":"post_tag","embeddable":true,"href":"https:\/\/belediyeis.org.tr\/merkez\/wp-json\/wp\/v2\/tags?post=5106"}],"curies":[{"name":"wp","href":"https:\/\/api.w.org\/{rel}","templated":true}]}}