{"id":5101,"date":"2025-05-16T10:47:29","date_gmt":"2025-05-16T07:47:29","guid":{"rendered":"http:\/\/belediyeis.org.tr\/merkez\/?p=5101"},"modified":"2025-05-16T10:47:29","modified_gmt":"2025-05-16T07:47:29","slug":"makami-ve-mevkisi-ne-olursa-olsun-hic-kimse-anayasanin-ve-yasalarin-ustunde-degildir","status":"publish","type":"post","link":"https:\/\/belediyeis.org.tr\/merkez\/2025\/05\/16\/makami-ve-mevkisi-ne-olursa-olsun-hic-kimse-anayasanin-ve-yasalarin-ustunde-degildir\/","title":{"rendered":"Makam\u0131 ve Mevkisi Ne Olursa Olsun, Hi\u00e7 Kimse Anayasan\u0131n Ve Yasalar\u0131n \u00dcst\u00fcnde De\u011fildir."},"content":{"rendered":"<p>Sendikam\u0131z\u0131n y\u0131llard\u0131r \u00f6rg\u00fctl\u00fc oldu\u011fu Patnos Belediyesi\u2019nde 31 Mart se\u00e7imlerinin ard\u0131ndan belediye ba\u015fkan\u0131 se\u00e7ilen Adalet ve Kalk\u0131nma Partili, Say\u0131n Abdulhalik TA\u015eKIN\u2019\u0131n se\u00e7imlerin ard\u0131ndan ilk icraat\u0131, Patnos Belediyesinin \u015firketi PATA\u015e YATIRIM \u0130N\u015eAAT M\u00dcH. SAN. ve T\u0130C. A.\u015e i\u015f\u00e7ilerinin a\u015f\u0131yla, i\u015fiyle sendikal \u00f6rg\u00fctl\u00fcl\u00fc\u011f\u00fc ile u\u011fra\u015fmak oldu.<\/p>\n<p>Ba\u015fkan TA\u015eKIN\u2019\u0131n, se\u00e7ilir se\u00e7ilmez i\u015f\u00e7i \u00fccretlerinin indirilmesi talebiyle sendikam\u0131za yapt\u0131\u011f\u0131 ba\u015fvuru, \u201c\u00fccretin kazan\u0131lm\u0131\u015f bir hak olarak indirilemeyece\u011fi\u201d ilkelerimiz gere\u011fince taraf\u0131m\u0131zdan reddedildi. Ba\u015fkan Ta\u015fk\u0131n bu kez de imzalanan toplu s\u00f6zle\u015fmenin iptali i\u00e7in mahkemeye ba\u015fvurdu. \u0130lgili mahkeme, Anayasa\u2019ya ve yasalara uygun bir \u015fekilde usul\u00fcne g\u00f6re imzalanan y\u00fcr\u00fcrl\u00fckteki bir toplu s\u00f6zle\u015fmenin iptal edilemeyece\u011fine karar verdi.<\/p>\n<p>Ba\u015fkan Ta\u015fk\u0131n\u2019\u0131n yasal ve ahlaki olmayan talepleri sendikam\u0131z ve mahkemeler taraf\u0131ndan reddedilince, bu kez de \u00fcyelerimiz aleyhlerine olan bireysel s\u00f6zle\u015fmeyi bask\u0131 ve tehditle imzalamaya zorlad\u0131. Ba\u015fkan, t\u00fcm bask\u0131 ve tehdide ra\u011fmen sendikas\u0131ndan istifa etmeyen, bireysel s\u00f6zle\u015fme imzalamayan \u00fcyelerimize de d\u00fczenli olarak i\u015fyerine gitmelerine ra\u011fmen i\u015f vermedi\u011fi gibi, haklar\u0131nda i\u015fe gitmedi\u011fine ili\u015fkin ger\u00e7ek d\u0131\u015f\u0131 tutanaklar tutturdu. Ba\u015fkan Ta\u015fk\u0131n, sendikam\u0131zdan istifa edip bireysel s\u00f6zle\u015fme imzalayanlara \u00fccretlerini tam \u00f6derken, sendikas\u0131na yasal haklar\u0131na sahip \u00e7\u0131kan \u00fcyelerimize hukuk d\u0131\u015f\u0131 bir \u015fekilde ayr\u0131mc\u0131l\u0131k yaparak sadece 5000 TL \u00fccret yat\u0131rd\u0131. Ba\u015fkan TA\u015eKIN\u2019\u0131n bu yapt\u0131klar\u0131 a\u00e7\u0131k hukuksuzluktur. Ahlaki ve insani t\u00fcm de\u011ferleri ayaklar alt\u0131na almaktad\u0131r.<\/p>\n<p>Ba\u015fkan Ta\u015fk\u0131n\u2019a soruyoruz.<\/p>\n<p>Sizin g\u00fcc\u00fcn\u00fcz sadece emek\u00e7ilere mi yetiyor?<\/p>\n<p>T\u00fcm bu yapt\u0131klar\u0131n\u0131z\u0131n hangisi yasal? Hangisi ahlaki? Hangisi insanl\u0131\u011fa s\u0131\u011f\u0131yor?<\/p>\n<p>Say\u0131n Ta\u015fk\u0131n\u2019\u0131n bu yapt\u0131klar\u0131n\u0131n vicdani, ahlaki ve insani k\u0131sm\u0131 onu ilgilendirse de yasal k\u0131sm\u0131 sendikam\u0131z\u0131 ilgilendiriyor. \u00c7\u00fcnk\u00fc Ba\u015fkan\u0131n t\u00fcm bu yapt\u0131klar\u0131 a\u00e7\u0131k\u00e7a Anayasa\u2019ya ve yasalara ayk\u0131r\u0131 ve hukuk d\u0131\u015f\u0131d\u0131r.<\/p>\n<p>4857 say\u0131l\u0131 \u0130\u015f Kanunu 5. Maddesi a\u00e7\u0131kt\u0131r: \u201c\u0130\u015fverenin \u00e7al\u0131\u015ft\u0131rd\u0131\u011f\u0131 i\u015f\u00e7ilere e\u015fit davranma borcu vard\u0131r. \u0130\u015fveren i\u015f\u00e7iler aras\u0131nda, dil, \u0131rk, renk, cinsiyet, engellilik, siyasal d\u00fc\u015f\u00fcnce felsefi inan\u00e7, din ve mezhep veya buna benzer farkl\u0131l\u0131klardan \u00f6t\u00fcr\u00fc\u00a0 ayr\u0131m yapamaz.\u201d<\/p>\n<p>T\u00fcrk Ceza Kanunu\u2019nun i\u015f ve \u00e7al\u0131\u015fma h\u00fcrriyetinin ihlalini d\u00fczenleyen 117. Maddesine sendikal hakk\u0131n kullan\u0131lmas\u0131n\u0131n engellenmesini d\u00fczenleyen 118. Maddesine ve Anayasal haklardan olan sendikaya \u00fcye olma haklar\u0131n\u0131n engellenmesi a\u00e7\u0131k\u00e7a ayk\u0131r\u0131d\u0131r. Sendikam\u0131z Anayasa\u2019ya ve T\u00fcrk Ceza Kanununa a\u00e7\u0131k\u00e7a ayk\u0131r\u0131 fiiller i\u00e7in gerekli yasal ba\u015fvurular\u0131 yapm\u0131\u015ft\u0131r.<\/p>\n<p>Tek dertleri Patnos halk\u0131na hizmet verip kar\u015f\u0131l\u0131\u011f\u0131nda al\u0131nterinin hakk\u0131n\u0131 almak olan \u00fcyelerimize yap\u0131lan itibars\u0131zla\u015ft\u0131rma, hakaret ve tehditler \u0130srail\u2019in Filistin halk\u0131na yapt\u0131\u011f\u0131 zul\u00fcmden farks\u0131zd\u0131r.<\/p>\n<p>Ba\u015fkan Ta\u015fk\u0131n\u2019a \u00e7a\u011fr\u0131m\u0131zd\u0131r. Hukuka ayk\u0131r\u0131 davranmay\u0131n, adaletli ve hakkaniyetli olun. Aksi taktirde bug\u00fcn ayaklar alt\u0131na ald\u0131\u011f\u0131n\u0131z hukuk ve adalet yar\u0131n size de laz\u0131m olacak.<\/p>\n<p>Sendikam\u0131z, \u00fcyelerimize yap\u0131lan bu zulm\u00fc, bu adaletsizli\u011fi bu bask\u0131y\u0131 -hukuksal yollar\u0131 kullanarak- d\u00fcn de cezas\u0131z b\u0131rakmad\u0131, yar\u0131n da b\u0131rakmayacakt\u0131r. Sayg\u0131lar\u0131m\u0131zla.<\/p>\n<p>16.05.2025<\/p>\n<p>Belediye-\u0130\u015f Sendikas\u0131<\/p>\n","protected":false},"excerpt":{"rendered":"<p>Sendikam\u0131z\u0131n y\u0131llard\u0131r \u00f6rg\u00fctl\u00fc oldu\u011fu Patnos Belediyesi\u2019nde 31 Mart se\u00e7imlerinin ard\u0131ndan belediye ba\u015fkan\u0131 se\u00e7ilen Adalet ve Kalk\u0131nma Partili, Say\u0131n Abdulhalik TA\u015eKIN\u2019\u0131n se\u00e7imlerin ard\u0131ndan ilk icraat\u0131, Patnos Belediyesinin \u015firketi PATA\u015e YATIRIM \u0130N\u015eAAT M\u00dcH. SAN. ve T\u0130C. A.\u015e i\u015f\u00e7ilerinin a\u015f\u0131yla, i\u015fiyle sendikal \u00f6rg\u00fctl\u00fcl\u00fc\u011f\u00fc ile u\u011fra\u015fmak oldu. Ba\u015fkan TA\u015eKIN\u2019\u0131n, se\u00e7ilir se\u00e7ilmez i\u015f\u00e7i \u00fccretlerinin indirilmesi talebiyle sendikam\u0131za yapt\u0131\u011f\u0131 ba\u015fvuru, \u201c\u00fccretin [&hellip;]<\/p>\n","protected":false},"author":3,"featured_media":5102,"comment_status":"open","ping_status":"open","sticky":false,"template":"","format":"standard","meta":{"jnews-multi-image_gallery":[],"jnews_single_post":[],"jnews_primary_category":[],"jnews_social_meta":[],"jnews_override_counter":[],"footnotes":""},"categories":[1],"tags":[],"class_list":["post-5101","post","type-post","status-publish","format-standard","has-post-thumbnail","hentry","category-genel"],"_links":{"self":[{"href":"https:\/\/belediyeis.org.tr\/merkez\/wp-json\/wp\/v2\/posts\/5101","targetHints":{"allow":["GET"]}}],"collection":[{"href":"https:\/\/belediyeis.org.tr\/merkez\/wp-json\/wp\/v2\/posts"}],"about":[{"href":"https:\/\/belediyeis.org.tr\/merkez\/wp-json\/wp\/v2\/types\/post"}],"author":[{"embeddable":true,"href":"https:\/\/belediyeis.org.tr\/merkez\/wp-json\/wp\/v2\/users\/3"}],"replies":[{"embeddable":true,"href":"https:\/\/belediyeis.org.tr\/merkez\/wp-json\/wp\/v2\/comments?post=5101"}],"version-history":[{"count":1,"href":"https:\/\/belediyeis.org.tr\/merkez\/wp-json\/wp\/v2\/posts\/5101\/revisions"}],"predecessor-version":[{"id":5103,"href":"https:\/\/belediyeis.org.tr\/merkez\/wp-json\/wp\/v2\/posts\/5101\/revisions\/5103"}],"wp:featuredmedia":[{"embeddable":true,"href":"https:\/\/belediyeis.org.tr\/merkez\/wp-json\/wp\/v2\/media\/5102"}],"wp:attachment":[{"href":"https:\/\/belediyeis.org.tr\/merkez\/wp-json\/wp\/v2\/media?parent=5101"}],"wp:term":[{"taxonomy":"category","embeddable":true,"href":"https:\/\/belediyeis.org.tr\/merkez\/wp-json\/wp\/v2\/categories?post=5101"},{"taxonomy":"post_tag","embeddable":true,"href":"https:\/\/belediyeis.org.tr\/merkez\/wp-json\/wp\/v2\/tags?post=5101"}],"curies":[{"name":"wp","href":"https:\/\/api.w.org\/{rel}","templated":true}]}}