{"id":5082,"date":"2025-05-14T13:13:19","date_gmt":"2025-05-14T10:13:19","guid":{"rendered":"https:\/\/belediyeis.org.tr\/merkez\/?p=5082"},"modified":"2025-05-14T13:13:19","modified_gmt":"2025-05-14T10:13:19","slug":"can-cikar-huy-cikmaz-huylu-huyundan-vazgecmez-hukuksuzluktan-adaletsizlikten-vazgecin","status":"publish","type":"post","link":"https:\/\/belediyeis.org.tr\/merkez\/2025\/05\/14\/can-cikar-huy-cikmaz-huylu-huyundan-vazgecmez-hukuksuzluktan-adaletsizlikten-vazgecin\/","title":{"rendered":"CAN \u00c7IKAR HUY \u00c7IKMAZ. HUYLU HUYUNDAN VAZGE\u00c7MEZ\u2026 HUKUKSUZLUKTAN ADALETS\u0130ZL\u0130KTEN VAZGE\u00c7\u0130N\u2026"},"content":{"rendered":"<p>\u00c7al\u0131\u015fma ve Sosyal G\u00fcvenlik Bakanl\u0131\u011f\u0131 ve i\u015fbirlik\u00e7ileri 14 May\u0131s 2023\u2019te yap\u0131lan Cumhurba\u015fkanl\u0131\u011f\u0131 se\u00e7imlerinden iki g\u00fcn \u00f6nce yarg\u0131 kararlar\u0131na, Kanun ve y\u00f6netmeliklere ayk\u0131r\u0131 bir \u015fekilde Bakanl\u0131k aleyhine sonu\u00e7lanan y\u00fczlerce yarg\u0131 karar\u0131n\u0131 ortadan kald\u0131rmak, yanda\u015flara, i\u015fbirlik\u00e7ilere destek olmak amac\u0131yla \u0130\u015fkollar\u0131 Y\u00f6netmeli\u011finde de\u011fi\u015fiklik yapt\u0131.<\/p>\n<p>Yap\u0131lan bu de\u011fi\u015fikli\u011fin amac\u0131; belediyecilik hizmetini de belediyede \u00e7al\u0131\u015fan emek\u00e7ileri de farkl\u0131 i\u015fkollar\u0131na da\u011f\u0131tarak par\u00e7alamak, <strong>\u201c<\/strong><strong>Genel \u0130\u015fler\u201d<\/strong> i\u015fkolundaki sendikalar\u0131 etkisizle\u015ftirmek <strong>\u201cGenel \u0130\u015fler\u201d<\/strong> i\u015fkolunu ortadan kald\u0131rmakt\u0131.<\/p>\n<p>Sendikam\u0131z hukuk d\u0131\u015f\u0131 bu y\u00f6netmelik ekinin iptali i\u00e7in dava a\u00e7mas\u0131na ra\u011fmen dava hen\u00fcz sonu\u00e7lanmam\u0131\u015f, bu a\u00e7\u0131k hukuksuzluk ortadan kald\u0131r\u0131lmam\u0131\u015ft\u0131r.<\/p>\n<p><strong>Ge\u00e7 gelen adalet, adalet de\u011fildir. <\/strong><\/p>\n<p>Y\u00f6netmelik ekinin iptal s\u00fcrecinin hen\u00fcz sonu\u00e7lanmamas\u0131, hukuk ve adalet d\u00fc\u015fmanlar\u0131n\u0131n hukuksuzluklar\u0131na devam etmeleri i\u00e7in onlar\u0131 cesaretlendirmektedir.<\/p>\n<p><strong>Nitekim Bakanl\u0131k Kanuna a\u00e7\u0131k\u00e7a ayk\u0131r\u0131 ve keyfi bir tutumla bu hukuksuzlukta \u0131srar etmektedir. Bu da yetmez gibi yarg\u0131n\u0131n olas\u0131 bir iptal karar\u0131na kar\u015f\u0131, <\/strong><strong>\u201c\u0130\u015fkollar\u0131 Y\u00f6netmeli\u011finde De\u011fi\u015fiklik Yap\u0131lmas\u0131na Dair Y\u00f6netmelik Tasla\u011f\u0131\u201d ile <\/strong><strong>b\u00fct\u00fcnl\u00fc\u011f\u00fc olan belediye hizmetlerini b\u00f6lmekte, b<\/strong><strong>elediye emek\u00e7ilerini farkl\u0131 i\u015fkollar\u0131na da\u011f\u0131tarak i\u015f\u00e7ilerin \u00f6rg\u00fctl\u00fcl\u00fc\u011f\u00fcn\u00fc b\u00f6lmekte, g\u00fc\u00e7l\u00fc sendikac\u0131l\u0131\u011f\u0131 ortadan kald\u0131rmakta, i\u015f bar\u0131\u015f\u0131n\u0131 bozmakta, hangi Konfederasyona ba\u011fl\u0131 olursa olsun i\u015f\u00e7i sendikalar\u0131 aras\u0131nda birli\u011fi bozarak <\/strong><strong>\u201cGenel \u0130\u015fler\u201d i\u015fkolunu ortadan kald\u0131rmakta \u0131srar etmektedir. <\/strong><\/p>\n<p>\u00d6nceki \u0130\u015fkollar\u0131 Y\u00f6netmeli\u011finde yap\u0131lan de\u011fi\u015fiklik de yeni Taslak ile yap\u0131lmak istenen de 6356 say\u0131l\u0131 Sendikalar ve Toplu \u0130\u015f S\u00f6zle\u015fmesi\u00a0Kanununa, 5393 Say\u0131l\u0131 Belediye, 5216 Say\u0131l\u0131 B\u00fcy\u00fck\u015fehir Belediyesi Kanunu\u2019na ve Yarg\u0131tay kararlar\u0131na ayk\u0131r\u0131d\u0131r.<\/p>\n<p><strong>Bu d\u00fczenlemede \u0131srar edenlerin ama\u00e7lar\u0131, \u201cGENEL \u0130\u015eLER\u201d i\u015fkolunu par\u00e7alayarak, mahalli m\u00fc\u015fterek belediye hizmetleri ile hi\u00e7 ilgisi olmayan di\u011fer i\u015fkollar\u0131na alan a\u00e7mak, kamu hizmeti olan belediyede \u00e7al\u0131\u015fan emek\u00e7ileri farkl\u0131 i\u015fkollar\u0131na da\u011f\u0131tmakt\u0131r.<\/strong><\/p>\n<p>Bu hukuksuzlukta \u0131srar, bu emek ve hukuk cinayeti, \u00c7al\u0131\u015fma ve Sosyal G\u00fcvenlik Bakanl\u0131\u011f\u0131 aleyhine verilen yarg\u0131 kararlar\u0131n\u0131 i\u015flemez hale getirmek i\u00e7indir.<\/p>\n<p>Bizler, emek\u00e7ilerin birli\u011fini, eme\u011fin \u00f6rg\u00fctl\u00fc g\u00fcc\u00fcn\u00fc savunmas\u0131 gerekenlerin kendi \u00e7\u0131karlar\u0131 i\u00e7in emek\u00e7ilerin birli\u011fini par\u00e7alayanlar\u0131, emek\u00e7ilerin ekme\u011fine kan do\u011frayanlar\u0131 tan\u0131yoruz.<\/p>\n<p>Biz, kendi k\u00fc\u00e7\u00fck menfaatleri i\u00e7in y\u00fczbinlerce i\u015f\u00e7iyi k\u00fc\u00e7\u00fck par\u00e7alara b\u00f6ld\u00fcrt\u00fcp ekme\u011fiyle oynayanlar\u0131 biliyoruz. T\u00fcrk-\u0130\u015f Genel Ba\u015fkan\u0131 Erg\u00fcn ATALAY onlar\u0131 bizden \u00e7ok daha iyi biliyor.<\/p>\n<p>Bu hukuksuzluklar\u0131, bu adaletsizlikleri yapanlar, adaletsizlikte \u0131srar edenler, ne belediyelerde yaratt\u0131klar\u0131 kaosla, ne i\u015f bar\u0131\u015f\u0131n\u0131n bozulmas\u0131yla, ne i\u015fkolundaki karma\u015fayla, ne de i\u015f\u00e7ilerin emek\u00e7ilerin birli\u011fiyle ne de i\u015f\u00e7ilerin haklar\u0131yla ilgileniyor. Onlar ki\u015fisel ikbal ve h\u0131rslar\u0131n\u0131 t\u00fcm de\u011ferlerin \u00f6n\u00fcne koyuyorlar.<\/p>\n<p>Hi\u00e7 kimse nohut kadar akl\u0131yla, emek\u00e7ilerle alay etmesin. Lafa gelince manevi de\u011ferlerden, kul hakk\u0131ndan bahsedenlere sesleniyoruz. Sizin i\u00e7in t\u00fcm de\u011ferler, \u00e7\u0131kar\u0131n\u0131z\u0131n ba\u015flad\u0131\u011f\u0131 yerde bitiyor.<\/p>\n<p>Ahlak\u0131n, hakkaniyetin olmad\u0131\u011f\u0131, i\u015f\u00e7ilerin al\u0131n terinin, haklar\u0131n\u0131n yok say\u0131ld\u0131\u011f\u0131 yerde bar\u0131\u015f da yoktur. Sendikam\u0131z bu emek ve hukuk cinayetinin faillerini te\u015fhir etmeye devam edece\u011fi gibi, bu hukuksuzlu\u011fu gidermek i\u00e7in de her d\u00fczeyde m\u00fccadelesine devam edecektir.<\/p>\n<p>Sayg\u0131lar\u0131m\u0131zla. 14.05.2025<\/p>\n<p><strong>Belediye-\u0130\u015f Sendikas\u0131<\/strong><\/p>\n","protected":false},"excerpt":{"rendered":"<p>\u00c7al\u0131\u015fma ve Sosyal G\u00fcvenlik Bakanl\u0131\u011f\u0131 ve i\u015fbirlik\u00e7ileri 14 May\u0131s 2023\u2019te yap\u0131lan Cumhurba\u015fkanl\u0131\u011f\u0131 se\u00e7imlerinden iki g\u00fcn \u00f6nce yarg\u0131 kararlar\u0131na, Kanun ve y\u00f6netmeliklere ayk\u0131r\u0131 bir \u015fekilde Bakanl\u0131k aleyhine sonu\u00e7lanan y\u00fczlerce yarg\u0131 karar\u0131n\u0131 ortadan kald\u0131rmak, yanda\u015flara, i\u015fbirlik\u00e7ilere destek olmak amac\u0131yla \u0130\u015fkollar\u0131 Y\u00f6netmeli\u011finde de\u011fi\u015fiklik yapt\u0131. Yap\u0131lan bu de\u011fi\u015fikli\u011fin amac\u0131; belediyecilik hizmetini de belediyede \u00e7al\u0131\u015fan emek\u00e7ileri de farkl\u0131 i\u015fkollar\u0131na da\u011f\u0131tarak [&hellip;]<\/p>\n","protected":false},"author":3,"featured_media":5021,"comment_status":"open","ping_status":"open","sticky":false,"template":"","format":"standard","meta":{"jnews-multi-image_gallery":[],"jnews_single_post":[],"jnews_primary_category":[],"jnews_social_meta":[],"jnews_override_counter":[],"footnotes":""},"categories":[1],"tags":[],"class_list":["post-5082","post","type-post","status-publish","format-standard","has-post-thumbnail","hentry","category-genel"],"_links":{"self":[{"href":"https:\/\/belediyeis.org.tr\/merkez\/wp-json\/wp\/v2\/posts\/5082","targetHints":{"allow":["GET"]}}],"collection":[{"href":"https:\/\/belediyeis.org.tr\/merkez\/wp-json\/wp\/v2\/posts"}],"about":[{"href":"https:\/\/belediyeis.org.tr\/merkez\/wp-json\/wp\/v2\/types\/post"}],"author":[{"embeddable":true,"href":"https:\/\/belediyeis.org.tr\/merkez\/wp-json\/wp\/v2\/users\/3"}],"replies":[{"embeddable":true,"href":"https:\/\/belediyeis.org.tr\/merkez\/wp-json\/wp\/v2\/comments?post=5082"}],"version-history":[{"count":1,"href":"https:\/\/belediyeis.org.tr\/merkez\/wp-json\/wp\/v2\/posts\/5082\/revisions"}],"predecessor-version":[{"id":5083,"href":"https:\/\/belediyeis.org.tr\/merkez\/wp-json\/wp\/v2\/posts\/5082\/revisions\/5083"}],"wp:featuredmedia":[{"embeddable":true,"href":"https:\/\/belediyeis.org.tr\/merkez\/wp-json\/wp\/v2\/media\/5021"}],"wp:attachment":[{"href":"https:\/\/belediyeis.org.tr\/merkez\/wp-json\/wp\/v2\/media?parent=5082"}],"wp:term":[{"taxonomy":"category","embeddable":true,"href":"https:\/\/belediyeis.org.tr\/merkez\/wp-json\/wp\/v2\/categories?post=5082"},{"taxonomy":"post_tag","embeddable":true,"href":"https:\/\/belediyeis.org.tr\/merkez\/wp-json\/wp\/v2\/tags?post=5082"}],"curies":[{"name":"wp","href":"https:\/\/api.w.org\/{rel}","templated":true}]}}