{"id":5020,"date":"2025-04-28T13:24:26","date_gmt":"2025-04-28T10:24:26","guid":{"rendered":"http:\/\/belediyeis.org.tr\/merkez\/?p=5020"},"modified":"2025-04-28T13:24:26","modified_gmt":"2025-04-28T10:24:26","slug":"1-mayista-alanlardayiz-4","status":"publish","type":"post","link":"https:\/\/belediyeis.org.tr\/merkez\/2025\/04\/28\/1-mayista-alanlardayiz-4\/","title":{"rendered":"1 MAYIS\u2019TA ALANLARDAYIZ"},"content":{"rendered":"<p><strong>DEMOKRAS\u0130, HUKUK, ADALET \u0130\u015e\u00c7\u0130N\u0130N EKME\u011e\u0130D\u0130R\u2026<\/strong><\/p>\n<p><strong>HUKUK \u0130\u00c7\u0130N, DEMOKRAS\u0130 \u0130\u00c7\u0130N, ADALET \u0130\u00c7\u0130N \u00d6ZG\u00dcRL\u00dcK \u0130\u00c7\u0130N 1 MAYIS\u2019TA ALANLARDAYIZ<\/strong><\/p>\n<p>Bug\u00fcn 1 May\u0131s, i\u015f\u00e7i s\u0131n\u0131f\u0131n\u0131n Birlik, M\u00fccadele ve Dayan\u0131\u015fma G\u00fcn\u00fc. 1 May\u0131s; \u00fclkesi, milliyeti, g\u00f6r\u00fc\u015f\u00fc, dini, mezhebi, mesle\u011fi, cinsiyeti, ya\u015f\u0131 ne olursa olsun b\u00fct\u00fcn i\u015f\u00ad\u00e7ilerin ekmek-bar\u0131\u015f-\u00f6zg\u00fcrl\u00fck ve demokrasi i\u00e7in bir\u00adlikte m\u00fccadele g\u00fcn\u00fcd\u00fcr.<\/p>\n<p>1 May\u0131s, s\u00f6m\u00fcr\u00fcs\u00fcz, bask\u0131s\u0131z, insan onuruna yara\u015f\u0131r bir ya\u015fam i\u00e7in, taleplerimizi hayk\u0131raca\u011f\u0131m\u0131z g\u00fcnd\u00fcr.<\/p>\n<p>1 May\u0131s, t\u00fcm emek\u00e7ilerin g\u00fc\u00e7lerini birle\u015ftirdi\u011fi g\u00fcnd\u00fcr.<\/p>\n<p>1 May\u0131s\u2019a i\u015f\u00e7i s\u0131n\u0131f\u0131 ve emek\u00e7i halk\u0131m\u0131z\u0131n kazan\u0131mlar\u0131na y\u00f6nelik sald\u0131r\u0131lar\u0131n artarak devam etti\u011fi, en temel hak ve \u00f6zg\u00fcrl\u00fcklerimizin a\u00e7\u0131k\u00e7a tehdit alt\u0131nda oldu\u011fu, ekonomik krizlerle, halk\u0131m\u0131z\u0131n b\u00fcy\u00fck bir cendere i\u00e7ine sokuldu\u011fu, hukuk g\u00fcvenli\u011finin kalmad\u0131\u011f\u0131, hukukun, adaletin, ayaklar alt\u0131na al\u0131nd\u0131\u011f\u0131, demokrasiye darbe yap\u0131ld\u0131\u011f\u0131, haks\u0131zl\u0131klar\u0131n, hukuksuzluklar\u0131n her ge\u00e7en g\u00fcn vicdanlar\u0131 s\u0131zlatt\u0131\u011f\u0131 bir d\u00f6nemde giriyoruz. Art arda gelen siyasi operasyonlar ve demokratik haklara y\u00f6nelik sald\u0131r\u0131lar yaln\u0131zca i\u015f\u00e7i ve emek\u00e7ileri de\u011fil, ba\u015fta \u00fcniversite ve lise gen\u00e7li\u011fi olmak \u00fczere toplumun geni\u015f kesimlerini hedef al\u0131yor.<\/p>\n<p>Halk\u0131n oyuyla se\u00e7ilen belediye ba\u015fkanlar\u0131 hukuksuzca hapse at\u0131larak halk iradesine darbe yap\u0131l\u0131yor. \u00dclkemizin ayd\u0131nlar\u0131, sanat\u00e7\u0131lar\u0131, gazetecileri her g\u00fcn ak\u0131l almaz su\u00e7lamalarla kar\u015f\u0131 kar\u015f\u0131ya kal\u0131yor. \u0130ktidar\u0131n muhalif g\u00f6rd\u00fc\u011f\u00fc herkes potansiyel su\u00e7lu haline gelirken, ortada su\u00e7 olmasa dahi cezadan kurtulam\u0131yor; buna kar\u015f\u0131l\u0131k ger\u00e7ek su\u00e7lular, elini kolunu sallaya sallaya ortada dola\u015f\u0131yor.<\/p>\n<p>A\u00e7l\u0131kla, yoksullukla, bar\u0131nma kriziyle bo\u011fu\u015fan emek\u00e7iler ve emek\u00e7i halk\u0131m\u0131z\u0131n sofras\u0131na koydu\u011fu ekmek her g\u00fcn k\u00fc\u00e7\u00fcl\u00fcyor.<\/p>\n<p>\u00d6rg\u00fctlenme, ifade \u00f6zg\u00fcrl\u00fc\u011f\u00fc \u00f6n\u00fcndeki engeller, hukuksuzluklar emek\u00e7ilerin hak aramas\u0131n\u0131 engelliyor. Grevler, <strong>\u201certeleme\u201d<\/strong> ad\u0131 alt\u0131nda yasaklan\u0131yor. Emek\u00e7ilerin, vergi sistemindeki adaletsizliklere y\u00f6nelik itirazlar\u0131 dikkate al\u0131nm\u0131yor.<\/p>\n<p>\u0130ktidar, i\u015fg\u00fcc\u00fcn\u00fc ucuzlatmak ve i\u015f g\u00fcvencesinden yoksun hale getirmek i\u00e7in k\u0131smi zamanl\u0131 \u00e7al\u0131\u015fma, \u00e7a\u011fr\u0131 \u00fczerine \u00e7al\u0131\u015fma gibi esnek \u00e7al\u0131\u015fma modellerini dayat\u0131yor. K\u0131dem Tazminat\u0131ndaki tavan s\u0131n\u0131rlamas\u0131, tavan\u0131n da memur maa\u015f art\u0131\u015f oran\u0131na g\u00f6re belirlenerek d\u00fc\u015f\u00fck tutulmas\u0131 ile k\u0131dem tazminat\u0131 ad\u0131m ad\u0131m tasfiye ediliyor.<\/p>\n<p>Bizler, emek\u00e7ileri k\u00f6lele\u015ftiren bu uygulamalar\u0131, k\u0131dem tazminat\u0131n\u0131 ortadan kald\u0131ran giri\u015fimleri d\u00fcn de kabul etmedik bug\u00fcn de kabul etmiyoruz, yar\u0131n da kabul etmeyece\u011fiz.<\/p>\n<p><strong>Biz emek\u00e7iler, hayat pahal\u0131l\u0131\u011f\u0131na, yoksullu\u011fa, i\u015fsizli\u011fe, geleceksizli\u011fe mahkum de\u011filiz. <\/strong><\/p>\n<p>Biz emek\u00e7iler, \u00fclkemizin kaynaklar\u0131n\u0131n, \u00fcretti\u011fimiz de\u011ferlerin hepimizi insanca ya\u015fatmaya yetece\u011fini biliyoruz. Biz emek\u00e7iler, \u00fcniversite \u00f6\u011frencileri emek\u00e7i halk\u0131m\u0131zla birlikte \u00fclkemizdeki b\u00fct\u00fcn bu yoksullu\u011fu, yolsuzlu\u011fu, hukuksuzlu\u011fu, e\u015fitsizlikleri, adaletsizlikleri ancak ve ancak laik demokratik cumhuriyete, demokrasiye, adalete sahip \u00e7\u0131kanlar\u0131n, birlikte omuz omuza y\u00fcr\u00fcmesiyle ortadan kald\u0131r\u0131labilece\u011fini biliyoruz.<\/p>\n<p><strong>Biz \u00f6rg\u00fctl\u00fc oldu\u011fumuzda, birlik oldu\u011fumuzda, bizden b\u00fcy\u00fck g\u00fcc\u00fcn olmad\u0131\u011f\u0131n\u0131 biliyoruz. <\/strong><\/p>\n<p><strong>1 May\u0131s, yaln\u0131zca taleplerin dillendirildi\u011fi bir g\u00fcn de\u011fil; emek cephesinin ortak m\u00fccadele hatt\u0131n\u0131 ortaya koydu\u011fu, \u00f6rg\u00fctl\u00fc g\u00fcc\u00fcn\u00fc kitlesel bi\u00e7imde g\u00f6sterdi\u011fi bir g\u00fcnd\u00fcr.<\/strong><\/p>\n<p><strong>Biz emek\u00e7iler, bu olumsuzluklar\u0131 birlikte de\u011fi\u015ftirebiliriz.<\/strong><\/p>\n<p>\u00c7\u00fcnk\u00fc \u00fclkenin ger\u00e7ek sahipleri bizleriz&#8230;<\/p>\n<p>\u00c7\u00fcnk\u00fc biz, bu \u00fclkenin; i\u015f\u00e7ileri, esnaflar\u0131, i\u015fsizleri, \u00e7ift\u00e7ileri, kamu emek\u00e7ileriyiz&#8230;<\/p>\n<p>\u00c7\u00fcnk\u00fc biz,\u00a0halk\u0131z!<\/p>\n<p>Bizler; \u201c<strong>\u0130\u015e, EKMEK, DEMOKRAS\u0130, ADALET VE \u00d6ZG\u00dcRL\u00dcK\u201d <\/strong>i\u00e7in \u00fclkemizde ve d\u00fcnyada bar\u0131\u015f\u0131n, karde\u015fli\u011fin, adaletin ve dayan\u0131\u015fman\u0131n h\u00fck\u00fcm s\u00fcrmesi i\u00e7in m\u00fccadele ediyoruz\u2026<\/p>\n<p>Bizler; demokrasi, \u00f6zg\u00fcrl\u00fck ve adaletin hakim oldu\u011fu bir \u00fclkede insana yak\u0131\u015f\u0131r ko\u015fullarda \u00e7al\u0131\u015fmak ve ya\u015famak istiyoruz.<\/p>\n<p>Bizler; \u00f6zg\u00fcrl\u00fck\u00e7\u00fc, adil ve bar\u0131\u015f i\u00e7inde bir d\u00fcnya, eme\u011fin, demokrasinin, adaletin, bar\u0131\u015f\u0131n, e\u015fitli\u011fin, \u00f6zg\u00fcrl\u00fc\u011f\u00fcn ve karde\u015fli\u011fin egemen oldu\u011fu bir \u00fclke istiyoruz.<\/p>\n<p>Biz Anayasal bar\u0131\u015f\u00e7\u0131l toplu eylem hakk\u0131n\u0131\u00a0kulland\u0131\u011f\u0131 i\u00e7in, gen\u00e7lerimizin cezaland\u0131r\u0131lmad\u0131\u011f\u0131<strong>, <\/strong>\u00e7ocuklar\u0131m\u0131za umutlu onurlu bir gelecek\u00a0b\u0131rakmak i\u00e7in m\u00fccadele ediyoruz.<\/p>\n<p>Bizler insanlar\u0131n g\u00fcnd\u00fczleri s\u00f6m\u00fcr\u00fclmedi\u011fi, geceleri a\u00e7 yatmad\u0131\u011f\u0131, \u00f6zg\u00fcr ve demokratik bir \u00fclke istiyoruz.<\/p>\n<p>Bizler; iktidar g\u00fcc\u00fcn\u00fcn keyfi davran\u0131\u015flar\u0131n\u0131n s\u0131n\u0131rland\u0131r\u0131ld\u0131\u011f\u0131, iktidar\u0131n t\u00fcm eylem ve i\u015flemlerinin yarg\u0131 denetimine tabi tutuldu\u011fu, hukukun \u00fcst\u00fcnl\u00fc\u011f\u00fcn\u00fcn egemen oldu\u011fu laik hukuk devleti istiyoruz.<\/p>\n<p>Bizler; insanlar\u0131n korkmadan d\u00fc\u015f\u00fcnd\u00fcklerini s\u00f6yleyebildi\u011fi, \u00f6zg\u00fcrl\u00fcklerin s\u0131n\u0131r\u0131n\u0131n siyasal iktidarlar taraf\u0131ndan \u00e7izilmedi\u011fi, kad\u0131nlara kar\u015f\u0131 her t\u00fcrl\u00fc ayr\u0131mc\u0131l\u0131\u011f\u0131n \u00f6nlendi\u011fi, bir \u00fclkede ya\u015famak istiyoruz.<\/p>\n<p>Bizler, \u00fcreten, \u00fcretti\u011fini adaletli payla\u015fan, bilimsel \u00e7a\u011fda\u015f e\u011fitimle donanm\u0131\u015f, g\u00fc\u00e7s\u00fcz\u00fc g\u00fc\u00e7l\u00fcye, az\u0131nl\u0131\u011f\u0131 \u00e7o\u011funlu\u011fa kar\u015f\u0131 koruyan, bar\u0131\u015f i\u00e7inde karde\u015f\u00e7e ya\u015fayaca\u011f\u0131m\u0131z d\u00fczen istiyoruz.<\/p>\n<p>\u00d6ZG\u00dcRL\u00dcK, E\u015e\u0130TL\u0130K, ADALET, DEMOKRAS\u0130, BARI\u015e \u0130\u00c7\u0130N,<\/p>\n<p><strong>EKME\u011e\u0130M\u0130Z, GELECE\u011e\u0130M\u0130Z VE \u00dcLKEM\u0130Z \u0130\u00c7\u0130N 1 MAYIS\u2019TA ALANLARDAYIZ<\/strong><\/p>\n<p><strong>KURTULU\u015e YOK TEK BA\u015eINA\u00a0YA HEP BERABER YA H\u0130\u00c7B\u0130R\u0130M\u0130Z!<\/strong><\/p>\n<p>YA\u015eASIN 1 MAYIS B\u0130RL\u0130K, M\u00dcCADELE VE DAYANI\u015eMA G\u00dcN\u00dc!<\/p>\n<p>YA\u015eASIN EMEK\u00c7\u0130LER\u0130N B\u0130RL\u0130\u011e\u0130!<\/p>\n<p>&nbsp;<\/p>\n<p>&nbsp;<\/p>\n<p>&nbsp;<\/p>\n<p>&nbsp;<\/p>\n<p>&nbsp;<\/p>\n<p>&nbsp;<\/p>\n<p>&nbsp;<\/p>\n<p>&nbsp;<\/p>\n<p>&nbsp;<\/p>\n<p>&nbsp;<\/p>\n","protected":false},"excerpt":{"rendered":"<p>DEMOKRAS\u0130, HUKUK, ADALET \u0130\u015e\u00c7\u0130N\u0130N EKME\u011e\u0130D\u0130R\u2026 HUKUK \u0130\u00c7\u0130N, DEMOKRAS\u0130 \u0130\u00c7\u0130N, ADALET \u0130\u00c7\u0130N \u00d6ZG\u00dcRL\u00dcK \u0130\u00c7\u0130N 1 MAYIS\u2019TA ALANLARDAYIZ Bug\u00fcn 1 May\u0131s, i\u015f\u00e7i s\u0131n\u0131f\u0131n\u0131n Birlik, M\u00fccadele ve Dayan\u0131\u015fma G\u00fcn\u00fc. 1 May\u0131s; \u00fclkesi, milliyeti, g\u00f6r\u00fc\u015f\u00fc, dini, mezhebi, mesle\u011fi, cinsiyeti, ya\u015f\u0131 ne olursa olsun b\u00fct\u00fcn i\u015f\u00ad\u00e7ilerin ekmek-bar\u0131\u015f-\u00f6zg\u00fcrl\u00fck ve demokrasi i\u00e7in bir\u00adlikte m\u00fccadele g\u00fcn\u00fcd\u00fcr. 1 May\u0131s, s\u00f6m\u00fcr\u00fcs\u00fcz, bask\u0131s\u0131z, insan onuruna yara\u015f\u0131r [&hellip;]<\/p>\n","protected":false},"author":3,"featured_media":5021,"comment_status":"open","ping_status":"open","sticky":false,"template":"","format":"standard","meta":{"jnews-multi-image_gallery":[],"jnews_single_post":[],"jnews_primary_category":[],"jnews_social_meta":[],"jnews_override_counter":[],"footnotes":""},"categories":[1],"tags":[],"class_list":["post-5020","post","type-post","status-publish","format-standard","has-post-thumbnail","hentry","category-genel"],"_links":{"self":[{"href":"https:\/\/belediyeis.org.tr\/merkez\/wp-json\/wp\/v2\/posts\/5020","targetHints":{"allow":["GET"]}}],"collection":[{"href":"https:\/\/belediyeis.org.tr\/merkez\/wp-json\/wp\/v2\/posts"}],"about":[{"href":"https:\/\/belediyeis.org.tr\/merkez\/wp-json\/wp\/v2\/types\/post"}],"author":[{"embeddable":true,"href":"https:\/\/belediyeis.org.tr\/merkez\/wp-json\/wp\/v2\/users\/3"}],"replies":[{"embeddable":true,"href":"https:\/\/belediyeis.org.tr\/merkez\/wp-json\/wp\/v2\/comments?post=5020"}],"version-history":[{"count":1,"href":"https:\/\/belediyeis.org.tr\/merkez\/wp-json\/wp\/v2\/posts\/5020\/revisions"}],"predecessor-version":[{"id":5022,"href":"https:\/\/belediyeis.org.tr\/merkez\/wp-json\/wp\/v2\/posts\/5020\/revisions\/5022"}],"wp:featuredmedia":[{"embeddable":true,"href":"https:\/\/belediyeis.org.tr\/merkez\/wp-json\/wp\/v2\/media\/5021"}],"wp:attachment":[{"href":"https:\/\/belediyeis.org.tr\/merkez\/wp-json\/wp\/v2\/media?parent=5020"}],"wp:term":[{"taxonomy":"category","embeddable":true,"href":"https:\/\/belediyeis.org.tr\/merkez\/wp-json\/wp\/v2\/categories?post=5020"},{"taxonomy":"post_tag","embeddable":true,"href":"https:\/\/belediyeis.org.tr\/merkez\/wp-json\/wp\/v2\/tags?post=5020"}],"curies":[{"name":"wp","href":"https:\/\/api.w.org\/{rel}","templated":true}]}}