{"id":5016,"date":"2025-04-25T15:27:45","date_gmt":"2025-04-25T12:27:45","guid":{"rendered":"http:\/\/belediyeis.org.tr\/merkez\/?p=5016"},"modified":"2025-04-25T15:27:45","modified_gmt":"2025-04-25T12:27:45","slug":"sendikamiz-manisa-sube-baskani-devrim-dincer-ve-sube-yonetim-kurulu-uyeleri-genel-baskanimiz-nihat-yurdakulu-ziyaret-etti-2","status":"publish","type":"post","link":"https:\/\/belediyeis.org.tr\/merkez\/2025\/04\/25\/sendikamiz-manisa-sube-baskani-devrim-dincer-ve-sube-yonetim-kurulu-uyeleri-genel-baskanimiz-nihat-yurdakulu-ziyaret-etti-2\/","title":{"rendered":"Sendikam\u0131z Manisa \u015eube Ba\u015fkan\u0131 Devrim Din\u00e7er ve \u015eube Y\u00f6netim Kurulu \u00fcyeleri, Genel Ba\u015fkan\u0131m\u0131z Nihat Yurdakul\u2019u ziyaret etti."},"content":{"rendered":"<p>Genel Ba\u015fkan\u0131m\u0131z, yeni se\u00e7ilen Manisa \u015eube y\u00f6netimini tebrik ederek \u00e7al\u0131\u015fmalar\u0131nda ba\u015far\u0131lar diledi.<\/p>\n","protected":false},"excerpt":{"rendered":"<p>Genel Ba\u015fkan\u0131m\u0131z, yeni se\u00e7ilen Manisa \u015eube y\u00f6netimini tebrik ederek \u00e7al\u0131\u015fmalar\u0131nda ba\u015far\u0131lar diledi.<\/p>\n","protected":false},"author":3,"featured_media":5017,"comment_status":"open","ping_status":"open","sticky":false,"template":"","format":"standard","meta":{"jnews-multi-image_gallery":[],"jnews_single_post":[],"jnews_primary_category":[],"jnews_social_meta":[],"jnews_override_counter":[],"footnotes":""},"categories":[1],"tags":[],"class_list":["post-5016","post","type-post","status-publish","format-standard","has-post-thumbnail","hentry","category-genel"],"_links":{"self":[{"href":"https:\/\/belediyeis.org.tr\/merkez\/wp-json\/wp\/v2\/posts\/5016","targetHints":{"allow":["GET"]}}],"collection":[{"href":"https:\/\/belediyeis.org.tr\/merkez\/wp-json\/wp\/v2\/posts"}],"about":[{"href":"https:\/\/belediyeis.org.tr\/merkez\/wp-json\/wp\/v2\/types\/post"}],"author":[{"embeddable":true,"href":"https:\/\/belediyeis.org.tr\/merkez\/wp-json\/wp\/v2\/users\/3"}],"replies":[{"embeddable":true,"href":"https:\/\/belediyeis.org.tr\/merkez\/wp-json\/wp\/v2\/comments?post=5016"}],"version-history":[{"count":1,"href":"https:\/\/belediyeis.org.tr\/merkez\/wp-json\/wp\/v2\/posts\/5016\/revisions"}],"predecessor-version":[{"id":5018,"href":"https:\/\/belediyeis.org.tr\/merkez\/wp-json\/wp\/v2\/posts\/5016\/revisions\/5018"}],"wp:featuredmedia":[{"embeddable":true,"href":"https:\/\/belediyeis.org.tr\/merkez\/wp-json\/wp\/v2\/media\/5017"}],"wp:attachment":[{"href":"https:\/\/belediyeis.org.tr\/merkez\/wp-json\/wp\/v2\/media?parent=5016"}],"wp:term":[{"taxonomy":"category","embeddable":true,"href":"https:\/\/belediyeis.org.tr\/merkez\/wp-json\/wp\/v2\/categories?post=5016"},{"taxonomy":"post_tag","embeddable":true,"href":"https:\/\/belediyeis.org.tr\/merkez\/wp-json\/wp\/v2\/tags?post=5016"}],"curies":[{"name":"wp","href":"https:\/\/api.w.org\/{rel}","templated":true}]}}