{"id":4818,"date":"2025-01-31T13:10:09","date_gmt":"2025-01-31T10:10:09","guid":{"rendered":"https:\/\/belediyeis.org.tr\/merkez\/?p=4818"},"modified":"2025-01-31T14:26:27","modified_gmt":"2025-01-31T11:26:27","slug":"yasadigimiz-sancili-surecte-basta-turk-is-yonetimi-olmak-uzere-tum-konfederasyonlari-sorumluluk-alarak-ses-yukseltmeye-cagiriyoruz","status":"publish","type":"post","link":"https:\/\/belediyeis.org.tr\/merkez\/2025\/01\/31\/yasadigimiz-sancili-surecte-basta-turk-is-yonetimi-olmak-uzere-tum-konfederasyonlari-sorumluluk-alarak-ses-yukseltmeye-cagiriyoruz\/","title":{"rendered":"\u201cYA\u015eADI\u011eIMIZ SANCILI S\u00dcRE\u00c7TE, BA\u015eTA T\u00dcRK-\u0130\u015e Y\u00d6NET\u0130M\u0130 OLMAK \u00dcZERE T\u00dcM KONFEDERASYONLARI SORUMLULUK ALARAK SES Y\u00dcKSELTMEYE \u00c7A\u011eIRIYORUZ\u201d"},"content":{"rendered":"<p>\u00dclkemiz \u00e7ok sanc\u0131l\u0131 bir s\u00fcrecin i\u00e7inden ge\u00e7iyor. Ekonomik krizin y\u0131k\u0131c\u0131 etkileri ve hayat pahal\u0131l\u0131\u011f\u0131 her ge\u00e7en g\u00fcn emek\u00e7ilerin ve emek\u00e7i halk\u0131n belini b\u00fck\u00fcyor. \u0130ktidar\u0131n uygulad\u0131\u011f\u0131 yanl\u0131\u015f politikalar\u0131n faturas\u0131 yine emek\u00e7ilere kesiliyor.<\/p>\n<p>\u00c7ar\u015f\u0131 pazar yang\u0131n yerine d\u00f6nm\u00fc\u015f durumda. Emek\u00e7ilerin sofras\u0131na koydu\u011fu ekmek her g\u00fcn k\u00fc\u00e7\u00fcl\u00fcyor. Okula g\u00f6nderdikleri \u00e7ocuklar\u0131n\u0131n yan\u0131na beslenme, ceplerine har\u00e7l\u0131k koyam\u0131yorlar.<\/p>\n<p>Emekliye, asgari \u00fccretliye reva g\u00f6r\u00fclen \u00fccretlerle b\u0131rak\u0131n yeme\u011fi i\u00e7meyi, T\u00fcrkiye\u2019nin herhangi bir yerinde ev bile tutulam\u0131yor. A\u00e7l\u0131kla, yoksullukla, bar\u0131nma kriziyle bo\u011fu\u015fan emek\u00e7iler ve emek\u00e7i halk\u0131m\u0131z her g\u00fcn u\u00e7urumun kenar\u0131na s\u00fcr\u00fckleniyor.<\/p>\n<p>Bir yandan ekonomik kriz \u00f6te yandan haks\u0131zl\u0131klar, hukuksuzluklar halk\u0131m\u0131z\u0131 b\u00fcy\u00fck bir cendere i\u00e7ine sokuyor. \u00dclkemizin ayd\u0131nlar\u0131, sanat\u00e7\u0131lar\u0131, gazetecileri her g\u00fcn ak\u0131l almaz su\u00e7lamalarla kar\u015f\u0131 kar\u015f\u0131ya kal\u0131yor. \u0130ktidar\u0131n muhalif g\u00f6rd\u00fc\u011f\u00fc herkes potansiyel su\u00e7lu hale gelirken, ortada su\u00e7 olmasa dahi cezadan kurtulam\u0131yor; buna kar\u015f\u0131l\u0131k ger\u00e7ek su\u00e7lular, elini kolunu sallaya sallaya ortada dola\u015f\u0131yor.<\/p>\n<p>Hukuksuzluklar emek\u00e7ilerin hak aramas\u0131na engel yarat\u0131yor. Grevler, \u201certeleme\u201d ad\u0131 alt\u0131nda yasaklan\u0131yor. Emek\u00e7ilerin, vergi sistemindeki adaletsizliklere y\u00f6nelik itirazlar\u0131 dikkate al\u0131nm\u0131yor.<\/p>\n<p>Hukuksuzluklar\u0131n, haks\u0131zl\u0131klar\u0131n her ge\u00e7en g\u00fcn vicdanlar\u0131 s\u0131zlatt\u0131\u011f\u0131 bu ortamda gen\u00e7lerimizin hayalleri ellerinden al\u0131n\u0131yor. Gencecik ayd\u0131nl\u0131k y\u00fcreklere, doktorlara, m\u00fchendislere, alayc\u0131 c\u00fcmlelerle kap\u0131 g\u00f6steriliyor; buna kar\u015f\u0131l\u0131k liyakatsizlik diz boyu s\u00fcr\u00fcyor. \u00dclkemiz insan\u0131 bu \u00a0adaletsizlikler kar\u015f\u0131s\u0131nda birbirine d\u00fc\u015fman, ayr\u0131\u015fm\u0131\u015f, b\u00f6l\u00fcnm\u00fc\u015f vaziyete getiriliyor.<\/p>\n<p>Ya\u015fanan bunca haks\u0131zl\u0131k, hukuksuzluk, a\u00e7l\u0131k, yoksulluk a\u00e7maz\u0131 i\u00e7inde ba\u015fta T\u00fcrkiye\u2019nin en b\u00fcy\u00fck emek \u00f6rg\u00fct\u00fc T\u00fcrk-\u0130\u015f\u2019in y\u00f6netimi olmak \u00fczere Hak-\u0130\u015f ve D\u0130SK, yani en b\u00fcy\u00fck \u00fc\u00e7 i\u015f\u00e7i konfederasyonu, adeta \u00fc\u00e7 maymunu oynuyor.<\/p>\n<p>Sendikalar\u0131n, sivil toplum \u00f6rg\u00fctlerinin en \u00f6nemli g\u00f6revi haks\u0131zl\u0131\u011fa u\u011frayanlar\u0131n yan\u0131nda, haks\u0131zl\u0131\u011f\u0131n kar\u015f\u0131s\u0131nda olmakt\u0131r. Emek\u00e7i halk\u0131n hak ve menfaatlerini koruyup geli\u015ftirmek i\u00e7in demokratik zeminde m\u00fccadele etmek, seslerini y\u00fckseltmek \u00f6rg\u00fctl\u00fc kurumlar\u0131n \u00f6devidir. Bizler \u00fcyelerimizden ald\u0131\u011f\u0131m\u0131z g\u00fcc\u00fc \u00fclkemiz ve toplum yarar\u0131na kullanmak mecburiyetindeyiz.<\/p>\n<p>Yoksullu\u011fun, a\u00e7l\u0131\u011f\u0131n, hukuksuzlu\u011fu, \u00f6zg\u00fcrl\u00fcklerin olmay\u0131\u015f\u0131n\u0131n ba\u015f sorumlusunun \u00fclkeyi y\u00f6neten siyasi iktidar oldu\u011funun elbette ki bilincindeyiz. Ama bug\u00fcn \u00fclkenin geldi\u011fi hali g\u00f6r\u00fcp olup bitenlere kay\u0131ts\u0131z kalan sendikalar ve sivil toplum \u00f6rg\u00fctleri de bir o kadar bu durumdan sorumludur.<\/p>\n<p>Bug\u00fcn\u00fcn r\u00f6ntgenini \u00e7eken tarih, yap\u0131lanlar ve yap\u0131lmayanlar, itiraz edilenler ve edilmeyenler \u00fczerinden ileride kimin ahlakl\u0131 kimin ahlaks\u0131z oldu\u011funu bize en net \u015fekilde g\u00f6sterecektir. \u015eunu unutmamak gerekir ki, hukukun, adaletin, demokrasinin yara ald\u0131\u011f\u0131 bir \u00fclkede emekten de emek\u00e7inin ekonomik ve sosyal haklar\u0131ndan da bahsetmek m\u00fcmk\u00fcn de\u011fildir. \u00dclkemizin i\u00e7inden ge\u00e7ti\u011fi bu sanc\u0131l\u0131 s\u00fcre\u00e7te, ba\u015fta T\u00fcrk-\u0130\u015f y\u00f6netimi olmak \u00fczere Hak-\u0130\u015f, D\u0130SK ve sivil toplum \u00f6rg\u00fctlerini, \u00fcyelerinin, emek\u00e7i halk\u0131n sesi olmaya, \u00fclkede ya\u015fananlara ses y\u00fckseltmeye \u00e7a\u011f\u0131r\u0131yoruz.<\/p>\n<p>&nbsp;<\/p>\n<p>&nbsp;<\/p>\n","protected":false},"excerpt":{"rendered":"<p>\u00dclkemiz \u00e7ok sanc\u0131l\u0131 bir s\u00fcrecin i\u00e7inden ge\u00e7iyor. Ekonomik krizin y\u0131k\u0131c\u0131 etkileri ve hayat pahal\u0131l\u0131\u011f\u0131 her ge\u00e7en g\u00fcn emek\u00e7ilerin ve emek\u00e7i halk\u0131n belini b\u00fck\u00fcyor. \u0130ktidar\u0131n uygulad\u0131\u011f\u0131 yanl\u0131\u015f politikalar\u0131n faturas\u0131 yine emek\u00e7ilere kesiliyor. \u00c7ar\u015f\u0131 pazar yang\u0131n yerine d\u00f6nm\u00fc\u015f durumda. Emek\u00e7ilerin sofras\u0131na koydu\u011fu ekmek her g\u00fcn k\u00fc\u00e7\u00fcl\u00fcyor. Okula g\u00f6nderdikleri \u00e7ocuklar\u0131n\u0131n yan\u0131na beslenme, ceplerine har\u00e7l\u0131k koyam\u0131yorlar. Emekliye, asgari \u00fccretliye [&hellip;]<\/p>\n","protected":false},"author":3,"featured_media":4633,"comment_status":"open","ping_status":"open","sticky":false,"template":"","format":"standard","meta":{"jnews-multi-image_gallery":[],"jnews_single_post":[],"jnews_primary_category":[],"jnews_social_meta":[],"jnews_override_counter":[],"footnotes":""},"categories":[1],"tags":[],"class_list":["post-4818","post","type-post","status-publish","format-standard","has-post-thumbnail","hentry","category-genel"],"_links":{"self":[{"href":"https:\/\/belediyeis.org.tr\/merkez\/wp-json\/wp\/v2\/posts\/4818","targetHints":{"allow":["GET"]}}],"collection":[{"href":"https:\/\/belediyeis.org.tr\/merkez\/wp-json\/wp\/v2\/posts"}],"about":[{"href":"https:\/\/belediyeis.org.tr\/merkez\/wp-json\/wp\/v2\/types\/post"}],"author":[{"embeddable":true,"href":"https:\/\/belediyeis.org.tr\/merkez\/wp-json\/wp\/v2\/users\/3"}],"replies":[{"embeddable":true,"href":"https:\/\/belediyeis.org.tr\/merkez\/wp-json\/wp\/v2\/comments?post=4818"}],"version-history":[{"count":3,"href":"https:\/\/belediyeis.org.tr\/merkez\/wp-json\/wp\/v2\/posts\/4818\/revisions"}],"predecessor-version":[{"id":4821,"href":"https:\/\/belediyeis.org.tr\/merkez\/wp-json\/wp\/v2\/posts\/4818\/revisions\/4821"}],"wp:featuredmedia":[{"embeddable":true,"href":"https:\/\/belediyeis.org.tr\/merkez\/wp-json\/wp\/v2\/media\/4633"}],"wp:attachment":[{"href":"https:\/\/belediyeis.org.tr\/merkez\/wp-json\/wp\/v2\/media?parent=4818"}],"wp:term":[{"taxonomy":"category","embeddable":true,"href":"https:\/\/belediyeis.org.tr\/merkez\/wp-json\/wp\/v2\/categories?post=4818"},{"taxonomy":"post_tag","embeddable":true,"href":"https:\/\/belediyeis.org.tr\/merkez\/wp-json\/wp\/v2\/tags?post=4818"}],"curies":[{"name":"wp","href":"https:\/\/api.w.org\/{rel}","templated":true}]}}