{"id":4007,"date":"2024-02-15T09:41:20","date_gmt":"2024-02-15T06:41:20","guid":{"rendered":"http:\/\/belediyeis.org.tr\/merkez\/?p=4007"},"modified":"2024-02-15T09:42:57","modified_gmt":"2024-02-15T06:42:57","slug":"mugla-bodrum-belediyesinde-genel-baskanimiz-nihat-yurdakulun-katilimiyla-toplu-sozlesme-imzaladik","status":"publish","type":"post","link":"https:\/\/belediyeis.org.tr\/merkez\/2024\/02\/15\/mugla-bodrum-belediyesinde-genel-baskanimiz-nihat-yurdakulun-katilimiyla-toplu-sozlesme-imzaladik\/","title":{"rendered":"Mu\u011fla Bodrum Belediyesi&#8217;nde Genel Ba\u015fkan\u0131m\u0131z Nihat Yurdakul\u2019un Kat\u0131l\u0131m\u0131yla Toplu S\u00f6zle\u015fme \u0130mzalad\u0131k."},"content":{"rendered":"<div class=\"xdj266r x11i5rnm xat24cr x1mh8g0r x1vvkbs x126k92a\">\n<div dir=\"auto\">\n<div id='gallery_1' class='gallery galleryid-4007 gallery-columns-3 gallery-size-full'><figure class='gallery-item'>\n                <div class='gallery-icon landscape'>\n                    <a href='https:\/\/belediyeis.org.tr\/merkez\/wp-content\/uploads\/2024\/02\/WhatsApp-Image-2024-02-14-at-17.12.09-12-rotated.jpeg'><img fetchpriority=\"high\" decoding=\"async\" width=\"1024\" height=\"768\" src=\"\" class=\"attachment-full size-full lazyload\" alt=\"\" data-src=\"https:\/\/belediyeis.org.tr\/merkez\/wp-content\/uploads\/2024\/02\/WhatsApp-Image-2024-02-14-at-17.12.09-12-rotated.jpeg\" data-sizes=\"auto\" data-srcset=\"https:\/\/belediyeis.org.tr\/merkez\/wp-content\/uploads\/2024\/02\/WhatsApp-Image-2024-02-14-at-17.12.09-12-rotated.jpeg 1024w, https:\/\/belediyeis.org.tr\/merkez\/wp-content\/uploads\/2024\/02\/WhatsApp-Image-2024-02-14-at-17.12.09-12-300x225.jpeg 300w, https:\/\/belediyeis.org.tr\/merkez\/wp-content\/uploads\/2024\/02\/WhatsApp-Image-2024-02-14-at-17.12.09-12-768x576.jpeg 768w, https:\/\/belediyeis.org.tr\/merkez\/wp-content\/uploads\/2024\/02\/WhatsApp-Image-2024-02-14-at-17.12.09-12-750x563.jpeg 750w\" data-expand=\"700\" \/><\/a>\n                <\/div><\/figure><figure class='gallery-item'>\n                <div class='gallery-icon portrait'>\n                    <a href='https:\/\/belediyeis.org.tr\/merkez\/wp-content\/uploads\/2024\/02\/WhatsApp-Image-2024-02-14-at-17.12.09-13.jpeg'><img decoding=\"async\" width=\"768\" height=\"1024\" src=\"\" class=\"attachment-full size-full lazyload\" alt=\"\" data-src=\"https:\/\/belediyeis.org.tr\/merkez\/wp-content\/uploads\/2024\/02\/WhatsApp-Image-2024-02-14-at-17.12.09-13.jpeg\" data-sizes=\"auto\" data-srcset=\"https:\/\/belediyeis.org.tr\/merkez\/wp-content\/uploads\/2024\/02\/WhatsApp-Image-2024-02-14-at-17.12.09-13.jpeg 768w, https:\/\/belediyeis.org.tr\/merkez\/wp-content\/uploads\/2024\/02\/WhatsApp-Image-2024-02-14-at-17.12.09-13-225x300.jpeg 225w, https:\/\/belediyeis.org.tr\/merkez\/wp-content\/uploads\/2024\/02\/WhatsApp-Image-2024-02-14-at-17.12.09-13-750x1000.jpeg 750w\" data-expand=\"700\" \/><\/a>\n                <\/div><\/figure><figure class='gallery-item'>\n                <div class='gallery-icon landscape'>\n                    <a href='https:\/\/belediyeis.org.tr\/merkez\/wp-content\/uploads\/2024\/02\/WhatsApp-Image-2024-02-14-at-17.10.57-rotated.jpeg'><img decoding=\"async\" width=\"1024\" height=\"768\" src=\"\" class=\"attachment-full size-full lazyload\" alt=\"\" data-src=\"https:\/\/belediyeis.org.tr\/merkez\/wp-content\/uploads\/2024\/02\/WhatsApp-Image-2024-02-14-at-17.10.57-rotated.jpeg\" data-sizes=\"auto\" data-srcset=\"https:\/\/belediyeis.org.tr\/merkez\/wp-content\/uploads\/2024\/02\/WhatsApp-Image-2024-02-14-at-17.10.57-rotated.jpeg 1024w, https:\/\/belediyeis.org.tr\/merkez\/wp-content\/uploads\/2024\/02\/WhatsApp-Image-2024-02-14-at-17.10.57-300x225.jpeg 300w, https:\/\/belediyeis.org.tr\/merkez\/wp-content\/uploads\/2024\/02\/WhatsApp-Image-2024-02-14-at-17.10.57-768x576.jpeg 768w, https:\/\/belediyeis.org.tr\/merkez\/wp-content\/uploads\/2024\/02\/WhatsApp-Image-2024-02-14-at-17.10.57-750x563.jpeg 750w\" data-expand=\"700\" \/><\/a>\n                <\/div><\/figure><br style=\"clear: both\" \/><figure class='gallery-item'>\n                <div class='gallery-icon landscape'>\n                    <a href='https:\/\/belediyeis.org.tr\/merkez\/wp-content\/uploads\/2024\/02\/WhatsApp-Image-2024-02-14-at-17.11.12-10-rotated.jpeg'><img loading=\"lazy\" decoding=\"async\" width=\"1024\" height=\"768\" src=\"\" class=\"attachment-full size-full lazyload\" alt=\"\" data-src=\"https:\/\/belediyeis.org.tr\/merkez\/wp-content\/uploads\/2024\/02\/WhatsApp-Image-2024-02-14-at-17.11.12-10-rotated.jpeg\" data-sizes=\"auto\" data-srcset=\"https:\/\/belediyeis.org.tr\/merkez\/wp-content\/uploads\/2024\/02\/WhatsApp-Image-2024-02-14-at-17.11.12-10-rotated.jpeg 1024w, https:\/\/belediyeis.org.tr\/merkez\/wp-content\/uploads\/2024\/02\/WhatsApp-Image-2024-02-14-at-17.11.12-10-300x225.jpeg 300w, https:\/\/belediyeis.org.tr\/merkez\/wp-content\/uploads\/2024\/02\/WhatsApp-Image-2024-02-14-at-17.11.12-10-768x576.jpeg 768w, https:\/\/belediyeis.org.tr\/merkez\/wp-content\/uploads\/2024\/02\/WhatsApp-Image-2024-02-14-at-17.11.12-10-750x563.jpeg 750w\" data-expand=\"700\" \/><\/a>\n                <\/div><\/figure><figure class='gallery-item'>\n                <div class='gallery-icon landscape'>\n                    <a href='https:\/\/belediyeis.org.tr\/merkez\/wp-content\/uploads\/2024\/02\/WhatsApp-Image-2024-02-14-at-17.11.12-12-rotated.jpeg'><img loading=\"lazy\" decoding=\"async\" width=\"1024\" height=\"768\" src=\"\" class=\"attachment-full size-full lazyload\" alt=\"\" data-src=\"https:\/\/belediyeis.org.tr\/merkez\/wp-content\/uploads\/2024\/02\/WhatsApp-Image-2024-02-14-at-17.11.12-12-rotated.jpeg\" data-sizes=\"auto\" data-srcset=\"https:\/\/belediyeis.org.tr\/merkez\/wp-content\/uploads\/2024\/02\/WhatsApp-Image-2024-02-14-at-17.11.12-12-rotated.jpeg 1024w, https:\/\/belediyeis.org.tr\/merkez\/wp-content\/uploads\/2024\/02\/WhatsApp-Image-2024-02-14-at-17.11.12-12-300x225.jpeg 300w, https:\/\/belediyeis.org.tr\/merkez\/wp-content\/uploads\/2024\/02\/WhatsApp-Image-2024-02-14-at-17.11.12-12-768x576.jpeg 768w, https:\/\/belediyeis.org.tr\/merkez\/wp-content\/uploads\/2024\/02\/WhatsApp-Image-2024-02-14-at-17.11.12-12-750x563.jpeg 750w\" data-expand=\"700\" \/><\/a>\n                <\/div><\/figure><figure class='gallery-item'>\n                <div class='gallery-icon landscape'>\n                    <a href='https:\/\/belediyeis.org.tr\/merkez\/wp-content\/uploads\/2024\/02\/WhatsApp-Image-2024-02-14-at-17.11.12-17-rotated.jpeg'><img loading=\"lazy\" decoding=\"async\" width=\"1024\" height=\"768\" src=\"\" class=\"attachment-full size-full lazyload\" alt=\"\" data-src=\"https:\/\/belediyeis.org.tr\/merkez\/wp-content\/uploads\/2024\/02\/WhatsApp-Image-2024-02-14-at-17.11.12-17-rotated.jpeg\" data-sizes=\"auto\" data-srcset=\"https:\/\/belediyeis.org.tr\/merkez\/wp-content\/uploads\/2024\/02\/WhatsApp-Image-2024-02-14-at-17.11.12-17-rotated.jpeg 1024w, https:\/\/belediyeis.org.tr\/merkez\/wp-content\/uploads\/2024\/02\/WhatsApp-Image-2024-02-14-at-17.11.12-17-300x225.jpeg 300w, https:\/\/belediyeis.org.tr\/merkez\/wp-content\/uploads\/2024\/02\/WhatsApp-Image-2024-02-14-at-17.11.12-17-768x576.jpeg 768w, https:\/\/belediyeis.org.tr\/merkez\/wp-content\/uploads\/2024\/02\/WhatsApp-Image-2024-02-14-at-17.11.12-17-750x563.jpeg 750w\" data-expand=\"700\" \/><\/a>\n                <\/div><\/figure><br style=\"clear: both\" \/><figure class='gallery-item'>\n                <div class='gallery-icon landscape'>\n                    <a href='https:\/\/belediyeis.org.tr\/merkez\/wp-content\/uploads\/2024\/02\/WhatsApp-Image-2024-02-14-at-17.11.12-18-rotated.jpeg'><img loading=\"lazy\" decoding=\"async\" width=\"1024\" height=\"768\" src=\"\" class=\"attachment-full size-full lazyload\" alt=\"\" data-src=\"https:\/\/belediyeis.org.tr\/merkez\/wp-content\/uploads\/2024\/02\/WhatsApp-Image-2024-02-14-at-17.11.12-18-rotated.jpeg\" data-sizes=\"auto\" data-srcset=\"https:\/\/belediyeis.org.tr\/merkez\/wp-content\/uploads\/2024\/02\/WhatsApp-Image-2024-02-14-at-17.11.12-18-rotated.jpeg 1024w, https:\/\/belediyeis.org.tr\/merkez\/wp-content\/uploads\/2024\/02\/WhatsApp-Image-2024-02-14-at-17.11.12-18-300x225.jpeg 300w, https:\/\/belediyeis.org.tr\/merkez\/wp-content\/uploads\/2024\/02\/WhatsApp-Image-2024-02-14-at-17.11.12-18-768x576.jpeg 768w, https:\/\/belediyeis.org.tr\/merkez\/wp-content\/uploads\/2024\/02\/WhatsApp-Image-2024-02-14-at-17.11.12-18-750x563.jpeg 750w\" data-expand=\"700\" \/><\/a>\n                <\/div><\/figure><figure class='gallery-item'>\n                <div class='gallery-icon landscape'>\n                    <a href='https:\/\/belediyeis.org.tr\/merkez\/wp-content\/uploads\/2024\/02\/WhatsApp-Image-2024-02-14-at-17.11.12-20-rotated.jpeg'><img loading=\"lazy\" decoding=\"async\" width=\"1024\" height=\"768\" src=\"\" class=\"attachment-full size-full lazyload\" alt=\"\" data-src=\"https:\/\/belediyeis.org.tr\/merkez\/wp-content\/uploads\/2024\/02\/WhatsApp-Image-2024-02-14-at-17.11.12-20-rotated.jpeg\" data-sizes=\"auto\" data-srcset=\"https:\/\/belediyeis.org.tr\/merkez\/wp-content\/uploads\/2024\/02\/WhatsApp-Image-2024-02-14-at-17.11.12-20-rotated.jpeg 1024w, https:\/\/belediyeis.org.tr\/merkez\/wp-content\/uploads\/2024\/02\/WhatsApp-Image-2024-02-14-at-17.11.12-20-300x225.jpeg 300w, https:\/\/belediyeis.org.tr\/merkez\/wp-content\/uploads\/2024\/02\/WhatsApp-Image-2024-02-14-at-17.11.12-20-768x576.jpeg 768w, https:\/\/belediyeis.org.tr\/merkez\/wp-content\/uploads\/2024\/02\/WhatsApp-Image-2024-02-14-at-17.11.12-20-750x563.jpeg 750w\" data-expand=\"700\" \/><\/a>\n                <\/div><\/figure><figure class='gallery-item'>\n                <div class='gallery-icon landscape'>\n                    <a href='https:\/\/belediyeis.org.tr\/merkez\/wp-content\/uploads\/2024\/02\/WhatsApp-Image-2024-02-14-at-17.11.13-1-rotated.jpeg'><img loading=\"lazy\" decoding=\"async\" width=\"1024\" height=\"768\" src=\"\" class=\"attachment-full size-full lazyload\" alt=\"\" data-src=\"https:\/\/belediyeis.org.tr\/merkez\/wp-content\/uploads\/2024\/02\/WhatsApp-Image-2024-02-14-at-17.11.13-1-rotated.jpeg\" data-sizes=\"auto\" data-srcset=\"https:\/\/belediyeis.org.tr\/merkez\/wp-content\/uploads\/2024\/02\/WhatsApp-Image-2024-02-14-at-17.11.13-1-rotated.jpeg 1024w, https:\/\/belediyeis.org.tr\/merkez\/wp-content\/uploads\/2024\/02\/WhatsApp-Image-2024-02-14-at-17.11.13-1-300x225.jpeg 300w, https:\/\/belediyeis.org.tr\/merkez\/wp-content\/uploads\/2024\/02\/WhatsApp-Image-2024-02-14-at-17.11.13-1-768x576.jpeg 768w, https:\/\/belediyeis.org.tr\/merkez\/wp-content\/uploads\/2024\/02\/WhatsApp-Image-2024-02-14-at-17.11.13-1-750x563.jpeg 750w\" data-expand=\"700\" \/><\/a>\n                <\/div><\/figure><br style=\"clear: both\" \/><figure class='gallery-item'>\n                <div class='gallery-icon landscape'>\n                    <a href='https:\/\/belediyeis.org.tr\/merkez\/wp-content\/uploads\/2024\/02\/WhatsApp-Image-2024-02-14-at-17.12.09-2-rotated.jpeg'><img loading=\"lazy\" decoding=\"async\" width=\"1024\" height=\"768\" src=\"\" class=\"attachment-full size-full lazyload\" alt=\"\" data-src=\"https:\/\/belediyeis.org.tr\/merkez\/wp-content\/uploads\/2024\/02\/WhatsApp-Image-2024-02-14-at-17.12.09-2-rotated.jpeg\" data-sizes=\"auto\" data-srcset=\"https:\/\/belediyeis.org.tr\/merkez\/wp-content\/uploads\/2024\/02\/WhatsApp-Image-2024-02-14-at-17.12.09-2-rotated.jpeg 1024w, https:\/\/belediyeis.org.tr\/merkez\/wp-content\/uploads\/2024\/02\/WhatsApp-Image-2024-02-14-at-17.12.09-2-300x225.jpeg 300w, https:\/\/belediyeis.org.tr\/merkez\/wp-content\/uploads\/2024\/02\/WhatsApp-Image-2024-02-14-at-17.12.09-2-768x576.jpeg 768w, https:\/\/belediyeis.org.tr\/merkez\/wp-content\/uploads\/2024\/02\/WhatsApp-Image-2024-02-14-at-17.12.09-2-750x563.jpeg 750w\" data-expand=\"700\" \/><\/a>\n                <\/div><\/figure><figure class='gallery-item'>\n                <div class='gallery-icon landscape'>\n                    <a href='https:\/\/belediyeis.org.tr\/merkez\/wp-content\/uploads\/2024\/02\/WhatsApp-Image-2024-02-14-at-17.12.09-5-rotated.jpeg'><img loading=\"lazy\" decoding=\"async\" width=\"1024\" height=\"768\" src=\"\" class=\"attachment-full size-full lazyload\" alt=\"\" data-src=\"https:\/\/belediyeis.org.tr\/merkez\/wp-content\/uploads\/2024\/02\/WhatsApp-Image-2024-02-14-at-17.12.09-5-rotated.jpeg\" data-sizes=\"auto\" data-srcset=\"https:\/\/belediyeis.org.tr\/merkez\/wp-content\/uploads\/2024\/02\/WhatsApp-Image-2024-02-14-at-17.12.09-5-rotated.jpeg 1024w, https:\/\/belediyeis.org.tr\/merkez\/wp-content\/uploads\/2024\/02\/WhatsApp-Image-2024-02-14-at-17.12.09-5-300x225.jpeg 300w, https:\/\/belediyeis.org.tr\/merkez\/wp-content\/uploads\/2024\/02\/WhatsApp-Image-2024-02-14-at-17.12.09-5-768x576.jpeg 768w, https:\/\/belediyeis.org.tr\/merkez\/wp-content\/uploads\/2024\/02\/WhatsApp-Image-2024-02-14-at-17.12.09-5-750x563.jpeg 750w\" data-expand=\"700\" \/><\/a>\n                <\/div><\/figure><figure class='gallery-item'>\n                <div class='gallery-icon landscape'>\n                    <a href='https:\/\/belediyeis.org.tr\/merkez\/wp-content\/uploads\/2024\/02\/WhatsApp-Image-2024-02-14-at-17.12.09-7-1-rotated.jpeg'><img loading=\"lazy\" decoding=\"async\" width=\"1024\" height=\"768\" src=\"\" class=\"attachment-full size-full lazyload\" alt=\"\" data-src=\"https:\/\/belediyeis.org.tr\/merkez\/wp-content\/uploads\/2024\/02\/WhatsApp-Image-2024-02-14-at-17.12.09-7-1-rotated.jpeg\" data-sizes=\"auto\" data-srcset=\"https:\/\/belediyeis.org.tr\/merkez\/wp-content\/uploads\/2024\/02\/WhatsApp-Image-2024-02-14-at-17.12.09-7-1-rotated.jpeg 1024w, https:\/\/belediyeis.org.tr\/merkez\/wp-content\/uploads\/2024\/02\/WhatsApp-Image-2024-02-14-at-17.12.09-7-1-300x225.jpeg 300w, https:\/\/belediyeis.org.tr\/merkez\/wp-content\/uploads\/2024\/02\/WhatsApp-Image-2024-02-14-at-17.12.09-7-1-768x576.jpeg 768w, https:\/\/belediyeis.org.tr\/merkez\/wp-content\/uploads\/2024\/02\/WhatsApp-Image-2024-02-14-at-17.12.09-7-1-750x563.jpeg 750w\" data-expand=\"700\" \/><\/a>\n                <\/div><\/figure><br style=\"clear: both\" \/><figure class='gallery-item'>\n                <div class='gallery-icon landscape'>\n                    <a href='https:\/\/belediyeis.org.tr\/merkez\/wp-content\/uploads\/2024\/02\/WhatsApp-Image-2024-02-14-at-17.12.09-11-rotated.jpeg'><img loading=\"lazy\" decoding=\"async\" width=\"1024\" height=\"768\" src=\"\" class=\"attachment-full size-full lazyload\" alt=\"\" data-src=\"https:\/\/belediyeis.org.tr\/merkez\/wp-content\/uploads\/2024\/02\/WhatsApp-Image-2024-02-14-at-17.12.09-11-rotated.jpeg\" data-sizes=\"auto\" data-srcset=\"https:\/\/belediyeis.org.tr\/merkez\/wp-content\/uploads\/2024\/02\/WhatsApp-Image-2024-02-14-at-17.12.09-11-rotated.jpeg 1024w, https:\/\/belediyeis.org.tr\/merkez\/wp-content\/uploads\/2024\/02\/WhatsApp-Image-2024-02-14-at-17.12.09-11-300x225.jpeg 300w, https:\/\/belediyeis.org.tr\/merkez\/wp-content\/uploads\/2024\/02\/WhatsApp-Image-2024-02-14-at-17.12.09-11-768x576.jpeg 768w, https:\/\/belediyeis.org.tr\/merkez\/wp-content\/uploads\/2024\/02\/WhatsApp-Image-2024-02-14-at-17.12.09-11-750x563.jpeg 750w\" data-expand=\"700\" \/><\/a>\n                <\/div><\/figure>\n                <br style='clear: both' \/>\n            <\/div>\n\n<p>\u00dcyelerimizin aileleriyle yo\u011fun bir kat\u0131l\u0131m g\u00f6sterdikleri toplu s\u00f6zle\u015fme t\u00f6renine, Bodrum Belediye Ba\u015fkan\u0131 Say\u0131n Ahmet Aras ile birlikte Bodrum Belediye Ba\u015fkan Aday\u0131 Say\u0131n Tamer Mandalinci, belediye yetkilileri, sendikam\u0131z Toplu \u0130\u015f S\u00f6zle\u015fmeleri Genel Sekreteri G\u00fcney Demirda\u015f, Genel Disiplin Kurulu Raport\u00f6r\u00fc Cem \u00d6zer, Mu\u011fla \u015eube Ba\u015fkan\u0131 Ender Akbay ve \u015eube y\u00f6neticileri kat\u0131ld\u0131lar.<\/p>\n<\/div>\n<\/div>\n<div class=\"x11i5rnm xat24cr x1mh8g0r x1vvkbs xtlvy1s x126k92a\">\n<div dir=\"auto\">Toplu s\u00f6zle\u015fme t\u00f6reninde konu\u015fan Genel Ba\u015fkan\u0131m\u0131z Nihat Yurdakul: &#8220;Arkada\u015flar s\u00f6zlerime ba\u015flamadan \u00f6nce Erzincan\u2019daki madende meydana gelen g\u00f6\u00e7\u00fckte mahsur kalan emek\u00e7ilerin sa\u011f salim kurtulmalar\u0131n\u0131 temenni ediyorum. Ger\u00e7ekten ac\u0131 bir durum. Ne yaz\u0131k ki \u00fclkemizde rant, emekten al\u0131n terinden \u00f6nce geliyor.&#8221; dedi.<\/div>\n<\/div>\n<div class=\"x11i5rnm xat24cr x1mh8g0r x1vvkbs xtlvy1s x126k92a\">\n<div dir=\"auto\">Genel Ba\u015fkan\u0131m\u0131z: &#8220;Biz bir emek \u00f6rg\u00fct\u00fcy\u00fcz, \u00fcreten ve hizmet eden biziz ama maalesef T\u00fcrkiye\u2019nin her yerinde kaynaklar\u0131m\u0131z\u0131 birileri hortumluyor. Bu sistem emekten yana de\u011fil.<\/div>\n<div dir=\"auto\">T\u00fcrkiye\u2019de demokrasi, adalet, \u00f6zg\u00fcrl\u00fck yok. Olmamas\u0131 bizim zarar\u0131m\u0131za, rant\u00e7\u0131lar\u0131n ise yarar\u0131na i\u015fliyor.Ancak \u00fcz\u00fclerek s\u00f6yl\u00fcyorum ki bu d\u00fczenin de\u011firmenine biz emek\u00e7iler su ta\u015f\u0131yoruz. \u00d6nlem almazsak bu sistem bizim \u00e7ocuklar\u0131m\u0131z\u0131, torunlar\u0131m\u0131z\u0131 ezecek, yok edecek. Toplu s\u00f6zle\u015fmemiz ekmek kadar , su kadar, hava kadar k\u0131ymetli diyoruz ya, demokrasi, adalet, \u00f6zg\u00fcrl\u00fck bunlardan daha k\u0131ymetli. Bunlar yoksa bize nefes ald\u0131rmazlar. Bunun i\u00e7in demokrasi, \u00f6zg\u00fcrl\u00fck, adalet sa\u011flayaca\u011f\u0131z. Sizin burada emekten yana bir Ba\u015fkan\u0131n\u0131z var. Say\u0131n Ba\u015fkan\u0131ma ve bu toplu s\u00f6zle\u015fmede eme\u011fi ge\u00e7en herkese te\u015fekk\u00fcr ediyorum&#8221; diyerek s\u00f6zlerini tamamlad\u0131.<\/div>\n<\/div>\n<div class=\"x11i5rnm xat24cr x1mh8g0r x1vvkbs xtlvy1s x126k92a\">\n<div dir=\"auto\">Bodrum Belediye Ba\u015fkan\u0131 Ahmet Aras da yapt\u0131\u011f\u0131 konu\u015fmada:<\/div>\n<div dir=\"auto\">&#8220;\u00dclkede ekonomik \u015fartlar nedeniyle kimse ald\u0131\u011f\u0131 \u00fccretle ge\u00e7inemiyor. Bu iktidar\u0131n getirdi\u011fi en b\u00fcy\u00fck tahribat, orta gelir grubunda ya\u015fan\u0131yor.<\/div>\n<div dir=\"auto\">\u015eimdi darbo\u011fazdan ge\u00e7iyoruz. \u0130lk fatura emek\u00e7iye kesiliyor. Hamuduyla g\u00f6t\u00fcrenlere hi\u00e7bir \u015fey yok. Vergiler siliniyor, bankalardan kredi veriliyor. Devletin arazileri, k\u0131y\u0131lar\u0131 pe\u015fke\u015f \u00e7ekiliyor ama asgari \u00fccrete zam gelece\u011fi zaman k\u0131rk kere hesap yap\u0131l\u0131yor.&#8221; dedi.<\/div>\n<\/div>\n<div class=\"x11i5rnm xat24cr x1mh8g0r x1vvkbs xtlvy1s x126k92a\">\n<div dir=\"auto\">Aras, konu\u015fmas\u0131n\u0131n sonunda toplu s\u00f6zle\u015fmenin \u00fcyelerimize ve ailelerine hay\u0131rl\u0131 u\u011furlu olmas\u0131n\u0131 diledi.<\/div>\n<\/div>\n","protected":false},"excerpt":{"rendered":"<p>\u00dcyelerimizin aileleriyle yo\u011fun bir kat\u0131l\u0131m g\u00f6sterdikleri toplu s\u00f6zle\u015fme t\u00f6renine, Bodrum Belediye Ba\u015fkan\u0131 Say\u0131n Ahmet Aras ile birlikte Bodrum Belediye Ba\u015fkan Aday\u0131 Say\u0131n Tamer Mandalinci, belediye yetkilileri, sendikam\u0131z Toplu \u0130\u015f S\u00f6zle\u015fmeleri Genel Sekreteri G\u00fcney Demirda\u015f, Genel Disiplin Kurulu Raport\u00f6r\u00fc Cem \u00d6zer, Mu\u011fla \u015eube Ba\u015fkan\u0131 Ender Akbay ve \u015eube y\u00f6neticileri kat\u0131ld\u0131lar. Toplu s\u00f6zle\u015fme t\u00f6reninde konu\u015fan Genel Ba\u015fkan\u0131m\u0131z [&hellip;]<\/p>\n","protected":false},"author":4,"featured_media":4010,"comment_status":"open","ping_status":"open","sticky":false,"template":"","format":"standard","meta":{"jnews-multi-image_gallery":[],"jnews_single_post":{"source_name":"","source_url":"","via_name":"","via_url":"","override_template":"0","override":[{"template":"1","single_blog_custom":"","parallax":"1","fullscreen":"1","layout":"right-sidebar","sidebar":"default-sidebar","second_sidebar":"default-sidebar","sticky_sidebar":"1","share_position":"top","share_float_style":"share-monocrhome","show_share_counter":"1","show_view_counter":"1","show_featured":"1","show_post_meta":"1","show_post_author":"1","show_post_author_image":"1","show_post_date":"1","post_date_format":"default","post_date_format_custom":"Y\/m\/d","show_post_category":"1","show_post_reading_time":"0","post_reading_time_wpm":"300","show_zoom_button":"0","zoom_button_out_step":"2","zoom_button_in_step":"3","show_post_tag":"1","show_prev_next_post":"1","show_popup_post":"1","number_popup_post":"1","show_author_box":"0","show_post_related":"0","show_inline_post_related":"0"}],"override_image_size":"0","image_override":[{"single_post_thumbnail_size":"crop-500","single_post_gallery_size":"crop-500"}],"trending_post":"0","trending_post_position":"meta","trending_post_label":"Trending","sponsored_post":"0","sponsored_post_label":"Sponsored by","sponsored_post_name":"","sponsored_post_url":"","sponsored_post_logo_enable":"0","sponsored_post_logo":"","sponsored_post_desc":"","disable_ad":"0"},"jnews_primary_category":{"id":""},"jnews_social_meta":{"fb_title":"","fb_description":"","fb_image":"","twitter_title":"","twitter_description":"","twitter_image":""},"jnews_override_counter":{"override_view_counter":"0","view_counter_number":"0","override_share_counter":"0","share_counter_number":"0","override_like_counter":"0","like_counter_number":"0","override_dislike_counter":"0","dislike_counter_number":"0"},"footnotes":""},"categories":[1],"tags":[117],"class_list":["post-4007","post","type-post","status-publish","format-standard","has-post-thumbnail","hentry","category-genel","tag-toplu-sozlesme"],"_links":{"self":[{"href":"https:\/\/belediyeis.org.tr\/merkez\/wp-json\/wp\/v2\/posts\/4007","targetHints":{"allow":["GET"]}}],"collection":[{"href":"https:\/\/belediyeis.org.tr\/merkez\/wp-json\/wp\/v2\/posts"}],"about":[{"href":"https:\/\/belediyeis.org.tr\/merkez\/wp-json\/wp\/v2\/types\/post"}],"author":[{"embeddable":true,"href":"https:\/\/belediyeis.org.tr\/merkez\/wp-json\/wp\/v2\/users\/4"}],"replies":[{"embeddable":true,"href":"https:\/\/belediyeis.org.tr\/merkez\/wp-json\/wp\/v2\/comments?post=4007"}],"version-history":[{"count":3,"href":"https:\/\/belediyeis.org.tr\/merkez\/wp-json\/wp\/v2\/posts\/4007\/revisions"}],"predecessor-version":[{"id":4025,"href":"https:\/\/belediyeis.org.tr\/merkez\/wp-json\/wp\/v2\/posts\/4007\/revisions\/4025"}],"wp:featuredmedia":[{"embeddable":true,"href":"https:\/\/belediyeis.org.tr\/merkez\/wp-json\/wp\/v2\/media\/4010"}],"wp:attachment":[{"href":"https:\/\/belediyeis.org.tr\/merkez\/wp-json\/wp\/v2\/media?parent=4007"}],"wp:term":[{"taxonomy":"category","embeddable":true,"href":"https:\/\/belediyeis.org.tr\/merkez\/wp-json\/wp\/v2\/categories?post=4007"},{"taxonomy":"post_tag","embeddable":true,"href":"https:\/\/belediyeis.org.tr\/merkez\/wp-json\/wp\/v2\/tags?post=4007"}],"curies":[{"name":"wp","href":"https:\/\/api.w.org\/{rel}","templated":true}]}}