{"id":2824,"date":"2018-11-13T16:03:31","date_gmt":"2018-11-13T13:03:31","guid":{"rendered":"http:\/\/belediyeis.org.tr\/merkez\/?p=2824"},"modified":"2022-04-11T16:05:41","modified_gmt":"2022-04-11T13:05:41","slug":"basindan-www-hurriyet-com-tr-gecici-iscilik-9-ay-29-gune-cikarilmali","status":"publish","type":"post","link":"https:\/\/belediyeis.org.tr\/merkez\/2018\/11\/13\/basindan-www-hurriyet-com-tr-gecici-iscilik-9-ay-29-gune-cikarilmali\/","title":{"rendered":"Bas\u0131ndan &#8211; www.hurriyet.com.tr &#8211; Ge\u00e7ici i\u015f\u00e7ilik 9 ay 29 g\u00fcne \u00e7\u0131kar\u0131lmal\u0131"},"content":{"rendered":"<p style=\"text-align: justify;\">T\u00fcrk-\u0130\u015f Genel Ba\u015fkan\u0131 Erg\u00fcn Atalay, &#8220;Belediye ve il \u00f6zel idarelerinde 5 ay 29 g\u00fcn \u00e7al\u0131\u015fan i\u015f\u00e7ilerimizin \u00e7al\u0131\u015fma s\u00fcrelerinin 9 ay 29 g\u00fcne kadar y\u00fckseltilmesi i\u00e7in yasal d\u00fczenleme yap\u0131lmas\u0131 gerekiyor. Yakla\u015f\u0131k 7 bin ge\u00e7ici i\u015f\u00e7i, bu konuda somut ad\u0131m at\u0131lmas\u0131n\u0131 bekliyor.&#8221; dedi.<\/p>\n<p style=\"text-align: justify;\">ATALAY, T\u00fcrk-\u0130\u015f Genel Mali Sekreteri Ramazan A\u011far ve Genel Te\u015fkilatland\u0131rma Sekreteri Ey\u00fcp Alemdar ile belediye ve il \u00f6zel idarelerinde 5 ay 29 g\u00fcn \u00e7al\u0131\u015fan bir grup ge\u00e7ici i\u015f\u00e7iyi T\u00fcrk-\u0130\u015f Genel Merkezi&#8217;nde kabul etti.<\/p>\n<p style=\"text-align: justify;\">\u0130\u015f\u00e7ilerin sorun ve taleplerini dinleyen Atalay, \u015funlar\u0131 s\u00f6yledi:<\/p>\n<p style=\"text-align: justify;\">&#8220;Ge\u00e7en y\u0131l \u00e7\u0131kan 696 Say\u0131l\u0131 Kanun H\u00fckm\u00fcnde Kararnamenin 106. maddesinin 3. f\u0131kras\u0131nda yer alan kurumlarda 5 ay 29 g\u00fcn \u00e7al\u0131\u015fan i\u015f\u00e7ilerin Maliye Bakanl\u0131\u011f\u0131n\u0131n onay\u0131yla 4 ay daha \u00e7al\u0131\u015ft\u0131r\u0131lmas\u0131n\u0131n yolu a\u00e7\u0131ld\u0131. Maalesef belediye ve il \u00f6zel idareleri bu kapsam\u0131n d\u0131\u015f\u0131nda tutuldu. Bu konuda ciddi ma\u011fduriyetler s\u00f6z konusu. Belediye ve il \u00f6zel idarelerinde 5 ay 29 g\u00fcn \u00e7al\u0131\u015fan i\u015f\u00e7ilerimizin \u00e7al\u0131\u015fma s\u00fcrelerinin 9 ay 29 g\u00fcne kadar y\u00fckseltilmesi i\u00e7in yasal d\u00fczenleme yap\u0131lmas\u0131 gerekiyor. Yakla\u015f\u0131k 7 bin ge\u00e7ici i\u015f\u00e7i bu konuda somut bir ad\u0131m at\u0131lmas\u0131n\u0131 bekliyor.&#8221;<\/p>\n<p style=\"text-align: justify;\">&#8220;BUNLARIN ELBETTE D\u00dcZELT\u0130LMES\u0130 LAZIM&#8221;<\/p>\n<p style=\"text-align: justify;\">T\u00fcrk-\u0130\u015f Genel Mali Sekreteri ve Yol-\u0130\u015f Sendikas\u0131 Genel Ba\u015fkan\u0131 A\u011far da Cumhurba\u015fkan\u0131 Recep Tayyip Erdo\u011fan taraf\u0131ndan ge\u00e7ici i\u015f\u00e7ilerin \u00e7al\u0131\u015fma s\u00fcrelerinin 10 ay kadar uzat\u0131lmas\u0131 m\u00fcjdesinin verildi\u011fini an\u0131msatt\u0131.<\/p>\n<p style=\"text-align: justify;\">Bir\u00e7ok kurumda \u00e7al\u0131\u015fan ge\u00e7ici i\u015f\u00e7iye 10 aya kadar \u00e7al\u0131\u015fabilme hakk\u0131 tan\u0131nd\u0131\u011f\u0131n\u0131 ama belediye ve il \u00f6zel idarelerindeki ge\u00e7ici i\u015f\u00e7ilerin bu kapsam\u0131n d\u0131\u015f\u0131nda tutuldu\u011funu belirten A\u011far, \u015funlar\u0131 kaydetti:<\/p>\n<p style=\"text-align: justify;\">&#8220;Verilen talimat ba\u015fka, \u00e7\u0131kan yasa ba\u015fka. Kimse mutlu de\u011fil. Kadroya ge\u00e7en de mutlu de\u011fil, 5 ay 29 g\u00fcn \u00e7al\u0131\u015fan da mutlu de\u011fil. Bunun 4 ay daha uzat\u0131lmas\u0131nda &#8216;Maliye Bakanl\u0131\u011f\u0131 yetkilidir&#8217; ifadesi var. Yani &#8216;uzat\u0131l\u0131r&#8217; diye bir \u015fey yok. Yani kurum talep edecek, kurum 4 ay talep ederse i\u015f\u00e7iler 4 ay \u00e7al\u0131\u015ft\u0131r\u0131lacak. Bu da bir eksiklik. Bunlar\u0131n elbette d\u00fczeltilmesi laz\u0131m. 696 Say\u0131l\u0131 Kanun H\u00fckm\u00fcnde Kararname bu \u015fekliyle 2020 y\u0131l\u0131 sonuna kadar \u00e7al\u0131\u015fma hayat\u0131n\u0131 k\u00f6t\u00fcye g\u00f6t\u00fcr\u00fcr.&#8221;<\/p>\n<p style=\"text-align: justify;\">A\u011far, ge\u00e7ici i\u015f\u00e7ilerin temsilcileriyle Aile, \u00c7al\u0131\u015fma ve Sosyal Hizmetler Bakan Yard\u0131mc\u0131s\u0131 Ahmet Erdem&#8217;den randevu istediklerini, belediye ve il \u00f6zel idarelerindeki ge\u00e7ici i\u015f\u00e7ilerin sorun ve taleplerini Bakan Yard\u0131mc\u0131s\u0131 Erdem&#8217;e de arz edeceklerini bildirdi.<\/p>\n<p style=\"text-align: justify;\">13.11.2018<\/p>\n","protected":false},"excerpt":{"rendered":"<p>T\u00fcrk-\u0130\u015f Genel Ba\u015fkan\u0131 Erg\u00fcn Atalay, &#8220;Belediye ve il \u00f6zel idarelerinde 5 ay 29 g\u00fcn \u00e7al\u0131\u015fan i\u015f\u00e7ilerimizin \u00e7al\u0131\u015fma s\u00fcrelerinin 9 ay 29 g\u00fcne kadar y\u00fckseltilmesi i\u00e7in yasal d\u00fczenleme yap\u0131lmas\u0131 gerekiyor. Yakla\u015f\u0131k 7 bin ge\u00e7ici i\u015f\u00e7i, bu konuda somut ad\u0131m at\u0131lmas\u0131n\u0131 bekliyor.&#8221; dedi. ATALAY, T\u00fcrk-\u0130\u015f Genel Mali Sekreteri Ramazan A\u011far ve Genel Te\u015fkilatland\u0131rma Sekreteri Ey\u00fcp Alemdar ile [&hellip;]<\/p>\n","protected":false},"author":3,"featured_media":2351,"comment_status":"open","ping_status":"open","sticky":false,"template":"","format":"standard","meta":{"jnews-multi-image_gallery":[],"jnews_single_post":{"source_name":"","source_url":"","via_name":"","via_url":"","override_template":"0","override":[{"template":"1","single_blog_custom":"","parallax":"1","fullscreen":"1","layout":"right-sidebar","sidebar":"default-sidebar","second_sidebar":"default-sidebar","sticky_sidebar":"1","share_position":"top","share_float_style":"share-monocrhome","show_share_counter":"1","show_view_counter":"1","show_featured":"1","show_post_meta":"1","show_post_author":"1","show_post_author_image":"1","show_post_date":"1","post_date_format":"default","post_date_format_custom":"Y\/m\/d","show_post_category":"1","show_post_reading_time":"0","post_reading_time_wpm":"300","show_zoom_button":"0","zoom_button_out_step":"2","zoom_button_in_step":"3","show_post_tag":"1","show_prev_next_post":"1","show_popup_post":"1","number_popup_post":"1","show_author_box":"0","show_post_related":"0","show_inline_post_related":"0"}],"override_image_size":"0","image_override":[{"single_post_thumbnail_size":"crop-500","single_post_gallery_size":"crop-500"}],"trending_post":"0","trending_post_position":"meta","trending_post_label":"Trending","sponsored_post":"0","sponsored_post_label":"Sponsored by","sponsored_post_name":"","sponsored_post_url":"","sponsored_post_logo_enable":"0","sponsored_post_logo":"","sponsored_post_desc":"","disable_ad":"0"},"jnews_primary_category":{"id":""},"jnews_social_meta":{"fb_title":"","fb_description":"","fb_image":"","twitter_title":"","twitter_description":"","twitter_image":""},"jnews_override_counter":{"override_view_counter":"0","view_counter_number":"0","override_share_counter":"0","share_counter_number":"0","override_like_counter":"0","like_counter_number":"0","override_dislike_counter":"0","dislike_counter_number":"0"},"footnotes":""},"categories":[1],"tags":[158,275],"class_list":["post-2824","post","type-post","status-publish","format-standard","has-post-thumbnail","hentry","category-genel","tag-basindan","tag-gecici-isci"],"_links":{"self":[{"href":"https:\/\/belediyeis.org.tr\/merkez\/wp-json\/wp\/v2\/posts\/2824","targetHints":{"allow":["GET"]}}],"collection":[{"href":"https:\/\/belediyeis.org.tr\/merkez\/wp-json\/wp\/v2\/posts"}],"about":[{"href":"https:\/\/belediyeis.org.tr\/merkez\/wp-json\/wp\/v2\/types\/post"}],"author":[{"embeddable":true,"href":"https:\/\/belediyeis.org.tr\/merkez\/wp-json\/wp\/v2\/users\/3"}],"replies":[{"embeddable":true,"href":"https:\/\/belediyeis.org.tr\/merkez\/wp-json\/wp\/v2\/comments?post=2824"}],"version-history":[{"count":1,"href":"https:\/\/belediyeis.org.tr\/merkez\/wp-json\/wp\/v2\/posts\/2824\/revisions"}],"predecessor-version":[{"id":2825,"href":"https:\/\/belediyeis.org.tr\/merkez\/wp-json\/wp\/v2\/posts\/2824\/revisions\/2825"}],"wp:featuredmedia":[{"embeddable":true,"href":"https:\/\/belediyeis.org.tr\/merkez\/wp-json\/wp\/v2\/media\/2351"}],"wp:attachment":[{"href":"https:\/\/belediyeis.org.tr\/merkez\/wp-json\/wp\/v2\/media?parent=2824"}],"wp:term":[{"taxonomy":"category","embeddable":true,"href":"https:\/\/belediyeis.org.tr\/merkez\/wp-json\/wp\/v2\/categories?post=2824"},{"taxonomy":"post_tag","embeddable":true,"href":"https:\/\/belediyeis.org.tr\/merkez\/wp-json\/wp\/v2\/tags?post=2824"}],"curies":[{"name":"wp","href":"https:\/\/api.w.org\/{rel}","templated":true}]}}