{"id":2794,"date":"2019-02-12T16:49:18","date_gmt":"2019-02-12T13:49:18","guid":{"rendered":"http:\/\/belediyeis.org.tr\/merkez\/?p=2794"},"modified":"2022-04-07T16:52:03","modified_gmt":"2022-04-07T13:52:03","slug":"basindan-haberturk-gazetesi-yuz-binlerce-isci-icin-ikramiye-umidi-dogdu","status":"publish","type":"post","link":"https:\/\/belediyeis.org.tr\/merkez\/2019\/02\/12\/basindan-haberturk-gazetesi-yuz-binlerce-isci-icin-ikramiye-umidi-dogdu\/","title":{"rendered":"Bas\u0131ndan &#8211; Habert\u00fcrk Gazetesi &#8211; Y\u00fcz Binlerce \u0130\u015f\u00e7i \u0130\u00e7in \u0130kramiye \u00dcmidi Do\u011fdu"},"content":{"rendered":"<p style=\"text-align: justify;\">Kadroya al\u0131nan ta\u015feron i\u015f\u00e7iler, \u201cilave tediye\u201d olarak adland\u0131r\u0131lan ikramiye konusunda iki farkl\u0131 uygulama ile kar\u015f\u0131 kar\u015f\u0131ya kald\u0131. 52 g\u00fcnl\u00fck \u00fccret tutar\u0131ndaki ilave tediyeden kamu kurumlar\u0131na ge\u00e7en i\u015f\u00e7iler yararland\u0131. Fakat, kadroya ge\u00e7irilen belediye i\u015f\u00e7ileri ilave tediyeden yararlanamad\u0131. Antalya B\u00f6lge Adliye Mahkemesi 9. Hukuk Dairesi ile Yarg\u0131tay 9. Hukuk Dairesi\u2019nin verdi\u011fi son kararlar, belediye i\u015f\u00e7ilerini \u00fcmitlendirdi. Kadroya al\u0131nan belediye i\u015f\u00e7ileri, ilave tediye konusunda dava a\u00e7maya ba\u015flad\u0131. Habert\u00fcrk\u2019ten Ahmet K\u0131van\u00e7, 450 bin dolay\u0131ndaki belediye i\u015f\u00e7isinin merakla bekledi\u011fi tediye konusundaki son yarg\u0131 kararlar\u0131n\u0131 yazd\u0131.<\/p>\n<p style=\"text-align: justify;\">Kamuda \u00e7al\u0131\u015fan i\u015f\u00e7ilere \u201cilave tediye\u201d ad\u0131 alt\u0131nda y\u0131lda iki ayl\u0131k \u00fccret kar\u015f\u0131l\u0131\u011f\u0131 ikramiye \u00f6deniyor. Ayl\u0131k 26 g\u00fcnl\u00fck \u00e7al\u0131\u015fma \u00fczerinden toplam 52 g\u00fcnl\u00fck ilave tediye, Cumhurba\u015fkan\u0131 kararnamesi ile belirlenen tarihlerde yap\u0131l\u0131yor. Bu y\u0131l ilk taksit \u00f6demesi 31 Ocak\u2019ta yap\u0131l\u0131rken, ikinci taksit de 31 May\u0131s\u2019ta yap\u0131lacak.<\/p>\n<p style=\"text-align: justify;\">Ge\u00e7en y\u0131l kadroya al\u0131nan ta\u015feron i\u015f\u00e7ilerinin bir k\u0131sm\u0131 ilave tediye al\u0131rken bir k\u0131sm\u0131 alamad\u0131. Kamu kurumlar\u0131nda kadroya ge\u00e7irilen ta\u015feron i\u015f\u00e7iler, nisan ay\u0131nda kadrolu olduklar\u0131 i\u00e7in ilave tediyeyi 4 taksitte ald\u0131lar.<\/p>\n<p style=\"text-align: justify;\">Belediyelerde ve i\u015ftiraklerinde \u00e7al\u0131\u015fan i\u015f\u00e7iler de di\u011fer kamu i\u015f\u00e7ileri gibi ilave tediyeden yararlan\u0131yor. Ge\u00e7en y\u0131l belediyelerdeki ta\u015feron i\u015f\u00e7iler do\u011frudan belediyede de\u011fil, belediyenin veya i\u015ftiraklerinin kurdu\u011fu \u015firketlerde kadroya al\u0131n\u0131nca uygulamada teredd\u00fct olu\u015ftu. Say\u0131lar\u0131 az olmakla birlikte baz\u0131 belediyeler, kadroya ge\u00e7irdikleri i\u015f\u00e7ilere ilave tediye \u00f6derken, belediyelerin \u00e7o\u011funlu\u011fu ilave tediye \u00f6demedi.<\/p>\n<p style=\"text-align: justify;\">Belediyelerin teredd\u00fctte kalmas\u0131nda eski Maliye Bakanl\u0131\u011f\u0131\u2019na ba\u011fl\u0131, la\u011fvedilen B\u00fct\u00e7e ve Mali Kontrol Genel M\u00fcd\u00fcrl\u00fc\u011f\u00fc\u2019n\u00fcn verdi\u011fi g\u00f6r\u00fc\u015f yaz\u0131s\u0131 da etkili oldu. S\u00f6z konusu yaz\u0131da, belediyeler taraf\u0131ndan kurulan \u015firketlerin, ilave tediyeye ili\u015fkin 6772 say\u0131l\u0131 kanunda tan\u0131mlanan kamu kurumlar\u0131 aras\u0131nda yer almad\u0131\u011f\u0131 belirtildi.<\/p>\n<p style=\"text-align: justify;\">Bu g\u00f6r\u00fc\u015f yaz\u0131s\u0131n\u0131n ard\u0131ndan, baz\u0131 belediyeler, \u015firketlerinde \u00e7al\u0131\u015fan i\u015f\u00e7ileri i\u00e7in daha \u00f6nce yapt\u0131klar\u0131 ilave tediye \u00f6demesine de son verdi.<\/p>\n<p style=\"text-align: justify;\">YARGIDAN 2 YEN\u0130 KARAR<\/p>\n<p style=\"text-align: justify;\">Yarg\u0131tay 22. Hukuk Dairesi de ta\u015feron i\u015f\u00e7iler taraf\u0131ndan a\u00e7\u0131lan davada ge\u00e7en y\u0131l may\u0131s ay\u0131nda verdi\u011fi kararda, belediye \u015firketinin kamu kurulu\u015fu de\u011fil, \u00f6zel hukuk h\u00fck\u00fcmlerine tabi \u015firket oldu\u011funu belirtti. Bu karar belediye i\u015f\u00e7ilerinin beklentilerini bo\u015fa \u00e7\u0131kart\u0131rken, yarg\u0131dan pe\u015f pe\u015fe iki sevindirici karar geldi.<\/p>\n<p style=\"text-align: justify;\">ntalya B\u00f6lge \u0130dare Mahkemesi (BAM) 9. Hukuk Dairesi ile Yarg\u0131tay 9. Hukuk Dairesi\u2019nin verdikleri son kararlar i\u015f\u00e7ileri yeniden \u00fcmitlendirdi.<\/p>\n<p style=\"text-align: justify;\">Yarg\u0131tay 9. Hukuk Dairesi\u2019nin 27 Kas\u0131m 2018 tarihli, 2015\/27985 esas ve 2018\/21541 say\u0131l\u0131 karar\u0131na konu dava \u0130stanbul B\u00fcy\u00fck\u015fehir Belediyesi\u2019ne ait \u0130ETT\u2019de, ta\u015ferona ba\u011fl\u0131 olarak \u00e7al\u0131\u015fan bir i\u015f\u00e7i taraf\u0131ndan a\u00e7\u0131ld\u0131. \u0130\u015f\u00e7i, \u0130ETT\u2019de \u00e7al\u0131\u015fan i\u015f\u00e7ilere \u00f6denen ilave tediyenin kendisine de \u00f6denmesini talep etti.<\/p>\n<p style=\"text-align: justify;\">Ta\u015feron firman\u0131n y\u00fczde 99 hissesinin do\u011frudan belediyeye, y\u00fczde 1\u2019inin ise belediyenin bir i\u015ftirakine ait oldu\u011funa dikkat \u00e7ekilen kararda, i\u015f\u00e7ilerin i\u015fe al\u0131nmalar\u0131nda, i\u015fin yap\u0131lmas\u0131nda ve i\u015fin y\u00f6netiminde \u0130ETT\u2019nin s\u00f6z sahibi oldu\u011fu, i\u015fveren yetkilerini kulland\u0131\u011f\u0131 kaydedildi. Yarg\u0131tay, i\u015f\u00e7inin ba\u015f\u0131ndan beri \u0130ETT \u00e7al\u0131\u015fan\u0131 olarak kabul edilmesine h\u00fckmetti.<\/p>\n<p style=\"text-align: justify;\">\u0130\u015e\u00c7\u0130LER \u00dcM\u0130TLEND\u0130<\/p>\n<p style=\"text-align: justify;\">Yarg\u0131dan gelen lehteki kararlar i\u015f\u00e7ileri \u00fcmitlendirdi. Belediyelerce kurulan \u015firketler \u00fczerinden kadroya al\u0131nan ve say\u0131lar\u0131 450 bini bulan eski ta\u015feron i\u015f\u00e7ileri, ilave tediye talebiyle dava a\u00e7maya ba\u015flad\u0131.<\/p>\n<p style=\"text-align: justify;\">\u201cBELED\u0130YELER MAHKEME MASRAFIYLA U\u011eRA\u015eMADAN \u00d6DES\u0130N\u201d<\/p>\n<p style=\"text-align: justify;\">Ta\u015ferondan kadroya ge\u00e7en \u00e7ok say\u0131da i\u015f\u00e7inin \u00fcye oldu\u011fu Belediye \u0130\u015f Sendikas\u0131 Genel Ba\u015fkan\u0131 Nihat Yurdakul, \u00e7ok az say\u0131da belediyenin ta\u015ferondan gelen i\u015f\u00e7ilere ilave tediye \u00f6dedi\u011fini ama b\u00fcy\u00fck k\u0131sm\u0131n\u0131n \u00f6demedi\u011fini belirtti. \u00d6demeyen belediyeleri ikna etmeye \u00e7al\u0131\u015ft\u0131klar\u0131n\u0131 kaydeden Yurdakul, bireysel dava a\u00e7mak isteyen i\u015f\u00e7ilerden vek\u00e2letlerini toplad\u0131klar\u0131n\u0131, i\u015f\u00e7iler ad\u0131na dava a\u00e7maya ba\u015flad\u0131klar\u0131n\u0131 s\u00f6yledi.<\/p>\n<p style=\"text-align: justify;\">Nihat Yurdakul, yasaya g\u00f6re, belediyenin \u015firketteki pay\u0131 y\u00fczde 51 olsa bile ilave tediye \u00f6denmesi gerekti\u011fini savunarak, \u201cBu paralar, i\u015f\u00e7ilerimizin analar\u0131n\u0131n ak s\u00fct\u00fc gibi helal. Kamuda kadroya al\u0131nanlara nas\u0131l 52 g\u00fcn ilave tediye veriliyorsa, belediye \u00e7al\u0131\u015fanlar\u0131na nas\u0131l veriliyorsa, belediye \u015firketlerinde \u00e7al\u0131\u015fanlara da verilmeli. \u0130\u015f\u00e7iler dava a\u00e7\u0131yor, ama bunun sonunda belediyeler i\u00e7in mahkeme masraflar\u0131 da ortaya \u00e7\u0131kacak. Belediyelerin mali k\u00fclfet alt\u0131na girmelerini istemiyoruz. Davaya gerek kalmadan ilave tediyeleri \u00f6desinler\u201d diye konu\u015ftu.<\/p>\n<p style=\"text-align: justify;\">https:\/\/www.haberturk.com\/yuz-binlerce-isci-icin-ikramiye-umidi-dogdu-2370121-ekonomi<\/p>\n","protected":false},"excerpt":{"rendered":"<p>Kadroya al\u0131nan ta\u015feron i\u015f\u00e7iler, \u201cilave tediye\u201d olarak adland\u0131r\u0131lan ikramiye konusunda iki farkl\u0131 uygulama ile kar\u015f\u0131 kar\u015f\u0131ya kald\u0131. 52 g\u00fcnl\u00fck \u00fccret tutar\u0131ndaki ilave tediyeden kamu kurumlar\u0131na ge\u00e7en i\u015f\u00e7iler yararland\u0131. Fakat, kadroya ge\u00e7irilen belediye i\u015f\u00e7ileri ilave tediyeden yararlanamad\u0131. Antalya B\u00f6lge Adliye Mahkemesi 9. Hukuk Dairesi ile Yarg\u0131tay 9. Hukuk Dairesi\u2019nin verdi\u011fi son kararlar, belediye i\u015f\u00e7ilerini \u00fcmitlendirdi. Kadroya [&hellip;]<\/p>\n","protected":false},"author":3,"featured_media":2507,"comment_status":"open","ping_status":"open","sticky":false,"template":"","format":"standard","meta":{"jnews-multi-image_gallery":[],"jnews_single_post":{"source_name":"","source_url":"","via_name":"","via_url":"","override_template":"0","override":[{"template":"1","single_blog_custom":"","parallax":"1","fullscreen":"1","layout":"right-sidebar","sidebar":"default-sidebar","second_sidebar":"default-sidebar","sticky_sidebar":"1","share_position":"top","share_float_style":"share-monocrhome","show_share_counter":"1","show_view_counter":"1","show_featured":"1","show_post_meta":"1","show_post_author":"1","show_post_author_image":"1","show_post_date":"1","post_date_format":"default","post_date_format_custom":"Y\/m\/d","show_post_category":"1","show_post_reading_time":"0","post_reading_time_wpm":"300","show_zoom_button":"0","zoom_button_out_step":"2","zoom_button_in_step":"3","show_post_tag":"1","show_prev_next_post":"1","show_popup_post":"1","number_popup_post":"1","show_author_box":"0","show_post_related":"0","show_inline_post_related":"0"}],"override_image_size":"0","image_override":[{"single_post_thumbnail_size":"crop-500","single_post_gallery_size":"crop-500"}],"trending_post":"0","trending_post_position":"meta","trending_post_label":"Trending","sponsored_post":"0","sponsored_post_label":"Sponsored by","sponsored_post_name":"","sponsored_post_url":"","sponsored_post_logo_enable":"0","sponsored_post_logo":"","sponsored_post_desc":"","disable_ad":"0"},"jnews_primary_category":{"id":""},"jnews_social_meta":{"fb_title":"","fb_description":"","fb_image":"","twitter_title":"","twitter_description":"","twitter_image":""},"jnews_override_counter":{"override_view_counter":"0","view_counter_number":"0","override_share_counter":"0","share_counter_number":"0","override_like_counter":"0","like_counter_number":"0","override_dislike_counter":"0","dislike_counter_number":"0"},"footnotes":""},"categories":[1],"tags":[158,265],"class_list":["post-2794","post","type-post","status-publish","format-standard","has-post-thumbnail","hentry","category-genel","tag-basindan","tag-nihatyurdakul"],"_links":{"self":[{"href":"https:\/\/belediyeis.org.tr\/merkez\/wp-json\/wp\/v2\/posts\/2794","targetHints":{"allow":["GET"]}}],"collection":[{"href":"https:\/\/belediyeis.org.tr\/merkez\/wp-json\/wp\/v2\/posts"}],"about":[{"href":"https:\/\/belediyeis.org.tr\/merkez\/wp-json\/wp\/v2\/types\/post"}],"author":[{"embeddable":true,"href":"https:\/\/belediyeis.org.tr\/merkez\/wp-json\/wp\/v2\/users\/3"}],"replies":[{"embeddable":true,"href":"https:\/\/belediyeis.org.tr\/merkez\/wp-json\/wp\/v2\/comments?post=2794"}],"version-history":[{"count":1,"href":"https:\/\/belediyeis.org.tr\/merkez\/wp-json\/wp\/v2\/posts\/2794\/revisions"}],"predecessor-version":[{"id":2795,"href":"https:\/\/belediyeis.org.tr\/merkez\/wp-json\/wp\/v2\/posts\/2794\/revisions\/2795"}],"wp:featuredmedia":[{"embeddable":true,"href":"https:\/\/belediyeis.org.tr\/merkez\/wp-json\/wp\/v2\/media\/2507"}],"wp:attachment":[{"href":"https:\/\/belediyeis.org.tr\/merkez\/wp-json\/wp\/v2\/media?parent=2794"}],"wp:term":[{"taxonomy":"category","embeddable":true,"href":"https:\/\/belediyeis.org.tr\/merkez\/wp-json\/wp\/v2\/categories?post=2794"},{"taxonomy":"post_tag","embeddable":true,"href":"https:\/\/belediyeis.org.tr\/merkez\/wp-json\/wp\/v2\/tags?post=2794"}],"curies":[{"name":"wp","href":"https:\/\/api.w.org\/{rel}","templated":true}]}}