{"id":2792,"date":"2019-02-21T16:45:56","date_gmt":"2019-02-21T13:45:56","guid":{"rendered":"http:\/\/belediyeis.org.tr\/merkez\/?p=2792"},"modified":"2022-04-07T16:48:08","modified_gmt":"2022-04-07T13:48:08","slug":"basindan-hurriyet-gazetesi-isverene-isci-basina-9-bin-tllik-destek","status":"publish","type":"post","link":"https:\/\/belediyeis.org.tr\/merkez\/2019\/02\/21\/basindan-hurriyet-gazetesi-isverene-isci-basina-9-bin-tllik-destek\/","title":{"rendered":"Bas\u0131ndan &#8211; H\u00fcrriyet Gazetesi &#8211; \u0130\u015fverene \u0130\u015f\u00e7i Ba\u015f\u0131na 9 bin TL\u2019lik Destek"},"content":{"rendered":"<p style=\"text-align: justify;\">TBMM Plan ve B\u00fct\u00e7e Komisyonu\u2019nda kabul edilen \u00f6nergeye g\u00f6re, 2018 y\u0131l\u0131ndaki istihdama ilave olarak, \u015fubat-nisan ay\u0131nda i\u015fe yeni al\u0131nanlar\u0131n 2020 TL\u2019lik \u00fccretleri ve 986 TL\u2019lik vergi ve sigorta primleri 3 ay s\u00fcresince i\u015fsizlik sigortas\u0131 fonundan kar\u015f\u0131lanacak.<\/p>\n<p style=\"text-align: justify;\">Bu da ayl\u0131k 3 bin 6 TL\u2019lik, 3 ayl\u0131k ise 9 bin 18 liral\u0131k bir destek anlam\u0131na geliyor. Bu kapsamda i\u015fe al\u0131nanlar\u0131n, 9 ay s\u00fcreyle \u00e7al\u0131\u015ft\u0131r\u0131lmas\u0131 mecburi olacak. \u00dccret deste\u011fi nakit olarak verilmeyecek, bunun yerine mahsupla\u015fma y\u00f6ntemi tercih edilecek. Ka\u00e7 ki\u015finin bu te\u015fvik kapsam\u0131nda i\u015fe al\u0131naca\u011f\u0131na ili\u015fkin ise \u015fu anda bir projeksiyon bulunmuyor.<\/p>\n<p style=\"text-align: justify;\">\u0130\u015eS\u0130ZLERE DE GEREK<\/p>\n<p style=\"text-align: justify;\">\u0130stihdam i\u00e7in getirilen yeni te\u015fvikle ilgili olarak T\u00fcrk-\u0130\u015f\u2019ten de \u00e7a\u011fr\u0131 geldi. I\u015fsizlik fonunun milyonlarca i\u015f\u00e7iye de bir d\u00fczenleme borcu bulundu\u011funu belirten T\u00fcrk-\u0130\u015f Ba\u015fkan\u0131 Erg\u00fcn Atalay \u015funlar\u0131 s\u00f6yledi: \u201cElbette i\u015fsizli\u011fi azaltmak i\u00e7in d\u00fczenleme yap\u0131lmal\u0131, ancak bunu t\u00fcm taraflarla tart\u0131\u015farak, olas\u0131 etkilerine bakarak yapmak \u00e7ok daha \u015f\u0131k olur. Sonu\u00e7ta i\u015fsizlik sigortas\u0131 da sonsuz bir kaynak de\u011fil, bu nedenle at\u0131lan her ad\u0131m\u0131n t\u00fcm sonu\u00e7lar\u0131yla birlikte de\u011ferlendirilmesi gerekir. Taraflarla da konunun tart\u0131\u015f\u0131lmas\u0131ndan kimseye zarar gelmez. Fondan milyonlarca i\u015fsiz i\u00e7in de bir d\u00fczenleme bekliyoruz. \u0130\u015fsizlik maa\u015f\u0131 asgari \u00fccretin y\u00fczde 80\u2019ini a\u015fam\u0131yor, bu rakam\u0131n en az\u0131ndan asgari \u00fccrete e\u015fitlenmesi gerekir. Ya\u015fan\u0131lan ekonomik ortam da dikkate al\u0131narak, i\u015fsizlik maa\u015f\u0131 s\u00fcrelerinin uzat\u0131lmas\u0131 ve i\u015fsizlik maa\u015f\u0131 alma ko\u015fullar\u0131n\u0131n hafifletilmesi gerekir. Bundan sonraki d\u00f6nemde b\u00f6yle bir d\u00fczenleme i\u00e7in biz haz\u0131r\u0131z, t\u00fcm taraflara da \u00e7a\u011fr\u0131m\u0131z budur.\u201d<\/p>\n<p style=\"text-align: justify;\">http:\/\/www.hurriyet.com.tr\/ekonomi\/isverene-isci-basina-9-bin-tllik-destek-41124277<\/p>\n","protected":false},"excerpt":{"rendered":"<p>TBMM Plan ve B\u00fct\u00e7e Komisyonu\u2019nda kabul edilen \u00f6nergeye g\u00f6re, 2018 y\u0131l\u0131ndaki istihdama ilave olarak, \u015fubat-nisan ay\u0131nda i\u015fe yeni al\u0131nanlar\u0131n 2020 TL\u2019lik \u00fccretleri ve 986 TL\u2019lik vergi ve sigorta primleri 3 ay s\u00fcresince i\u015fsizlik sigortas\u0131 fonundan kar\u015f\u0131lanacak. Bu da ayl\u0131k 3 bin 6 TL\u2019lik, 3 ayl\u0131k ise 9 bin 18 liral\u0131k bir destek anlam\u0131na geliyor. Bu [&hellip;]<\/p>\n","protected":false},"author":3,"featured_media":2406,"comment_status":"open","ping_status":"open","sticky":false,"template":"","format":"standard","meta":{"jnews-multi-image_gallery":[],"jnews_single_post":{"source_name":"","source_url":"","via_name":"","via_url":"","override_template":"0","override":[{"template":"1","single_blog_custom":"","parallax":"1","fullscreen":"1","layout":"right-sidebar","sidebar":"default-sidebar","second_sidebar":"default-sidebar","sticky_sidebar":"1","share_position":"top","share_float_style":"share-monocrhome","show_share_counter":"1","show_view_counter":"1","show_featured":"1","show_post_meta":"1","show_post_author":"1","show_post_author_image":"1","show_post_date":"1","post_date_format":"default","post_date_format_custom":"Y\/m\/d","show_post_category":"1","show_post_reading_time":"0","post_reading_time_wpm":"300","show_zoom_button":"0","zoom_button_out_step":"2","zoom_button_in_step":"3","show_post_tag":"1","show_prev_next_post":"1","show_popup_post":"1","number_popup_post":"1","show_author_box":"0","show_post_related":"0","show_inline_post_related":"0"}],"override_image_size":"0","image_override":[{"single_post_thumbnail_size":"crop-500","single_post_gallery_size":"crop-500"}],"trending_post":"0","trending_post_position":"meta","trending_post_label":"Trending","sponsored_post":"0","sponsored_post_label":"Sponsored by","sponsored_post_name":"","sponsored_post_url":"","sponsored_post_logo_enable":"0","sponsored_post_logo":"","sponsored_post_desc":"","disable_ad":"0"},"jnews_primary_category":{"id":""},"jnews_social_meta":{"fb_title":"","fb_description":"","fb_image":"","twitter_title":"","twitter_description":"","twitter_image":""},"jnews_override_counter":{"override_view_counter":"0","view_counter_number":"0","override_share_counter":"0","share_counter_number":"0","override_like_counter":"0","like_counter_number":"0","override_dislike_counter":"0","dislike_counter_number":"0"},"footnotes":""},"categories":[1],"tags":[158],"class_list":["post-2792","post","type-post","status-publish","format-standard","has-post-thumbnail","hentry","category-genel","tag-basindan"],"_links":{"self":[{"href":"https:\/\/belediyeis.org.tr\/merkez\/wp-json\/wp\/v2\/posts\/2792","targetHints":{"allow":["GET"]}}],"collection":[{"href":"https:\/\/belediyeis.org.tr\/merkez\/wp-json\/wp\/v2\/posts"}],"about":[{"href":"https:\/\/belediyeis.org.tr\/merkez\/wp-json\/wp\/v2\/types\/post"}],"author":[{"embeddable":true,"href":"https:\/\/belediyeis.org.tr\/merkez\/wp-json\/wp\/v2\/users\/3"}],"replies":[{"embeddable":true,"href":"https:\/\/belediyeis.org.tr\/merkez\/wp-json\/wp\/v2\/comments?post=2792"}],"version-history":[{"count":1,"href":"https:\/\/belediyeis.org.tr\/merkez\/wp-json\/wp\/v2\/posts\/2792\/revisions"}],"predecessor-version":[{"id":2793,"href":"https:\/\/belediyeis.org.tr\/merkez\/wp-json\/wp\/v2\/posts\/2792\/revisions\/2793"}],"wp:featuredmedia":[{"embeddable":true,"href":"https:\/\/belediyeis.org.tr\/merkez\/wp-json\/wp\/v2\/media\/2406"}],"wp:attachment":[{"href":"https:\/\/belediyeis.org.tr\/merkez\/wp-json\/wp\/v2\/media?parent=2792"}],"wp:term":[{"taxonomy":"category","embeddable":true,"href":"https:\/\/belediyeis.org.tr\/merkez\/wp-json\/wp\/v2\/categories?post=2792"},{"taxonomy":"post_tag","embeddable":true,"href":"https:\/\/belediyeis.org.tr\/merkez\/wp-json\/wp\/v2\/tags?post=2792"}],"curies":[{"name":"wp","href":"https:\/\/api.w.org\/{rel}","templated":true}]}}