{"id":2790,"date":"2019-02-20T15:18:08","date_gmt":"2019-02-20T12:18:08","guid":{"rendered":"http:\/\/belediyeis.org.tr\/merkez\/?p=2790"},"modified":"2022-04-07T15:20:16","modified_gmt":"2022-04-07T12:20:16","slug":"basindan-evrensel-gazetesi-hukumetten-patronlara-bir-kiyak-daha","status":"publish","type":"post","link":"https:\/\/belediyeis.org.tr\/merkez\/2019\/02\/20\/basindan-evrensel-gazetesi-hukumetten-patronlara-bir-kiyak-daha\/","title":{"rendered":"Bas\u0131ndan &#8211; Evrensel Gazetesi &#8211; H\u00fck\u00fcmetten Patronlara Bir K\u0131yak Daha"},"content":{"rendered":"<p style=\"text-align: justify;\">1 \u015eubat-30 Nisan aras\u0131nda i\u015fe girenlerin \u00fccreti ve sigorta primi 3 ay boyunca i\u015fsizlik fonundan kar\u015f\u0131lanacak.<\/p>\n<p style=\"text-align: justify;\">Meclis Plan B\u00fct\u00e7e Komisyonundan ge\u00e7en torba yasaya AKP taraf\u0131ndan son anda eklenen bir maddeye g\u00f6re, 1 \u015eubat-30 Nisan 2019 tarihleri aras\u0131nda i\u015fe al\u0131nanlar 9 ay s\u00fcreyle \u00e7al\u0131\u015ft\u0131r\u0131l\u0131rsa 3 ayl\u0131k \u00fccretleri, prim ve vergileri devlet taraf\u0131ndan \u00f6denecek. Komisyonda bulunan CHP ve HDP milletvekilleri i\u015fsizlik fonunun ya\u011fmalanmas\u0131n\u0131n yan\u0131 s\u0131ra, bunun k\u00f6t\u00fc kullan\u0131ma a\u00e7\u0131k bir d\u00fczenleme oldu\u011funa dikkat \u00e7ekti.<\/p>\n<p style=\"text-align: justify;\">AKP milletvekillerinin Meclise sundu\u011fu \u201cSosyal Hizmetler Kanunu ile Baz\u0131 Kanunlarda De\u011fi\u015fiklik Yap\u0131lmas\u0131na Dair Kanun Teklifi\u201dne son dakikada eklenen madde tart\u0131\u015fmalara neden oldu. \u0130stihdam\u0131 artt\u0131rma gerek\u00e7esiyle, 1 \u015eubat-30 Nisan 2019 tarihleri aras\u0131nda i\u015fe al\u0131nanlar\u0131n 9 ay s\u00fcreyle \u00e7al\u0131\u015ft\u0131r\u0131lma \u015fart\u0131yla asgari \u00fccretleri, prim ve vergilerinin i\u015fsizlik fonundan \u201cSGK bor\u00e7lar\u0131n\u0131n mahsup edilmesi\u201d yoluyla \u00f6denmesi teklifi tepkilere neden oldu. Konuya ili\u015fkin gazetemize konu\u015fan CHP Ankara Milletvekili B\u00fclent Ku\u015fo\u011flu, bunun patronlarca istismara \u00e7ok a\u00e7\u0131k bir d\u00fczenleme oldu\u011funu s\u00f6yledi. Ayr\u0131ca s\u00f6z konusu 1 \u015eubat-30 Nisan tarihlerine bak\u0131ld\u0131\u011f\u0131ndan bunun bir se\u00e7im yat\u0131r\u0131m\u0131 oldu\u011funu belirten Ku\u015fo\u011flu, patronlar\u0131n i\u015fe alm\u0131\u015f gibi g\u00f6sterdi\u011fi ki\u015filerle 3 ayl\u0131k asgari \u00fccret, vergi ve prim bor\u00e7lar\u0131ndan mahsup edebilece\u011fini ifade etti.<\/p>\n<p style=\"text-align: justify;\">GECE YARISI SON DAK\u0130KADA EKLED\u0130LER<\/p>\n<p style=\"text-align: justify;\">HDP \u0130stanbul Milletvekili Garo Paylan, AKP milletvekillerinin komisyon g\u00f6r\u00fc\u015fmeleri bitmek \u00fczereyken gece saatlerinde bu maddeleri eklediklerine dikkat \u00e7ekti. Maddeye g\u00f6re belirtilen s\u00fcre i\u00e7erisinde i\u015fe al\u0131nan birinin 9 ay \u00e7al\u0131\u015ft\u0131r\u0131lmas\u0131 \u015fart\u0131yla 3 ayl\u0131k \u00fccret, prim ve vergilerinin i\u015fsizlik fonundan kar\u015f\u0131lanaca\u011f\u0131n\u0131 belirten Paylan, bunun her t\u00fcrl\u00fc k\u00f6t\u00fc kullan\u0131ma a\u00e7\u0131k bir d\u00fczenleme oldu\u011funu vurgulad\u0131. Bir patronun e\u015fini, dostunu i\u015fe alm\u0131\u015f gibi g\u00f6sterip kaynak transferi yapabilece\u011fini belirten Paylan, bunun i\u015fsizlik fonunun a\u00e7\u0131k\u00e7a patronlara pe\u015fke\u015f \u00e7ekilmesi oldu\u011funu s\u00f6yledi. Y\u0131llard\u0131r i\u015fsizlik fonundaki ya\u011fman\u0131n artarak devam etti\u011fini dile getiren Paylan, 9 ay \u00e7al\u0131\u015ft\u0131rma zorunlulu\u011fu olsa bile patronlar\u0131n bu i\u015ften k\u00e2rl\u0131 \u00e7\u0131kaca\u011f\u0131n\u0131 s\u00f6yledi.<\/p>\n<p style=\"text-align: justify;\">\u0130\u015eS\u0130ZE VERMED\u0130KLER\u0130 ASGAR\u0130 \u00dcCRET\u0130N FAZLASINI PATRONA VERECEKLER<\/p>\n<p style=\"text-align: justify;\">Ayr\u0131ca d\u00fczenlemenin iddia edildi\u011fi gibi istihdam\u0131 artt\u0131rmayaca\u011f\u0131n\u0131 belirten Paylan, patronlar\u0131n kriz gerek\u00e7esiyle i\u015f\u00e7i alma e\u011filiminin olmad\u0131\u011f\u0131n\u0131 dile getirdi. \u0130\u015f\u00e7i al\u0131m\u0131 olsa dahi i\u015fsizlik fonunun bu \u015fekilde kullan\u0131lmamas\u0131 gerekti\u011fini vurgulayan Paylan, \u201c\u0130\u015f\u00e7inin paras\u0131n\u0131 i\u015fsizin paras\u0131yla \u00f6deyecekler. Biz bu konuyla ilgili bir kanun teklifi vererek hem i\u015f\u00e7ilerin s\u0131rt\u0131ndaki krizin y\u00fck\u00fcn\u00fc hafifletmek hem de t\u00fcketim ile piyasay\u0131 canland\u0131rmak i\u00e7in en az\u0131ndan 2019 y\u0131l\u0131 boyunca her i\u015fsize asgari \u00fccret verilmesini \u00f6nermi\u015ftik. Ancak bu teklifimizi reddeden AKP milletvekilleri, i\u015fsizlik fonunu patronlara pe\u015fke\u015f \u00e7ekecek bu teklifi torba yasaya eklediler\u201d dedi.<\/p>\n<p style=\"text-align: justify;\">\n","protected":false},"excerpt":{"rendered":"<p>1 \u015eubat-30 Nisan aras\u0131nda i\u015fe girenlerin \u00fccreti ve sigorta primi 3 ay boyunca i\u015fsizlik fonundan kar\u015f\u0131lanacak. Meclis Plan B\u00fct\u00e7e Komisyonundan ge\u00e7en torba yasaya AKP taraf\u0131ndan son anda eklenen bir maddeye g\u00f6re, 1 \u015eubat-30 Nisan 2019 tarihleri aras\u0131nda i\u015fe al\u0131nanlar 9 ay s\u00fcreyle \u00e7al\u0131\u015ft\u0131r\u0131l\u0131rsa 3 ayl\u0131k \u00fccretleri, prim ve vergileri devlet taraf\u0131ndan \u00f6denecek. Komisyonda bulunan CHP [&hellip;]<\/p>\n","protected":false},"author":3,"featured_media":2351,"comment_status":"open","ping_status":"open","sticky":false,"template":"","format":"standard","meta":{"jnews-multi-image_gallery":[],"jnews_single_post":{"source_name":"","source_url":"","via_name":"","via_url":"","override_template":"0","override":[{"template":"1","single_blog_custom":"","parallax":"1","fullscreen":"1","layout":"right-sidebar","sidebar":"default-sidebar","second_sidebar":"default-sidebar","sticky_sidebar":"1","share_position":"top","share_float_style":"share-monocrhome","show_share_counter":"1","show_view_counter":"1","show_featured":"1","show_post_meta":"1","show_post_author":"1","show_post_author_image":"1","show_post_date":"1","post_date_format":"default","post_date_format_custom":"Y\/m\/d","show_post_category":"1","show_post_reading_time":"0","post_reading_time_wpm":"300","show_zoom_button":"0","zoom_button_out_step":"2","zoom_button_in_step":"3","show_post_tag":"1","show_prev_next_post":"1","show_popup_post":"1","number_popup_post":"1","show_author_box":"0","show_post_related":"0","show_inline_post_related":"0"}],"override_image_size":"0","image_override":[{"single_post_thumbnail_size":"crop-500","single_post_gallery_size":"crop-500"}],"trending_post":"0","trending_post_position":"meta","trending_post_label":"Trending","sponsored_post":"0","sponsored_post_label":"Sponsored by","sponsored_post_name":"","sponsored_post_url":"","sponsored_post_logo_enable":"0","sponsored_post_logo":"","sponsored_post_desc":"","disable_ad":"0"},"jnews_primary_category":{"id":""},"jnews_social_meta":{"fb_title":"","fb_description":"","fb_image":"","twitter_title":"","twitter_description":"","twitter_image":""},"jnews_override_counter":{"override_view_counter":"0","view_counter_number":"0","override_share_counter":"0","share_counter_number":"0","override_like_counter":"0","like_counter_number":"0","override_dislike_counter":"0","dislike_counter_number":"0"},"footnotes":""},"categories":[1],"tags":[158,184,220],"class_list":["post-2790","post","type-post","status-publish","format-standard","has-post-thumbnail","hentry","category-genel","tag-basindan","tag-issizlik","tag-issizlik-fonu"],"_links":{"self":[{"href":"https:\/\/belediyeis.org.tr\/merkez\/wp-json\/wp\/v2\/posts\/2790","targetHints":{"allow":["GET"]}}],"collection":[{"href":"https:\/\/belediyeis.org.tr\/merkez\/wp-json\/wp\/v2\/posts"}],"about":[{"href":"https:\/\/belediyeis.org.tr\/merkez\/wp-json\/wp\/v2\/types\/post"}],"author":[{"embeddable":true,"href":"https:\/\/belediyeis.org.tr\/merkez\/wp-json\/wp\/v2\/users\/3"}],"replies":[{"embeddable":true,"href":"https:\/\/belediyeis.org.tr\/merkez\/wp-json\/wp\/v2\/comments?post=2790"}],"version-history":[{"count":1,"href":"https:\/\/belediyeis.org.tr\/merkez\/wp-json\/wp\/v2\/posts\/2790\/revisions"}],"predecessor-version":[{"id":2791,"href":"https:\/\/belediyeis.org.tr\/merkez\/wp-json\/wp\/v2\/posts\/2790\/revisions\/2791"}],"wp:featuredmedia":[{"embeddable":true,"href":"https:\/\/belediyeis.org.tr\/merkez\/wp-json\/wp\/v2\/media\/2351"}],"wp:attachment":[{"href":"https:\/\/belediyeis.org.tr\/merkez\/wp-json\/wp\/v2\/media?parent=2790"}],"wp:term":[{"taxonomy":"category","embeddable":true,"href":"https:\/\/belediyeis.org.tr\/merkez\/wp-json\/wp\/v2\/categories?post=2790"},{"taxonomy":"post_tag","embeddable":true,"href":"https:\/\/belediyeis.org.tr\/merkez\/wp-json\/wp\/v2\/tags?post=2790"}],"curies":[{"name":"wp","href":"https:\/\/api.w.org\/{rel}","templated":true}]}}