{"id":2762,"date":"2019-04-11T16:39:51","date_gmt":"2019-04-11T13:39:51","guid":{"rendered":"http:\/\/belediyeis.org.tr\/merkez\/?p=2762"},"modified":"2022-04-05T16:41:20","modified_gmt":"2022-04-05T13:41:20","slug":"basindan-birgun-gazetesi-belediye-isten-hak-ise-yanit-alma-mazlumun-ahini","status":"publish","type":"post","link":"https:\/\/belediyeis.org.tr\/merkez\/2019\/04\/11\/basindan-birgun-gazetesi-belediye-isten-hak-ise-yanit-alma-mazlumun-ahini\/","title":{"rendered":"Bas\u0131ndan &#8211; Birg\u00fcn Gazetesi &#8211; Belediye-\u0130\u015f\u2019ten Hak-\u0130\u015f\u2019e Yan\u0131t: Alma Mazlumun Ah\u0131n\u0131\u2026"},"content":{"rendered":"<p>\u00d6z Ta\u015f\u0131ma-\u0130\u015f Ola\u011fan Genel Kurulu\u2019nda yapt\u0131\u011f\u0131 konu\u015fmada Millet \u0130ttifak\u0131\u2019na ba\u011fl\u0131 baz\u0131 belediyelerde \u00fcyelerine y\u00f6nelik bask\u0131lar\u0131n oldu\u011funu s\u00f6yleyen Hak-\u0130\u015f Genel Ba\u015fkan\u0131 Mahmut Arslan\u2019a yan\u0131t, Belediye-\u0130\u015f Sendikas\u0131\u2019ndan geldi.<\/p>\n<p>\u00dcyelerinin y\u0131llard\u0131r AKP\u2019li milletvekilleri, belediye ba\u015fkanlar\u0131 ve il y\u00f6neticileri taraf\u0131ndan tehdit edilerek sendikalar\u0131ndan istifa ettirildi\u011fine ve Hak-\u0130\u015f\u2019e ba\u011fl\u0131 Hizmet-\u0130\u015f Sendikas\u0131\u2019na \u00fcye olmaya zorland\u0131\u011f\u0131na dikkat \u00e7eken Belediye-\u0130\u015f, \u201cAlma mazlumun ah\u0131n\u0131, \u00e7\u0131kar aheste aheste\u201d a\u00e7\u0131klamas\u0131 yapt\u0131.<\/p>\n<p>Yaz\u0131l\u0131 a\u00e7\u0131klamada \u015fu ifadeler de yer ald\u0131: \u201c\u00dcyelerimize yap\u0131lan insanl\u0131k d\u0131\u015f\u0131 bask\u0131lar kar\u015f\u0131s\u0131nda her seferinde Hak-\u0130\u015f\/Hizmet-\u0130\u015f\u2019i adil olmaya, hakkaniyetli davranmaya \u00e7a\u011f\u0131rd\u0131k, \u2018Adalet bir g\u00fcn size de laz\u0131m olur\u2019 dedik. Ancak bu zihniyet, g\u00fc\u00e7 zehirlenmesi ve kibirle, \u2018G\u00fc\u00e7 bizde, biz her istedi\u011fimizi yapar\u0131z\u2019 edas\u0131yla bizleri g\u00f6rmezden, duymazdan geldi. Hak-\u0130\u015f\/Hizmet-\u0130\u015f zihniyeti, ya\u015fananlardan ders almak istiyorlarsa, sa\u011fa sola \u00e7amur atmay\u0131 b\u0131rak\u0131p, ge\u00e7mi\u015fte yapt\u0131klar\u0131ndan ve yapmad\u0131klar\u0131ndan ders almal\u0131d\u0131r.\u201d<\/p>\n<p>11.04.2019<\/p>\n","protected":false},"excerpt":{"rendered":"<p>\u00d6z Ta\u015f\u0131ma-\u0130\u015f Ola\u011fan Genel Kurulu\u2019nda yapt\u0131\u011f\u0131 konu\u015fmada Millet \u0130ttifak\u0131\u2019na ba\u011fl\u0131 baz\u0131 belediyelerde \u00fcyelerine y\u00f6nelik bask\u0131lar\u0131n oldu\u011funu s\u00f6yleyen Hak-\u0130\u015f Genel Ba\u015fkan\u0131 Mahmut Arslan\u2019a yan\u0131t, Belediye-\u0130\u015f Sendikas\u0131\u2019ndan geldi. \u00dcyelerinin y\u0131llard\u0131r AKP\u2019li milletvekilleri, belediye ba\u015fkanlar\u0131 ve il y\u00f6neticileri taraf\u0131ndan tehdit edilerek sendikalar\u0131ndan istifa ettirildi\u011fine ve Hak-\u0130\u015f\u2019e ba\u011fl\u0131 Hizmet-\u0130\u015f Sendikas\u0131\u2019na \u00fcye olmaya zorland\u0131\u011f\u0131na dikkat \u00e7eken Belediye-\u0130\u015f, \u201cAlma mazlumun ah\u0131n\u0131, [&hellip;]<\/p>\n","protected":false},"author":3,"featured_media":2662,"comment_status":"open","ping_status":"open","sticky":false,"template":"","format":"standard","meta":{"jnews-multi-image_gallery":[],"jnews_single_post":{"source_name":"","source_url":"","via_name":"","via_url":"","override_template":"0","override":[{"template":"1","single_blog_custom":"","parallax":"1","fullscreen":"1","layout":"right-sidebar","sidebar":"default-sidebar","second_sidebar":"default-sidebar","sticky_sidebar":"1","share_position":"top","share_float_style":"share-monocrhome","show_share_counter":"1","show_view_counter":"1","show_featured":"1","show_post_meta":"1","show_post_author":"1","show_post_author_image":"1","show_post_date":"1","post_date_format":"default","post_date_format_custom":"Y\/m\/d","show_post_category":"1","show_post_reading_time":"0","post_reading_time_wpm":"300","show_zoom_button":"0","zoom_button_out_step":"2","zoom_button_in_step":"3","show_post_tag":"1","show_prev_next_post":"1","show_popup_post":"1","number_popup_post":"1","show_author_box":"0","show_post_related":"0","show_inline_post_related":"0"}],"override_image_size":"0","image_override":[{"single_post_thumbnail_size":"crop-500","single_post_gallery_size":"crop-500"}],"trending_post":"0","trending_post_position":"meta","trending_post_label":"Trending","sponsored_post":"0","sponsored_post_label":"Sponsored by","sponsored_post_name":"","sponsored_post_url":"","sponsored_post_logo_enable":"0","sponsored_post_logo":"","sponsored_post_desc":"","disable_ad":"0"},"jnews_primary_category":{"id":""},"jnews_social_meta":{"fb_title":"","fb_description":"","fb_image":"","twitter_title":"","twitter_description":"","twitter_image":""},"jnews_override_counter":{"override_view_counter":"0","view_counter_number":"0","override_share_counter":"0","share_counter_number":"0","override_like_counter":"0","like_counter_number":"0","override_dislike_counter":"0","dislike_counter_number":"0"},"footnotes":""},"categories":[1],"tags":[158],"class_list":["post-2762","post","type-post","status-publish","format-standard","has-post-thumbnail","hentry","category-genel","tag-basindan"],"_links":{"self":[{"href":"https:\/\/belediyeis.org.tr\/merkez\/wp-json\/wp\/v2\/posts\/2762","targetHints":{"allow":["GET"]}}],"collection":[{"href":"https:\/\/belediyeis.org.tr\/merkez\/wp-json\/wp\/v2\/posts"}],"about":[{"href":"https:\/\/belediyeis.org.tr\/merkez\/wp-json\/wp\/v2\/types\/post"}],"author":[{"embeddable":true,"href":"https:\/\/belediyeis.org.tr\/merkez\/wp-json\/wp\/v2\/users\/3"}],"replies":[{"embeddable":true,"href":"https:\/\/belediyeis.org.tr\/merkez\/wp-json\/wp\/v2\/comments?post=2762"}],"version-history":[{"count":1,"href":"https:\/\/belediyeis.org.tr\/merkez\/wp-json\/wp\/v2\/posts\/2762\/revisions"}],"predecessor-version":[{"id":2763,"href":"https:\/\/belediyeis.org.tr\/merkez\/wp-json\/wp\/v2\/posts\/2762\/revisions\/2763"}],"wp:featuredmedia":[{"embeddable":true,"href":"https:\/\/belediyeis.org.tr\/merkez\/wp-json\/wp\/v2\/media\/2662"}],"wp:attachment":[{"href":"https:\/\/belediyeis.org.tr\/merkez\/wp-json\/wp\/v2\/media?parent=2762"}],"wp:term":[{"taxonomy":"category","embeddable":true,"href":"https:\/\/belediyeis.org.tr\/merkez\/wp-json\/wp\/v2\/categories?post=2762"},{"taxonomy":"post_tag","embeddable":true,"href":"https:\/\/belediyeis.org.tr\/merkez\/wp-json\/wp\/v2\/tags?post=2762"}],"curies":[{"name":"wp","href":"https:\/\/api.w.org\/{rel}","templated":true}]}}