{"id":2722,"date":"2019-05-19T13:46:27","date_gmt":"2019-05-19T10:46:27","guid":{"rendered":"http:\/\/belediyeis.org.tr\/merkez\/?p=2722"},"modified":"2022-04-04T13:51:47","modified_gmt":"2022-04-04T10:51:47","slug":"19-mayis-ataturku-anma-genclik-ve-spor-bayramimiz-kutlu-olsun-3","status":"publish","type":"post","link":"https:\/\/belediyeis.org.tr\/merkez\/2019\/05\/19\/19-mayis-ataturku-anma-genclik-ve-spor-bayramimiz-kutlu-olsun-3\/","title":{"rendered":"19 May\u0131s Atat\u00fcrk\u2019\u00fc Anma Gen\u00e7lik ve Spor Bayram\u0131m\u0131z kutlu olsun"},"content":{"rendered":"<p style=\"text-align: justify;\">Ulu \u00d6nder Mustafa Kemal Atat\u00fcrk, \u00fclkenin karanl\u0131\u011fa g\u00f6m\u00fcld\u00fc\u011f\u00fc, emperyalistler taraf\u0131ndan i\u015fgal edilip payla\u015f\u0131ld\u0131\u011f\u0131 bir d\u00f6nemde, \u201cmilletin ba\u011f\u0131ms\u0131zl\u0131\u011f\u0131n\u0131, yine milletin azim ve kararl\u0131l\u0131\u011f\u0131n\u0131n kurtaraca\u011f\u0131na\u201d olan inan\u00e7la, \u00f6zg\u00fcrl\u00fck ve ba\u011f\u0131ms\u0131zl\u0131k me\u015falesini yak\u0131p Ulusal Kurtulu\u015f Sava\u015f\u0131\u2019n\u0131 ba\u015flatmak i\u00e7in 19 May\u0131s 1919\u2019da Samsun\u2019a \u00e7\u0131kt\u0131 ve Anadolu direni\u015fini ba\u015flatt\u0131.<\/p>\n<p style=\"text-align: justify;\">B\u00fct\u00fcn yurda dalga dalga yay\u0131lan bu direni\u015f; Milli M\u00fccadele\u2019nin kazan\u0131lmas\u0131 ve ba\u011f\u0131ms\u0131z gen\u00e7 T\u00fcrkiye Cumhuriyeti\u2019nin kurulmas\u0131yla sonu\u00e7land\u0131.<\/p>\n<p style=\"text-align: justify;\">Bundan tam 100 y\u0131l \u00f6nce T\u00fcrk halk\u0131n\u0131n esarete boyun e\u011fmeyece\u011fini b\u00fct\u00fcn d\u00fcnyaya duyuran Ulu \u00d6nder, bu bayram\u0131, her f\u0131rsatta umudunu ve g\u00fcvenini dile getirdi\u011fi T\u00fcrk gen\u00e7li\u011fine arma\u011fan etti. Mustafa Kemal Atat\u00fcrk\u2019\u00fcn, \u201cEy T\u00fcrk Gen\u00e7li\u011fi! Birinci vazifen, T\u00fcrk istikl\u00e2lini, T\u00fcrk Cumhuriyetini, ilelebet, muhafaza ve m\u00fcdafaa etmektir\u201d dedi\u011fi T\u00fcrk gen\u00e7li\u011fi bug\u00fcn de \u00f6zg\u00fcrl\u00fc\u011f\u00fcn, bar\u0131\u015f\u0131n, ba\u011f\u0131ms\u0131zl\u0131\u011f\u0131n, demokrasinin, laik ve \u00e7a\u011fda\u015f T\u00fcrkiye Cumhuriyeti\u2019nin g\u00fcvencesi olacakt\u0131r.<\/p>\n<p style=\"text-align: justify;\">T\u00fcrkiye Cumhuriyeti\u2019nin kurulu\u015funun temellerinin at\u0131ld\u0131\u011f\u0131 19 May\u0131s 1919\u2019da ba\u015flat\u0131lan bu b\u00fcy\u00fck m\u00fccadelenin y\u0131ld\u00f6n\u00fcm\u00fcnde, biz de Ulu \u00d6nder Atat\u00fcrk ve silah arkada\u015flar\u0131n\u0131 sayg\u0131 ve minnetle an\u0131yoruz.<\/p>\n<p style=\"text-align: justify;\">19 May\u0131s Atat\u00fcrk\u2019\u00fc Anma Gen\u00e7lik ve Spor Bayram\u0131m\u0131z kutlu olsun.<\/p>\n<p style=\"text-align: justify;\"><strong>Belediye-\u0130\u015f Sendikas\u0131 Genel Y\u00f6netim Kurulu<\/strong><\/p>\n","protected":false},"excerpt":{"rendered":"<p>Ulu \u00d6nder Mustafa Kemal Atat\u00fcrk, \u00fclkenin karanl\u0131\u011fa g\u00f6m\u00fcld\u00fc\u011f\u00fc, emperyalistler taraf\u0131ndan i\u015fgal edilip payla\u015f\u0131ld\u0131\u011f\u0131 bir d\u00f6nemde, \u201cmilletin ba\u011f\u0131ms\u0131zl\u0131\u011f\u0131n\u0131, yine milletin azim ve kararl\u0131l\u0131\u011f\u0131n\u0131n kurtaraca\u011f\u0131na\u201d olan inan\u00e7la, \u00f6zg\u00fcrl\u00fck ve ba\u011f\u0131ms\u0131zl\u0131k me\u015falesini yak\u0131p Ulusal Kurtulu\u015f Sava\u015f\u0131\u2019n\u0131 ba\u015flatmak i\u00e7in 19 May\u0131s 1919\u2019da Samsun\u2019a \u00e7\u0131kt\u0131 ve Anadolu direni\u015fini ba\u015flatt\u0131. B\u00fct\u00fcn yurda dalga dalga yay\u0131lan bu direni\u015f; Milli M\u00fccadele\u2019nin kazan\u0131lmas\u0131 ve [&hellip;]<\/p>\n","protected":false},"author":3,"featured_media":2723,"comment_status":"open","ping_status":"open","sticky":false,"template":"","format":"standard","meta":{"jnews-multi-image_gallery":[],"jnews_single_post":{"source_name":"","source_url":"","via_name":"","via_url":"","override_template":"0","override":[{"template":"1","single_blog_custom":"","parallax":"1","fullscreen":"1","layout":"right-sidebar","sidebar":"default-sidebar","second_sidebar":"default-sidebar","sticky_sidebar":"1","share_position":"top","share_float_style":"share-monocrhome","show_share_counter":"1","show_view_counter":"1","show_featured":"1","show_post_meta":"1","show_post_author":"1","show_post_author_image":"1","show_post_date":"1","post_date_format":"default","post_date_format_custom":"Y\/m\/d","show_post_category":"1","show_post_reading_time":"0","post_reading_time_wpm":"300","show_zoom_button":"0","zoom_button_out_step":"2","zoom_button_in_step":"3","show_post_tag":"1","show_prev_next_post":"1","show_popup_post":"1","number_popup_post":"1","show_author_box":"0","show_post_related":"0","show_inline_post_related":"0"}],"override_image_size":"0","image_override":[{"single_post_thumbnail_size":"crop-500","single_post_gallery_size":"crop-500"}],"trending_post":"0","trending_post_position":"meta","trending_post_label":"Trending","sponsored_post":"0","sponsored_post_label":"Sponsored by","sponsored_post_name":"","sponsored_post_url":"","sponsored_post_logo_enable":"0","sponsored_post_logo":"","sponsored_post_desc":"","disable_ad":"0"},"jnews_primary_category":{"id":""},"jnews_social_meta":{"fb_title":"","fb_description":"","fb_image":"","twitter_title":"","twitter_description":"","twitter_image":""},"jnews_override_counter":{"override_view_counter":"0","view_counter_number":"0","override_share_counter":"0","share_counter_number":"0","override_like_counter":"0","like_counter_number":"0","override_dislike_counter":"0","dislike_counter_number":"0"},"footnotes":""},"categories":[1],"tags":[162],"class_list":["post-2722","post","type-post","status-publish","format-standard","has-post-thumbnail","hentry","category-genel","tag-19-mayis"],"_links":{"self":[{"href":"https:\/\/belediyeis.org.tr\/merkez\/wp-json\/wp\/v2\/posts\/2722","targetHints":{"allow":["GET"]}}],"collection":[{"href":"https:\/\/belediyeis.org.tr\/merkez\/wp-json\/wp\/v2\/posts"}],"about":[{"href":"https:\/\/belediyeis.org.tr\/merkez\/wp-json\/wp\/v2\/types\/post"}],"author":[{"embeddable":true,"href":"https:\/\/belediyeis.org.tr\/merkez\/wp-json\/wp\/v2\/users\/3"}],"replies":[{"embeddable":true,"href":"https:\/\/belediyeis.org.tr\/merkez\/wp-json\/wp\/v2\/comments?post=2722"}],"version-history":[{"count":1,"href":"https:\/\/belediyeis.org.tr\/merkez\/wp-json\/wp\/v2\/posts\/2722\/revisions"}],"predecessor-version":[{"id":2724,"href":"https:\/\/belediyeis.org.tr\/merkez\/wp-json\/wp\/v2\/posts\/2722\/revisions\/2724"}],"wp:featuredmedia":[{"embeddable":true,"href":"https:\/\/belediyeis.org.tr\/merkez\/wp-json\/wp\/v2\/media\/2723"}],"wp:attachment":[{"href":"https:\/\/belediyeis.org.tr\/merkez\/wp-json\/wp\/v2\/media?parent=2722"}],"wp:term":[{"taxonomy":"category","embeddable":true,"href":"https:\/\/belediyeis.org.tr\/merkez\/wp-json\/wp\/v2\/categories?post=2722"},{"taxonomy":"post_tag","embeddable":true,"href":"https:\/\/belediyeis.org.tr\/merkez\/wp-json\/wp\/v2\/tags?post=2722"}],"curies":[{"name":"wp","href":"https:\/\/api.w.org\/{rel}","templated":true}]}}