{"id":2720,"date":"2019-05-31T13:43:24","date_gmt":"2019-05-31T10:43:24","guid":{"rendered":"http:\/\/belediyeis.org.tr\/merkez\/?p=2720"},"modified":"2022-04-04T13:45:43","modified_gmt":"2022-04-04T10:45:43","slug":"basindan-tr-sputniknews-com-is-kazalari-icin-ornek-karar","status":"publish","type":"post","link":"https:\/\/belediyeis.org.tr\/merkez\/2019\/05\/31\/basindan-tr-sputniknews-com-is-kazalari-icin-ornek-karar\/","title":{"rendered":"Bas\u0131ndan &#8211; tr.sputniknews.com &#8211; \u0130\u015f Kazalar\u0131 \u0130\u00e7in \u00d6rnek Karar"},"content":{"rendered":"<p>Yarg\u0131tay, Bursa&#8217;da 2009&#8217;da 19 maden i\u015f\u00e7isinin hayat\u0131n\u0131 kaybetti\u011fi grizu patlamas\u0131na ili\u015fkin mahkemenin &#8216;taksirle \u00f6l\u00fcme neden&#8217; olmaktan verdi\u011fi cezalar\u0131 ikinci kez bozdu.<\/p>\n<p>Bursa&#8217;daki B\u00fckk\u00f6y Madencilik&#8217;te 2009&#8217;daki grizu patlamas\u0131nda 19 i\u015f\u00e7inin can vermesine ili\u015fkin dava, Yarg\u0131tay taraf\u0131ndan ikinci kez bozuldu.<\/p>\n<p>H\u00fcrriyet gazetesinden \u0130smail Saymaz&#8217;\u0131n haberine g\u00f6re, Yarg\u0131tay 12. Ceza Dairesi&#8217;nin bozma karar\u0131, i\u015f kazalar\u0131 i\u00e7in \u00f6rnek nitelikte.<\/p>\n<p>Daire karar\u0131nda, teksirle \u00f6l\u00fcme neden olmaktan ceza alan san\u0131klar\u0131n olas\u0131 kastla \u00f6ld\u00fcrme su\u00e7undan cazaland\u0131r\u0131lmas\u0131 istendi. Kararda, &#8220;Defalarca yap\u0131lan tespitler ve uyar\u0131lara ra\u011fmen hatal\u0131, eksik ve tehlikeli \u00e7al\u0131\u015fmay\u0131 s\u00fcrd\u00fcren san\u0131klar\u0131n grizuyu \u00f6ng\u00f6rmelerine ra\u011fmen, engelleyici \u00e7al\u0131\u015fma yapmad\u0131\u011f\u0131, tehlikeli durumu gizlemek suretiyle, olursa olsun d\u00fc\u015f\u00fcncesi ile hatal\u0131 ve hileli faaliyetlerine devam ettikleri&#8221; belirtildi.<\/p>\n<p>Dairenin g\u00f6r\u00fc\u015f\u00fc do\u011frultusunda karar verilirse san\u0131klara en az 19&#8217;ar y\u0131l ceza verilecek.<\/p>\n<p>Mustafakemalpa\u015fa&#8217;da 11 Aral\u0131k 2009&#8217;da meydana gelen grizu patlamas\u0131nda 19 i\u015f\u00e7i can verdi. Bursa 3. A\u011f\u0131r Ceza Mahkemesi&#8217;nde 2011&#8217;de biten ilk davada, maden oca\u011f\u0131 i\u015fletmecisi Fahrettin \u015eolpan, \u0130\u015fletme M\u00fcd\u00fcr\u00fc Hayrettin \u00c7elik ile \u015fef Bayram Erdo\u011fan&#8217;a taksirle \u00f6l\u00fcme neden olmaktan 6&#8217;\u015far y\u0131l 8&#8217;er ay, B\u00fckk\u00f6y Madencilik Y\u00f6netim Kurulu Ba\u015fkan\u0131 Nurullah Ercan ile iki y\u00f6netim kurulu \u00fcyesine de 5&#8217;er y\u0131l ceza verildi.<\/p>\n<p>Yarg\u0131tay 12. Ceza Dairesi 2014 y\u0131l\u0131nda bu karar\u0131 bozdu. San\u0131klara olas\u0131 kastla \u00f6ld\u00fcrme su\u00e7lamas\u0131ndan ceza verilmesi gerekti\u011fini belirtti. Bursa 3. A\u011f\u0131r Ceza Mahkemesi ise 2016 y\u0131l\u0131nda verdi\u011fi ikinci kararda, Yarg\u0131tay&#8217;\u0131n g\u00f6r\u00fc\u015f\u00fcn\u00fcn aksine, ilk karar\u0131nda \u0131srar etti. 12. Ceza Dairesi, 24 Ocak 2019&#8217;da karar\u0131 ikinci kez bozdu.<\/p>\n<p>31.05.2019<\/p>\n","protected":false},"excerpt":{"rendered":"<p>Yarg\u0131tay, Bursa&#8217;da 2009&#8217;da 19 maden i\u015f\u00e7isinin hayat\u0131n\u0131 kaybetti\u011fi grizu patlamas\u0131na ili\u015fkin mahkemenin &#8216;taksirle \u00f6l\u00fcme neden&#8217; olmaktan verdi\u011fi cezalar\u0131 ikinci kez bozdu. Bursa&#8217;daki B\u00fckk\u00f6y Madencilik&#8217;te 2009&#8217;daki grizu patlamas\u0131nda 19 i\u015f\u00e7inin can vermesine ili\u015fkin dava, Yarg\u0131tay taraf\u0131ndan ikinci kez bozuldu. H\u00fcrriyet gazetesinden \u0130smail Saymaz&#8217;\u0131n haberine g\u00f6re, Yarg\u0131tay 12. Ceza Dairesi&#8217;nin bozma karar\u0131, i\u015f kazalar\u0131 i\u00e7in \u00f6rnek nitelikte. [&hellip;]<\/p>\n","protected":false},"author":3,"featured_media":2341,"comment_status":"open","ping_status":"open","sticky":false,"template":"","format":"standard","meta":{"jnews-multi-image_gallery":[],"jnews_single_post":{"source_name":"","source_url":"","via_name":"","via_url":"","override_template":"0","override":[{"template":"1","single_blog_custom":"","parallax":"1","fullscreen":"1","layout":"right-sidebar","sidebar":"default-sidebar","second_sidebar":"default-sidebar","sticky_sidebar":"1","share_position":"top","share_float_style":"share-monocrhome","show_share_counter":"1","show_view_counter":"1","show_featured":"1","show_post_meta":"1","show_post_author":"1","show_post_author_image":"1","show_post_date":"1","post_date_format":"default","post_date_format_custom":"Y\/m\/d","show_post_category":"1","show_post_reading_time":"0","post_reading_time_wpm":"300","show_zoom_button":"0","zoom_button_out_step":"2","zoom_button_in_step":"3","show_post_tag":"1","show_prev_next_post":"1","show_popup_post":"1","number_popup_post":"1","show_author_box":"0","show_post_related":"0","show_inline_post_related":"0"}],"override_image_size":"0","image_override":[{"single_post_thumbnail_size":"crop-500","single_post_gallery_size":"crop-500"}],"trending_post":"0","trending_post_position":"meta","trending_post_label":"Trending","sponsored_post":"0","sponsored_post_label":"Sponsored by","sponsored_post_name":"","sponsored_post_url":"","sponsored_post_logo_enable":"0","sponsored_post_logo":"","sponsored_post_desc":"","disable_ad":"0"},"jnews_primary_category":{"id":""},"jnews_social_meta":{"fb_title":"","fb_description":"","fb_image":"","twitter_title":"","twitter_description":"","twitter_image":""},"jnews_override_counter":{"override_view_counter":"0","view_counter_number":"0","override_share_counter":"0","share_counter_number":"0","override_like_counter":"0","like_counter_number":"0","override_dislike_counter":"0","dislike_counter_number":"0"},"footnotes":""},"categories":[1],"tags":[158],"class_list":["post-2720","post","type-post","status-publish","format-standard","has-post-thumbnail","hentry","category-genel","tag-basindan"],"_links":{"self":[{"href":"https:\/\/belediyeis.org.tr\/merkez\/wp-json\/wp\/v2\/posts\/2720","targetHints":{"allow":["GET"]}}],"collection":[{"href":"https:\/\/belediyeis.org.tr\/merkez\/wp-json\/wp\/v2\/posts"}],"about":[{"href":"https:\/\/belediyeis.org.tr\/merkez\/wp-json\/wp\/v2\/types\/post"}],"author":[{"embeddable":true,"href":"https:\/\/belediyeis.org.tr\/merkez\/wp-json\/wp\/v2\/users\/3"}],"replies":[{"embeddable":true,"href":"https:\/\/belediyeis.org.tr\/merkez\/wp-json\/wp\/v2\/comments?post=2720"}],"version-history":[{"count":1,"href":"https:\/\/belediyeis.org.tr\/merkez\/wp-json\/wp\/v2\/posts\/2720\/revisions"}],"predecessor-version":[{"id":2721,"href":"https:\/\/belediyeis.org.tr\/merkez\/wp-json\/wp\/v2\/posts\/2720\/revisions\/2721"}],"wp:featuredmedia":[{"embeddable":true,"href":"https:\/\/belediyeis.org.tr\/merkez\/wp-json\/wp\/v2\/media\/2341"}],"wp:attachment":[{"href":"https:\/\/belediyeis.org.tr\/merkez\/wp-json\/wp\/v2\/media?parent=2720"}],"wp:term":[{"taxonomy":"category","embeddable":true,"href":"https:\/\/belediyeis.org.tr\/merkez\/wp-json\/wp\/v2\/categories?post=2720"},{"taxonomy":"post_tag","embeddable":true,"href":"https:\/\/belediyeis.org.tr\/merkez\/wp-json\/wp\/v2\/tags?post=2720"}],"curies":[{"name":"wp","href":"https:\/\/api.w.org\/{rel}","templated":true}]}}