{"id":2687,"date":"2019-07-01T17:21:58","date_gmt":"2019-07-01T14:21:58","guid":{"rendered":"http:\/\/belediyeis.org.tr\/merkez\/?p=2687"},"modified":"2022-03-29T17:26:04","modified_gmt":"2022-03-29T14:26:04","slug":"basindan-birgun-gazetesi-ve-sendika-eylemi-kesfeder","status":"publish","type":"post","link":"https:\/\/belediyeis.org.tr\/merkez\/2019\/07\/01\/basindan-birgun-gazetesi-ve-sendika-eylemi-kesfeder\/","title":{"rendered":"Bas\u0131ndan &#8211;  Birg\u00fcn Gazetesi &#8211; Ve sendika eylemi ke\u015ffeder!"},"content":{"rendered":"<p style=\"text-align: justify;\">31 Mart 2019 yerel se\u00e7imleriyle bir\u00e7ok belediyenin el de\u011fi\u015ftirmesi ve muhalefet partilerine ge\u00e7mesinin ard\u0131ndan bir yandan belediyelerde ge\u00e7mi\u015fte ya\u015fanan istihdamda partizanl\u0131k ve sendikal kay\u0131rmac\u0131l\u0131k \u00f6rnekleri g\u00fcndemde gelirken, bir yandan da baz\u0131 yeni belediye y\u00f6netimlerinin yapt\u0131\u011f\u0131 i\u015f\u00e7i \u00e7\u0131karmalar tart\u0131\u015fmalar\u0131 alevlendi. Belediyelerde sendika se\u00e7me \u00f6zg\u00fcrl\u00fc\u011f\u00fc konusunu ve ge\u00e7mi\u015fte yap\u0131lan sendikal kay\u0131rmac\u0131l\u0131k \u00f6rneklerini 29 Nisan 2019\u2019da BirG\u00fcn\u2019de yay\u0131mlanan \u201cBelediyelerde sendika se\u00e7me \u00f6zg\u00fcrl\u00fc\u011f\u00fc\u201d ba\u015fl\u0131kl\u0131 yaz\u0131mda ele alm\u0131\u015ft\u0131m.<\/p>\n<p style=\"text-align: justify;\">Konu 23 Haziran 2019 \u0130stanbul B\u00fcy\u00fck\u015fehir Belediye Ba\u015fkanl\u0131\u011f\u0131 se\u00e7imlerinin yenilenmesi s\u0131ras\u0131nda daha da alevlendi. Hak-\u0130\u015f ve Memur-Sen y\u00f6neticileri \u00fcyelerinin i\u015ften \u00e7\u0131kar\u0131ld\u0131\u011f\u0131, sendika se\u00e7me \u00f6zg\u00fcrl\u00fc\u011f\u00fcn\u00fcn ihlal edildi\u011fi gerek\u00e7esiyle sert a\u00e7\u0131klamalar yapt\u0131lar. Hak-\u0130\u015f Bolu Belediyesi\u2019nde i\u015ften \u00e7\u0131kar\u0131lan 97 i\u015f\u00e7i ve aileleri ile birlikte Bolu\u2019dan Ankara\u2019ya CHP Genel Merkezi \u00f6n\u00fcne bir y\u00fcr\u00fcy\u00fc\u015f d\u00fczenledi. Y\u00fcr\u00fcy\u00fc\u015f\u00fcn sonunda 23 Haziran se\u00e7imlerinin hemen \u00f6ncesinde CHP Genel Merkezi \u00f6n\u00fcnde bir miting d\u00fczenlendi ve belediyelerde i\u015ften \u00e7\u0131karmalar protesto edildi. Y\u00fcr\u00fcy\u00fc\u015f s\u0131ras\u0131nda Hak-\u0130\u015f toplu eylem hakk\u0131n\u0131 \u00f6zg\u00fcr bi\u00e7imde kulland\u0131. G\u00fcvenlik g\u00fc\u00e7leri Hak-\u0130\u015f \u00fcyesi i\u015f\u00e7ilere ve sendikac\u0131lara hi\u00e7bir engellemede bulunmad\u0131. CHP \u00f6n\u00fcnde serbest\u00e7e miting d\u00fczenlediler. Burada da kendilerine hi\u00e7bir m\u00fcdahale olmad\u0131. Olmas\u0131 gereken de buydu.<\/p>\n<p style=\"text-align: justify;\">Bunca i\u015f\u00e7i eylemdeyken\u2026<\/p>\n<p style=\"text-align: justify;\">Buraya kadar hi\u00e7bir sorun yok. Bir sendikan\u0131n i\u015ften \u00e7\u0131kar\u0131lan \u00fcyelerini savunmas\u0131 ve onlar\u0131n i\u015fe al\u0131nmas\u0131 i\u00e7in m\u00fccadele etmesi, yeri g\u00f6\u011f\u00fc inletmesi ve hesap sormas\u0131 son derece do\u011fal. Ancak tuhaf olan son y\u0131llarda on binlerce i\u015f\u00e7i i\u015ften \u00e7\u0131kar\u0131l\u0131rken, binlerce i\u015f\u00e7i eylemi ger\u00e7ekle\u015firken olmayanlar\u0131n olmas\u0131. Devletin en \u00fcst makamlar\u0131 al\u0131\u015f\u0131k olunmad\u0131k bi\u00e7imde se\u00e7me \u00f6zg\u00fcrl\u00fc\u011f\u00fcn\u00fc savunmaya ba\u015flad\u0131lar. \u00c7al\u0131\u015fma hayat\u0131ndan sorumlu bakan onlarca i\u015ften \u00e7\u0131karma ve i\u015f\u00e7i eylemi konusunda tek kelam etmezken bu konuda k\u00f6\u015feli bir \u015fekilde g\u00f6r\u00fc\u015f beyan etti. Sendikal haklar\u0131 ve i\u015f\u00e7i sorunlar\u0131na y\u0131llard\u0131r sa\u011f\u0131r olan iktidar yanl\u0131s\u0131 medya organlar\u0131 sendikal haklar\u0131 ke\u015ffettiler. \u00dcst \u00fcste Hak-\u0130\u015f ve Memur-Sen y\u00f6neticilerine ekranlar\u0131n\u0131 a\u00e7t\u0131lar. \u0130\u015f\u00e7ilerin Bolu\u2019dan Ankara\u2019ya y\u00fcr\u00fcy\u00fc\u015f\u00fcn\u00fc uzun uzun verdiler.<\/p>\n<p style=\"text-align: justify;\">Ne g\u00fczel sendikas\u0131z tekelci medya sendika haberi vermeye ba\u015flam\u0131\u015f! Belki haberleri yoktur. Hat\u0131rlatal\u0131m: Alia\u011fa Belediyesi\u2019nde i\u015ften at\u0131lan 200 civar\u0131ndaki D\u0130SK Genel-\u0130\u015f \u00fcyesi i\u015f\u00e7i direniyor. T\u00fcpra\u015f\u2019ta Petrol-\u0130\u015f (T\u00fcrk-\u0130\u015f) \u00fcyesi i\u015f\u00e7iler g\u00fcnlerdir eylemde. ABD\u2019li g\u0131da \u015firketi Cargill\u2019in Bursa\u2019daki fabrikas\u0131nda sendikal\u0131 olduklar\u0131 i\u00e7in i\u015ften at\u0131lan Tek G\u0131da-\u0130\u015f (T\u00fcrk-\u0130\u015f) \u00fcyesi i\u015f\u00e7ilerin direni\u015fi 450 g\u00fcne yakla\u015f\u0131yor. T\u00fcvt\u00fcrk ve Kale Kay\u0131\u015f i\u015fyerlerinde y\u00fczlerce i\u015f\u00e7i haklar\u0131 i\u00e7in g\u00fcnlerdir aylard\u0131r direniyor. Zerre kadar gazetecilik derdiniz varsa haydi onlar\u0131n haberlerini de yap\u0131n.<\/p>\n<p style=\"text-align: justify;\">\u0130nsan 2010\u2019da i\u015flerini korumaya \u00e7al\u0131\u015fan Tekel i\u015f\u00e7ilerinin benzer bir eylemi iktidar partisi genel merkezi \u00f6n\u00fcnde yapmaya kalkt\u0131klar\u0131nda ba\u015flar\u0131na gelenleri hat\u0131rlamadan edemiyor. \u0130ktidar partisi \u00f6n\u00fcne yakla\u015ft\u0131r\u0131lmayan i\u015f\u00e7iler S\u0131hhiye\u2019de havuza s\u0131k\u0131\u015ft\u0131r\u0131lm\u0131\u015f ve \u00fczerlerine k\u0131\u015f g\u00fcn\u00fc bas\u0131n\u00e7l\u0131 so\u011fuk su s\u0131k\u0131lm\u0131\u015ft\u0131. Daha birka\u00e7 y\u0131l \u00f6nce Kocaeli\u2019de sendikal nedenli i\u015ften \u00e7\u0131karmalar\u0131 protesto i\u00e7in y\u00fcr\u00fcmek isteyen D\u0130SK Birlesik Metal-\u0130\u015f y\u00f6neticileri yaka pa\u00e7a g\u00f6zalt\u0131na al\u0131nm\u0131\u015f ve y\u00fcr\u00fcmeleri engellenmi\u015fti. \u00c7ok de\u011fil birka\u00e7 y\u0131l \u00f6nce \u00f6zelle\u015ftirmeyi protesto etmek i\u00e7in Ankara\u2019ya y\u00fcr\u00fcmeye \u00e7al\u0131\u015fan T\u00fcrk-\u0130\u015f\u2019e ba\u011fl\u0131 Maden-\u0130\u015f \u00fcyesi Yata\u011fan i\u015f\u00e7ilerine t\u00fcrl\u00fc engeller \u00e7\u0131kar\u0131lm\u0131\u015f, Ankara\u2019da \u00d6zelle\u015ftirme \u0130daresi Ba\u015fkanl\u0131\u011f\u0131 \u00f6n\u00fcnde yap\u0131lmak istenen bas\u0131n a\u00e7\u0131klamas\u0131 zor kullan\u0131larak da\u011f\u0131t\u0131lm\u0131\u015ft\u0131. Ge\u00e7en y\u0131l Flormar\u2019da i\u015ften at\u0131ld\u0131klar\u0131 i\u00e7in direnen kad\u0131n i\u015f\u00e7ilere kaymakam t\u00fcrl\u00fc zorluklar \u00e7\u0131karm\u0131\u015ft\u0131. \u00c7ok \u015f\u00fck\u00fcr bug\u00fcnler geride kald\u0131! Art\u0131k i\u015f\u00e7i haklar\u0131na ve sendikal protestolar\u0131 demokratik hak sayan bir d\u00f6neme ge\u00e7tik!<\/p>\n<p style=\"text-align: justify;\">Demek ki demokrasimiz ilerlemi\u015f! \u0130\u015fte olmas\u0131 gereken bu! Demek ki yar\u0131n Alia\u011fa Belediyesi\u2019nde i\u015ften at\u0131lan i\u015f\u00e7iler de Ankara\u2019ya y\u00fcr\u00fcmeye kalk\u0131nca kendilerine ayn\u0131 kolayl\u0131klar tan\u0131nacak. Demek ki direnen T\u00fcpra\u015f i\u015f\u00e7ileri soka\u011fa \u00e7\u0131kt\u0131klar\u0131nda g\u00fcvenlik g\u00fc\u00e7leri kendilerine yard\u0131mc\u0131 olacak! Demek ki grevleri ertelenen sendikac\u0131lar h\u00fck\u00fcmeti protesto i\u00e7in Ankara\u2019ya y\u00fcr\u00fcyebilecek. Pardon belki de bir daha grevler hi\u00e7 ertelenmeyecek!<\/p>\n<p style=\"text-align: justify;\">Eylemin e\u2019sini unutan sendikalar<\/p>\n<p style=\"text-align: justify;\">Yerel se\u00e7imler sendikal alandaki tuhafl\u0131klar\u0131 bir kez daha g\u00fcn y\u00fcz\u00fcne \u00e7\u0131kard\u0131. Y\u0131llard\u0131r y\u00fcz binlerce i\u015f\u00e7i ve memuru \u00fcye yaparken hi\u00e7bir sorunla kar\u015f\u0131la\u015fmayan ve sendikal mucizelere imza atan koca koca konfederasyonlar yerel se\u00e7imlerin ard\u0131ndan birden bire sendika se\u00e7me \u00f6zg\u00fcrl\u00fc\u011f\u00fcn\u00fc, i\u015f\u00e7inin ve memurun eylem g\u00fcc\u00fcn\u00fc ke\u015ffettiler. Dahas\u0131 sendika olduklar\u0131n\u0131 ke\u015ffettiler. \u00c7\u00fcnk\u00fc y\u0131llard\u0131r ger\u00e7ekle\u015fen y\u00fczlerce i\u015f\u00e7i ve memur eylemi i\u00e7inde neredeyse hi\u00e7 yoktular. Y\u0131llard\u0131r sessizce ve ayaklar\u0131na \u00e7ak\u0131l ta\u015f\u0131 ta\u015f de\u011fmeden, sessiz sedas\u0131z ve tereya\u011f\u0131ndan k\u0131l \u00e7eker gibi \u00f6rg\u00fctlenen sendikalar birden bire k\u00fckremeye ba\u015flad\u0131. Bu hayat\u0131n ola\u011fan ak\u0131\u015f\u0131na ayk\u0131r\u0131 bir durum.<\/p>\n<p style=\"text-align: justify;\">G\u00f6n\u00fcll\u00fc ve ba\u011f\u0131ms\u0131z bir faaliyet y\u00fcr\u00fcten Emek \u00c7al\u0131\u015fmalar\u0131 Toplulu\u011fu (E\u00c7T) 2015\u2019ten bu yana i\u015f\u00e7i ve memur eylemlerini derliyor ve raporla\u015ft\u0131r\u0131yor. Bu raporlar i\u015f\u00e7i s\u0131n\u0131f\u0131 eylemleri konusunda olduk\u00e7a zengin veriler sunuyor. Raporlarda eylem t\u00fcrleri, kat\u0131lan i\u015f\u00e7i say\u0131s\u0131, eylemlerin i\u015fkollar\u0131na ve sendikalara g\u00f6re da\u011f\u0131l\u0131m\u0131 konusunda detayl\u0131 veriler var. Bu verilerden biri de i\u015f\u00e7i eylemlerinin konfederasyonlara g\u00f6re da\u011f\u0131l\u0131m\u0131. \u0130\u015f\u00e7i s\u0131n\u0131f\u0131 eylemlerinde Hak-\u0130\u015f ve Memur-Sen\u2019in pay\u0131 yok mertebesinde. 2015 y\u0131l\u0131nda i\u015f\u00e7i s\u0131n\u0131f\u0131 eylemlerinin y\u00fczde 39\u2019u D\u0130SK, y\u00fczde 27\u2019si T\u00fcrk-\u0130\u015f, y\u00fczde 24\u2019\u00fc KESK ve \u00fcye sendikalar\u0131 taraf\u0131ndan yap\u0131l\u0131rken; Hak-\u0130\u015f\u2019in pay\u0131 y\u00fczde 4 ve Memur-Sen\u2019in pay\u0131 y\u00fczde 1 idi. 2016\u2019daki eylemlerde KESK y\u00fczde 32, D\u0130SK y\u00fczde 27, T\u00fcrk-\u0130\u015f y\u00fczde 24 paya sahipken; Hak-\u0130\u015f y\u00fczde 4, Memur-Sen y\u00fczde 1 paya sahipti. 2017\u2019de KESK y\u00fczde 31, T\u00fcrk-\u0130\u015f y\u00fczde 30, D\u0130SK y\u00fczde 29 paya sahipken; Hak-\u0130\u015f y\u00fczde 4, Memur-Sen y\u00fczde 1 mertebesinde idi. E\u00c7T taraf\u0131ndan yeni yay\u0131mlanan 2018 raporuna g\u00f6re ise T\u00fcrk-\u0130\u015f ve ba\u011fl\u0131 sendikalar y\u0131l i\u00e7indeki eylemlerin y\u00fczde 41\u2019ini, D\u0130SK y\u00fczde 36\u2019s\u0131n\u0131 ger\u00e7ekle\u015ftirirken, Memur-Sen ve Hak-\u0130\u015f\u2019in t\u00fcm eylemler i\u00e7indeki paylar\u0131 y\u00fczde 2\u2019\u015fer olarak otaya \u00e7\u0131kt\u0131 (Ayr\u0131nlar i\u00e7in bak\u0131n\u0131z: emekcalisma.org).<\/p>\n<p style=\"text-align: justify;\">Y\u0131llard\u0131r emek\u00e7ilerin hak arama eylemleri i\u00e7inde paylar\u0131 yok mertebesinde olan ama \u00fcye say\u0131lar\u0131 astronomik bi\u00e7imde artan sendikalar\u0131n yerel se\u00e7imlerden sonra sendikal haklar i\u00e7in soka\u011fa d\u00f6k\u00fclmeleri inand\u0131r\u0131c\u0131 olmaktan \u00e7ok uzak. Sendika olmay\u0131 hat\u0131rlamak iyidir ama sendikal oport\u00fcnizm inand\u0131r\u0131c\u0131 de\u011fil. Grevler yasaklan\u0131rken susacaks\u0131n\u0131z, i\u015f\u00e7iler hak ararken susacaks\u0131n\u0131z, kamu \u00e7al\u0131\u015fanlar\u0131 yarg\u0131 karar\u0131 olmaks\u0131z\u0131n at\u0131l\u0131rken susacaks\u0131n\u0131z, kiral\u0131k i\u015f\u00e7ilik yasala\u015f\u0131rken susacaks\u0131n\u0131z, ta\u015feron i\u015f\u00e7ilerin toplu s\u00f6zle\u015fme hakk\u0131 yok edilirken susacaks\u0131n\u0131z ve sonra el de\u011fi\u015ftirilen belediyelerde aya\u011f\u0131n\u0131za k\u00fc\u00e7\u00fck bir ta\u015f de\u011fince sendikac\u0131l\u0131\u011f\u0131 hat\u0131rlayacaks\u0131n\u0131z. \u0130\u015f\u00e7i s\u0131n\u0131f\u0131n\u0131n, emek\u00e7ilerin akl\u0131yla dalga ge\u00e7meyin\u2026<\/p>\n<p style=\"text-align: justify;\">\n<p style=\"text-align: justify;\">\n","protected":false},"excerpt":{"rendered":"<p>31 Mart 2019 yerel se\u00e7imleriyle bir\u00e7ok belediyenin el de\u011fi\u015ftirmesi ve muhalefet partilerine ge\u00e7mesinin ard\u0131ndan bir yandan belediyelerde ge\u00e7mi\u015fte ya\u015fanan istihdamda partizanl\u0131k ve sendikal kay\u0131rmac\u0131l\u0131k \u00f6rnekleri g\u00fcndemde gelirken, bir yandan da baz\u0131 yeni belediye y\u00f6netimlerinin yapt\u0131\u011f\u0131 i\u015f\u00e7i \u00e7\u0131karmalar tart\u0131\u015fmalar\u0131 alevlendi. Belediyelerde sendika se\u00e7me \u00f6zg\u00fcrl\u00fc\u011f\u00fc konusunu ve ge\u00e7mi\u015fte yap\u0131lan sendikal kay\u0131rmac\u0131l\u0131k \u00f6rneklerini 29 Nisan 2019\u2019da BirG\u00fcn\u2019de yay\u0131mlanan [&hellip;]<\/p>\n","protected":false},"author":3,"featured_media":2326,"comment_status":"open","ping_status":"open","sticky":false,"template":"","format":"standard","meta":{"jnews-multi-image_gallery":[],"jnews_single_post":{"source_name":"","source_url":"","via_name":"","via_url":"","override_template":"0","override":[{"template":"1","single_blog_custom":"","parallax":"1","fullscreen":"1","layout":"right-sidebar","sidebar":"default-sidebar","second_sidebar":"default-sidebar","sticky_sidebar":"1","share_position":"top","share_float_style":"share-monocrhome","show_share_counter":"1","show_view_counter":"1","show_featured":"1","show_post_meta":"1","show_post_author":"1","show_post_author_image":"1","show_post_date":"1","post_date_format":"default","post_date_format_custom":"Y\/m\/d","show_post_category":"1","show_post_reading_time":"0","post_reading_time_wpm":"300","show_zoom_button":"0","zoom_button_out_step":"2","zoom_button_in_step":"3","show_post_tag":"1","show_prev_next_post":"1","show_popup_post":"1","number_popup_post":"1","show_author_box":"0","show_post_related":"0","show_inline_post_related":"0"}],"override_image_size":"0","image_override":[{"single_post_thumbnail_size":"crop-500","single_post_gallery_size":"crop-500"}],"trending_post":"0","trending_post_position":"meta","trending_post_label":"Trending","sponsored_post":"0","sponsored_post_label":"Sponsored by","sponsored_post_name":"","sponsored_post_url":"","sponsored_post_logo_enable":"0","sponsored_post_logo":"","sponsored_post_desc":"","disable_ad":"0"},"jnews_primary_category":{"id":""},"jnews_social_meta":{"fb_title":"","fb_description":"","fb_image":"","twitter_title":"","twitter_description":"","twitter_image":""},"jnews_override_counter":{"override_view_counter":"0","view_counter_number":"0","override_share_counter":"0","share_counter_number":"0","override_like_counter":"0","like_counter_number":"0","override_dislike_counter":"0","dislike_counter_number":"0"},"footnotes":""},"categories":[1],"tags":[158],"class_list":["post-2687","post","type-post","status-publish","format-standard","has-post-thumbnail","hentry","category-genel","tag-basindan"],"_links":{"self":[{"href":"https:\/\/belediyeis.org.tr\/merkez\/wp-json\/wp\/v2\/posts\/2687","targetHints":{"allow":["GET"]}}],"collection":[{"href":"https:\/\/belediyeis.org.tr\/merkez\/wp-json\/wp\/v2\/posts"}],"about":[{"href":"https:\/\/belediyeis.org.tr\/merkez\/wp-json\/wp\/v2\/types\/post"}],"author":[{"embeddable":true,"href":"https:\/\/belediyeis.org.tr\/merkez\/wp-json\/wp\/v2\/users\/3"}],"replies":[{"embeddable":true,"href":"https:\/\/belediyeis.org.tr\/merkez\/wp-json\/wp\/v2\/comments?post=2687"}],"version-history":[{"count":1,"href":"https:\/\/belediyeis.org.tr\/merkez\/wp-json\/wp\/v2\/posts\/2687\/revisions"}],"predecessor-version":[{"id":2688,"href":"https:\/\/belediyeis.org.tr\/merkez\/wp-json\/wp\/v2\/posts\/2687\/revisions\/2688"}],"wp:featuredmedia":[{"embeddable":true,"href":"https:\/\/belediyeis.org.tr\/merkez\/wp-json\/wp\/v2\/media\/2326"}],"wp:attachment":[{"href":"https:\/\/belediyeis.org.tr\/merkez\/wp-json\/wp\/v2\/media?parent=2687"}],"wp:term":[{"taxonomy":"category","embeddable":true,"href":"https:\/\/belediyeis.org.tr\/merkez\/wp-json\/wp\/v2\/categories?post=2687"},{"taxonomy":"post_tag","embeddable":true,"href":"https:\/\/belediyeis.org.tr\/merkez\/wp-json\/wp\/v2\/tags?post=2687"}],"curies":[{"name":"wp","href":"https:\/\/api.w.org\/{rel}","templated":true}]}}