{"id":2661,"date":"2019-05-06T13:19:41","date_gmt":"2019-05-06T10:19:41","guid":{"rendered":"http:\/\/belediyeis.org.tr\/merkez\/?p=2661"},"modified":"2022-03-29T13:22:48","modified_gmt":"2022-03-29T10:22:48","slug":"basindan-evrensel-gazetesi-ibb-iscilerinden-hizmet-is-ve-a-habere-tepki","status":"publish","type":"post","link":"https:\/\/belediyeis.org.tr\/merkez\/2019\/05\/06\/basindan-evrensel-gazetesi-ibb-iscilerinden-hizmet-is-ve-a-habere-tepki\/","title":{"rendered":"Bas\u0131ndan &#8211; Evrensel Gazetesi &#8211; \u0130BB i\u015f\u00e7ilerinden Hizmet-\u0130\u015f ve A Haber\u2019e tepki"},"content":{"rendered":"<p style=\"text-align: justify;\">\u0130BB&#8217;de i\u015f\u00e7ilerin anayasal haklar\u0131 do\u011frultusunda sendika de\u011fi\u015ftirmesinin iktidara yak\u0131n medyada maniple edilerek verilmesini Belediye-\u0130\u015f \u00fcyeleri protesto etti.<\/p>\n<p style=\"text-align: justify;\">T\u00fcrk-\u0130\u015f\u2019e ba\u011fl\u0131 Belediye-\u0130\u015f, iktidara yak\u0131n medyada \u00e7\u0131kan, \u201cBelediye-\u0130\u015f, \u0130BB \u00e7al\u0131\u015fanlar\u0131 sendika de\u011fi\u015ftirmeye zorluyor\u201d haberlerine tepki g\u00f6sterdi. \u0130stanbul Fatih\u2019te bulunan Belediye-\u0130\u015f \u0130stanbul \u015eubeleri binas\u0131 \u00f6n\u00fcnde \u0130BB emek\u00e7ilerinin kat\u0131l\u0131m\u0131yla yap\u0131lan a\u00e7\u0131klamada, \u201cBaz\u0131 bas\u0131n yay\u0131n organlar\u0131nda alg\u0131 yaratma ama\u00e7l\u0131, birtak\u0131m haberlerin yay\u0131nlanmas\u0131, \u00f6zg\u00fcr iradesiyle sendika se\u00e7me hakk\u0131n\u0131 kullanan biz belediye emek\u00e7ilerinin a\u00e7\u0131klama yapmas\u0131n\u0131 zorunlu hale getirmi\u015ftir\u201d denildi.<\/p>\n<p style=\"text-align: justify;\">\u0130\u015f\u00e7iler ad\u0131na konu\u015fan \u0130BB Yol Bak\u0131m Onar\u0131m M\u00fcd\u00fcrl\u00fc\u011f\u00fc i\u015f\u00e7isi Temel \u00d6ner, \u201cHak-\u0130\u015f\/Hizmet-\u0130\u015f\u2019in bir tak\u0131m zorbalar\u0131, anayasal ve yasal haklar\u0131n\u0131 kullanarak sendika de\u011fi\u015ftirmek i\u00e7in Anadolu Yakas\u0131 Yol Bak\u0131m 7. B\u00f6lge\u2019de toplant\u0131 yapan ve g\u00f6r\u00fc\u015f al\u0131\u015fveri\u015finde bulunan i\u015f\u00e7ilerin toplant\u0131s\u0131na bask\u0131n yap\u0131p, b\u0131\u00e7ak \u00e7ekip tehditler savurup, ard\u0131ndan da kayda ald\u0131klar\u0131 g\u00f6r\u00fcnt\u00fcleri sanki kendileri sald\u0131r\u0131ya u\u011fram\u0131\u015f gibi malum kanallarda yay\u0131nlat\u0131yorlar\u201d dedi.<\/p>\n<p style=\"text-align: justify;\">\u201cAma\u00e7lar\u0131 \u0130stanbul B\u00fcy\u00fck\u015fehir Belediyesinde, \u2018Belediye-\u0130\u015f zorla, d\u00f6v\u00fc\u015fle, kavgayla \u00fcye yap\u0131yor\u2019 alg\u0131s\u0131 yaratmak\u201d diye konu\u015fan \u00d6ner \u015fu ifadeleri kulland\u0131:<\/p>\n<p style=\"text-align: justify;\">\u201cBirinci ama\u00e7lar\u0131, 31 Mart se\u00e7imleri ard\u0131ndan \u0130stanbul B\u00fcy\u00fck\u015fehir Belediyesinde olu\u015fan demokratik ortam\u0131 baltalayarak, zorbal\u0131kla, tehditle bask\u0131yla korkutmayla biz emek\u00e7ilerin \u00f6zg\u00fcrce sendika se\u00e7me hakk\u0131m\u0131z\u0131 kullanmam\u0131z\u0131 engellemek. \u0130kinci ama\u00e7lar\u0131 ise, haber ve alg\u0131 oyunlar\u0131 ile belediyede huzursuzluk kar\u0131\u015f\u0131kl\u0131k var alg\u0131s\u0131 yaratarak, \u0130stanbul B\u00fcy\u00fck\u015fehir Belediye Ba\u015fkan\u0131 Say\u0131n \u0130mamo\u011flu\u2019nu siyasi olarak zora sokup y\u0131pratma \u00e7abas\u0131d\u0131r.\u201d<\/p>\n<p style=\"text-align: justify;\">\u2018Y\u00d6NET\u0130C\u0130LER HAK-\u0130\u015e \u0130\u00c7\u0130N SEFERBER\u2019<\/p>\n<p style=\"text-align: justify;\">\u00d6ner a\u00e7\u0131klaman\u0131n devam\u0131nda \u015fu ifadeleri kulland\u0131:<\/p>\n<p style=\"text-align: justify;\">\u201cBundan yakla\u015f\u0131k 10 sene \u00f6nce i\u015fimizle, a\u015f\u0131m\u0131zla, \u00e7oluk \u00e7ocu\u011fumuzun gelece\u011fiyle tehdit edilerek; i\u015fveren bask\u0131s\u0131yla Hak-\u0130\u015f\/Hizmet-\u0130\u015f\u2019e \u00fcye olmaya zorland\u0131k. T\u0131pk\u0131 son se\u00e7im yenilemesi \u00f6ncesi oldu\u011fu gibi, t\u00fcm belediye i\u015f\u00e7ileri amirlerin yasad\u0131\u015f\u0131 emirleriyle Hak-\u0130\u015f\u2019e ba\u011fl\u0131 yap\u0131lara zorla \u00fcye yap\u0131lmak istendik. Ama bizler sadece telefon mesaj\u0131 almad\u0131k. Belediye-\u0130\u015f\u2019ten istifa etmeyen, yanda\u015f Hak-\u0130\u015f\/Hizmet-\u0130\u015f\u2019e ge\u00e7meyen arkada\u015flar\u0131m\u0131z s\u00fcrg\u00fcnlere g\u00f6nderildi. \u0130\u015ften \u00e7\u0131kar\u0131ld\u0131. Her t\u00fcrl\u00fc bask\u0131y\u0131 g\u00f6rd\u00fck. Bizlerin anayasal ve yasal sendika se\u00e7me hakk\u0131 \u00e7i\u011fnendi, su\u00e7 i\u015flenerek her t\u00fcrl\u00fc zorbal\u0131kla istifaya zorland\u0131k. Yap\u0131lan tehdit ve bask\u0131 kar\u015f\u0131s\u0131nda \u2018Anayasal sendika se\u00e7me hakk\u0131m\u0131za m\u00fcdahale ediliyor, bu yasad\u0131\u015f\u0131 bask\u0131y\u0131 durdurun\u2019 \u00e7a\u011fr\u0131m\u0131za ra\u011fmen t\u00fcm kurumlar bizi g\u00f6rmezden geldi. Bug\u00fcn Hak-\u0130\u015f i\u00e7in seferber olan y\u00f6neticiler, o g\u00fcn bizlere yap\u0131lan zul\u00fcmlere sessiz kald\u0131lar. Bug\u00fcn alg\u0131 operasyonun aparat\u0131 olan yanda\u015f kanallar, o g\u00fcn o zulm\u00fc yapanlar\u0131 alk\u0131\u015fl\u0131yorlard\u0131. Bask\u0131n\u0131n her t\u00fcrl\u00fcs\u00fcn\u00fc, zorbal\u0131\u011f\u0131n daniskas\u0131n\u0131, yanda\u015fl\u0131\u011f\u0131n bin bir \u00e7e\u015fidini yapanlar; bug\u00fcn utanmadan s\u0131k\u0131lmadan, bizlerin \u00f6zg\u00fcrce sendika se\u00e7me tercihini karalamaya \u00e7al\u0131\u015f\u0131yorlar.\u201d<\/p>\n<p style=\"text-align: justify;\">06.05.2019<\/p>\n<p style=\"text-align: justify;\">\n<p style=\"text-align: justify;\">\n","protected":false},"excerpt":{"rendered":"<p>\u0130BB&#8217;de i\u015f\u00e7ilerin anayasal haklar\u0131 do\u011frultusunda sendika de\u011fi\u015ftirmesinin iktidara yak\u0131n medyada maniple edilerek verilmesini Belediye-\u0130\u015f \u00fcyeleri protesto etti. T\u00fcrk-\u0130\u015f\u2019e ba\u011fl\u0131 Belediye-\u0130\u015f, iktidara yak\u0131n medyada \u00e7\u0131kan, \u201cBelediye-\u0130\u015f, \u0130BB \u00e7al\u0131\u015fanlar\u0131 sendika de\u011fi\u015ftirmeye zorluyor\u201d haberlerine tepki g\u00f6sterdi. \u0130stanbul Fatih\u2019te bulunan Belediye-\u0130\u015f \u0130stanbul \u015eubeleri binas\u0131 \u00f6n\u00fcnde \u0130BB emek\u00e7ilerinin kat\u0131l\u0131m\u0131yla yap\u0131lan a\u00e7\u0131klamada, \u201cBaz\u0131 bas\u0131n yay\u0131n organlar\u0131nda alg\u0131 yaratma ama\u00e7l\u0131, birtak\u0131m haberlerin [&hellip;]<\/p>\n","protected":false},"author":3,"featured_media":2662,"comment_status":"open","ping_status":"open","sticky":false,"template":"","format":"standard","meta":{"jnews-multi-image_gallery":[],"jnews_single_post":{"source_name":"","source_url":"","via_name":"","via_url":"","override_template":"0","override":[{"template":"1","single_blog_custom":"","parallax":"1","fullscreen":"1","layout":"right-sidebar","sidebar":"default-sidebar","second_sidebar":"default-sidebar","sticky_sidebar":"1","share_position":"top","share_float_style":"share-monocrhome","show_share_counter":"1","show_view_counter":"1","show_featured":"1","show_post_meta":"1","show_post_author":"1","show_post_author_image":"1","show_post_date":"1","post_date_format":"default","post_date_format_custom":"Y\/m\/d","show_post_category":"1","show_post_reading_time":"0","post_reading_time_wpm":"300","show_zoom_button":"0","zoom_button_out_step":"2","zoom_button_in_step":"3","show_post_tag":"1","show_prev_next_post":"1","show_popup_post":"1","number_popup_post":"1","show_author_box":"0","show_post_related":"0","show_inline_post_related":"0"}],"override_image_size":"0","image_override":[{"single_post_thumbnail_size":"crop-500","single_post_gallery_size":"crop-500"}],"trending_post":"0","trending_post_position":"meta","trending_post_label":"Trending","sponsored_post":"0","sponsored_post_label":"Sponsored by","sponsored_post_name":"","sponsored_post_url":"","sponsored_post_logo_enable":"0","sponsored_post_logo":"","sponsored_post_desc":"","disable_ad":"0"},"jnews_primary_category":{"id":""},"jnews_social_meta":{"fb_title":"","fb_description":"","fb_image":"","twitter_title":"","twitter_description":"","twitter_image":""},"jnews_override_counter":{"override_view_counter":"0","view_counter_number":"0","override_share_counter":"0","share_counter_number":"0","override_like_counter":"0","like_counter_number":"0","override_dislike_counter":"0","dislike_counter_number":"0"},"footnotes":""},"categories":[1],"tags":[158],"class_list":["post-2661","post","type-post","status-publish","format-standard","has-post-thumbnail","hentry","category-genel","tag-basindan"],"_links":{"self":[{"href":"https:\/\/belediyeis.org.tr\/merkez\/wp-json\/wp\/v2\/posts\/2661","targetHints":{"allow":["GET"]}}],"collection":[{"href":"https:\/\/belediyeis.org.tr\/merkez\/wp-json\/wp\/v2\/posts"}],"about":[{"href":"https:\/\/belediyeis.org.tr\/merkez\/wp-json\/wp\/v2\/types\/post"}],"author":[{"embeddable":true,"href":"https:\/\/belediyeis.org.tr\/merkez\/wp-json\/wp\/v2\/users\/3"}],"replies":[{"embeddable":true,"href":"https:\/\/belediyeis.org.tr\/merkez\/wp-json\/wp\/v2\/comments?post=2661"}],"version-history":[{"count":1,"href":"https:\/\/belediyeis.org.tr\/merkez\/wp-json\/wp\/v2\/posts\/2661\/revisions"}],"predecessor-version":[{"id":2663,"href":"https:\/\/belediyeis.org.tr\/merkez\/wp-json\/wp\/v2\/posts\/2661\/revisions\/2663"}],"wp:featuredmedia":[{"embeddable":true,"href":"https:\/\/belediyeis.org.tr\/merkez\/wp-json\/wp\/v2\/media\/2662"}],"wp:attachment":[{"href":"https:\/\/belediyeis.org.tr\/merkez\/wp-json\/wp\/v2\/media?parent=2661"}],"wp:term":[{"taxonomy":"category","embeddable":true,"href":"https:\/\/belediyeis.org.tr\/merkez\/wp-json\/wp\/v2\/categories?post=2661"},{"taxonomy":"post_tag","embeddable":true,"href":"https:\/\/belediyeis.org.tr\/merkez\/wp-json\/wp\/v2\/tags?post=2661"}],"curies":[{"name":"wp","href":"https:\/\/api.w.org\/{rel}","templated":true}]}}