{"id":2560,"date":"2020-03-14T17:08:23","date_gmt":"2020-03-14T14:08:23","guid":{"rendered":"http:\/\/belediyeis.org.tr\/merkez\/?p=2560"},"modified":"2022-03-25T17:10:23","modified_gmt":"2022-03-25T14:10:23","slug":"sendikamizdan","status":"publish","type":"post","link":"https:\/\/belediyeis.org.tr\/merkez\/2020\/03\/14\/sendikamizdan\/","title":{"rendered":"Sendikam\u0131zdan"},"content":{"rendered":"<p style=\"text-align: justify;\">B\u00fct\u00fcn d\u00fcnyay\u0131 saran ve son olarak da \u00fclkemizde g\u00f6r\u00fclmeye ba\u015flayan Corona vir\u00fcs vakalar\u0131 ile m\u00fccadele ve vir\u00fcs\u00fcn yay\u0131lmas\u0131n\u0131n \u00f6nlenmesi konusunda bir\u00e7ok tedbir al\u0131nmaya ba\u015flanm\u0131\u015ft\u0131r. Okullar\u0131n \u00fclkemiz genelinde iki hafta tatil edilmesinin ard\u0131ndan belediyelerin &#8220;12 ya\u015f alt\u0131 \u00e7ocuk sahibi personelin idari izinli say\u0131lmas\u0131&#8221; yine ayn\u0131 zamanda &#8220;hamile, hasta, engelli ve 60 ya\u015f \u00fcst\u00fc \u00e7al\u0131\u015fanlar\u0131n idari izinli say\u0131lmas\u0131&#8221; y\u00f6n\u00fcndeki kararlar\u0131n\u0131 b\u00fcy\u00fck memnuniyetle kar\u015f\u0131l\u0131yor ve sonuna kadar destekliyoruz.<\/p>\n<p style=\"text-align: justify;\">Belediye-\u0130\u015f Sendikas\u0131<\/p>\n<p style=\"text-align: justify;\">\n","protected":false},"excerpt":{"rendered":"<p>B\u00fct\u00fcn d\u00fcnyay\u0131 saran ve son olarak da \u00fclkemizde g\u00f6r\u00fclmeye ba\u015flayan Corona vir\u00fcs vakalar\u0131 ile m\u00fccadele ve vir\u00fcs\u00fcn yay\u0131lmas\u0131n\u0131n \u00f6nlenmesi konusunda bir\u00e7ok tedbir al\u0131nmaya ba\u015flanm\u0131\u015ft\u0131r. Okullar\u0131n \u00fclkemiz genelinde iki hafta tatil edilmesinin ard\u0131ndan belediyelerin &#8220;12 ya\u015f alt\u0131 \u00e7ocuk sahibi personelin idari izinli say\u0131lmas\u0131&#8221; yine ayn\u0131 zamanda &#8220;hamile, hasta, engelli ve 60 ya\u015f \u00fcst\u00fc \u00e7al\u0131\u015fanlar\u0131n idari izinli [&hellip;]<\/p>\n","protected":false},"author":3,"featured_media":2484,"comment_status":"open","ping_status":"open","sticky":false,"template":"","format":"standard","meta":{"jnews-multi-image_gallery":[],"jnews_single_post":{"source_name":"","source_url":"","via_name":"","via_url":"","override_template":"0","override":[{"template":"1","single_blog_custom":"","parallax":"1","fullscreen":"1","layout":"right-sidebar","sidebar":"default-sidebar","second_sidebar":"default-sidebar","sticky_sidebar":"1","share_position":"top","share_float_style":"share-monocrhome","show_share_counter":"1","show_view_counter":"1","show_featured":"1","show_post_meta":"1","show_post_author":"1","show_post_author_image":"1","show_post_date":"1","post_date_format":"default","post_date_format_custom":"Y\/m\/d","show_post_category":"1","show_post_reading_time":"0","post_reading_time_wpm":"300","show_zoom_button":"0","zoom_button_out_step":"2","zoom_button_in_step":"3","show_post_tag":"1","show_prev_next_post":"1","show_popup_post":"1","number_popup_post":"1","show_author_box":"0","show_post_related":"0","show_inline_post_related":"0"}],"override_image_size":"0","image_override":[{"single_post_thumbnail_size":"crop-500","single_post_gallery_size":"crop-500"}],"trending_post":"0","trending_post_position":"meta","trending_post_label":"Trending","sponsored_post":"0","sponsored_post_label":"Sponsored by","sponsored_post_name":"","sponsored_post_url":"","sponsored_post_logo_enable":"0","sponsored_post_logo":"","sponsored_post_desc":"","disable_ad":"0"},"jnews_primary_category":{"id":""},"jnews_social_meta":{"fb_title":"","fb_description":"","fb_image":"","twitter_title":"","twitter_description":"","twitter_image":""},"jnews_override_counter":{"override_view_counter":"0","view_counter_number":"0","override_share_counter":"0","share_counter_number":"0","override_like_counter":"0","like_counter_number":"0","override_dislike_counter":"0","dislike_counter_number":"0"},"footnotes":""},"categories":[1],"tags":[118,215],"class_list":["post-2560","post","type-post","status-publish","format-standard","has-post-thumbnail","hentry","category-genel","tag-covid","tag-covid-19"],"_links":{"self":[{"href":"https:\/\/belediyeis.org.tr\/merkez\/wp-json\/wp\/v2\/posts\/2560","targetHints":{"allow":["GET"]}}],"collection":[{"href":"https:\/\/belediyeis.org.tr\/merkez\/wp-json\/wp\/v2\/posts"}],"about":[{"href":"https:\/\/belediyeis.org.tr\/merkez\/wp-json\/wp\/v2\/types\/post"}],"author":[{"embeddable":true,"href":"https:\/\/belediyeis.org.tr\/merkez\/wp-json\/wp\/v2\/users\/3"}],"replies":[{"embeddable":true,"href":"https:\/\/belediyeis.org.tr\/merkez\/wp-json\/wp\/v2\/comments?post=2560"}],"version-history":[{"count":1,"href":"https:\/\/belediyeis.org.tr\/merkez\/wp-json\/wp\/v2\/posts\/2560\/revisions"}],"predecessor-version":[{"id":2561,"href":"https:\/\/belediyeis.org.tr\/merkez\/wp-json\/wp\/v2\/posts\/2560\/revisions\/2561"}],"wp:featuredmedia":[{"embeddable":true,"href":"https:\/\/belediyeis.org.tr\/merkez\/wp-json\/wp\/v2\/media\/2484"}],"wp:attachment":[{"href":"https:\/\/belediyeis.org.tr\/merkez\/wp-json\/wp\/v2\/media?parent=2560"}],"wp:term":[{"taxonomy":"category","embeddable":true,"href":"https:\/\/belediyeis.org.tr\/merkez\/wp-json\/wp\/v2\/categories?post=2560"},{"taxonomy":"post_tag","embeddable":true,"href":"https:\/\/belediyeis.org.tr\/merkez\/wp-json\/wp\/v2\/tags?post=2560"}],"curies":[{"name":"wp","href":"https:\/\/api.w.org\/{rel}","templated":true}]}}