{"id":2554,"date":"2020-03-23T15:29:13","date_gmt":"2020-03-23T12:29:13","guid":{"rendered":"http:\/\/belediyeis.org.tr\/merkez\/?p=2554"},"modified":"2022-03-25T15:31:38","modified_gmt":"2022-03-25T12:31:38","slug":"basindan-birgun-gazetesi-koronavirusle-mucadele-icin-15-politika-onerisi-simdi-sosyal-devlet-zamanidir","status":"publish","type":"post","link":"https:\/\/belediyeis.org.tr\/merkez\/2020\/03\/23\/basindan-birgun-gazetesi-koronavirusle-mucadele-icin-15-politika-onerisi-simdi-sosyal-devlet-zamanidir\/","title":{"rendered":"Bas\u0131ndan &#8211; Birg\u00fcn Gazetesi &#8211; Koronavir\u00fcsle m\u00fccadele i\u00e7in 15 politika \u00f6nerisi: \u015eimdi sosyal devlet zaman\u0131d\u0131r"},"content":{"rendered":"<p>Aziz \u00c7elik<\/p>\n<p style=\"text-align: justify;\">Covid-19 ile ancak sosyal devlet anlay\u0131\u015f\u0131 ile m\u00fccadele edebiliriz. Kamucu ve toplumcu bir yakla\u015f\u0131mla salg\u0131na kar\u015f\u0131 etkin m\u00fccadele m\u00fcmk\u00fcn. Halk\u0131n sa\u011fl\u0131\u011f\u0131n\u0131, i\u015fini ve a\u015f\u0131n\u0131 g\u00fcvence alt\u0131na almak i\u00e7in acilen baz\u0131 ad\u0131mlar\u0131n at\u0131lmas\u0131 gerekiyor<\/p>\n<p style=\"text-align: justify;\">Koronavir\u00fcs hem sa\u011fl\u0131\u011f\u0131m\u0131z\u0131 hem de sosyal ve ekonomik ya\u015fam\u0131 tehdit ediyor. Vir\u00fcs\u00fcn yaratt\u0131\u011f\u0131 insani felaket yan\u0131nda b\u00fcy\u00fck bir toplumsal ve iktisadi felaketle y\u00fcz y\u00fczeyiz. Devasa bir i\u015fsizlik ve gelir kayb\u0131 kap\u0131da. Uluslararas\u0131 \u00c7al\u0131\u015fma \u00d6rg\u00fct\u00fc (ILO), Covid-19 nedeniyle d\u00fcnya \u00e7ap\u0131nda 25 milyon ki\u015finin daha i\u015fsizler ordusuna eklenebilece\u011fini a\u00e7\u0131klad\u0131. T\u00fcrkiye gibi k\u0131r\u0131lgan ve ekonomik krizle bo\u011fu\u015fan bir \u00fclkede i\u015fsizli\u011fin boyutlar\u0131 \u00e7ok daha b\u00fcy\u00fck olabilir. \u0130\u015fsizler ordusuna milyonlar eklenebilir. Ciddi bir gelir kayb\u0131 ve yokluk art\u0131\u015f\u0131 ya\u015fanabilir. Daha \u015fimdiden y\u00fcz binlerce insan ya i\u015ften \u00e7\u0131kar\u0131lma ya da \u00fccretsiz izin ile y\u00fcz y\u00fcze.<\/p>\n<p style=\"text-align: justify;\">Krizle hem sa\u011fl\u0131k a\u00e7\u0131s\u0131ndan hem de toplumsal ve iktisadi a\u00e7\u0131dan ba\u015f etmenin yeg\u00e2ne yolu kamucu, toplumcu politikalara d\u00f6n\u00fclmesi, anayasal bir y\u00fck\u00fcml\u00fcl\u00fck olan sosyal devletin yeniden hat\u0131rlanmas\u0131d\u0131r. Covid-19 felaketi ba\u015fta sa\u011fl\u0131k olmak \u00fczere \u00f6zelle\u015ftirmenin ve ticarile\u015ftirmenin, kamu hizmetini ve kamu yarar\u0131n\u0131 ortadan kald\u0131rman\u0131n yaratabilece\u011fi felaketleri bir kez daha g\u00f6sterdi. Covid-19 orta ve uzun vadede toplumsal ve iktisadi ya\u015famda k\u00f6kl\u00fc sosyal de\u011fi\u015fikliklerinin, zihniyet de\u011fi\u015fikliklerinin kap\u0131s\u0131n\u0131 aralad\u0131. Neoliberalizmin iflas\u0131 tescil edildi.<\/p>\n<p style=\"text-align: justify;\">Covid-19 ile bilimin yol g\u00f6stericili\u011finde ve sosyal devlet anlay\u0131\u015f\u0131 ile m\u00fccadele edebiliriz. K\u0131sa vadede kamucu ve toplumcu bir yakla\u015f\u0131mla salg\u0131na kar\u015f\u0131 etkin m\u00fccadele m\u00fcmk\u00fcn. Halk\u0131n sa\u011fl\u0131\u011f\u0131n\u0131, i\u015fini ve a\u015f\u0131n\u0131 g\u00fcvence alt\u0131na almak i\u00e7in acil ad\u0131mlar at\u0131lmal\u0131d\u0131r. \u0130\u015fte sosyal bir felaketi \u00f6nlemek, Covid-19\u2019un tahribat\u0131n\u0131 azaltmak ve halk s\u0131n\u0131flar\u0131n\u0131 korumak i\u00e7in baz\u0131 acil \u00f6nlemler:<\/p>\n<p style=\"text-align: justify;\">\u0130\u015eTEN \u00c7IKARMALAR YASAKLANSIN<\/p>\n<p style=\"text-align: justify;\">Ola\u011fan\u00fcst\u00fc bir d\u00f6nemden ge\u00e7iyoruz. Bu d\u00f6nemde ola\u011fan\u00fcst\u00fc \u00f6nlemler al\u0131nmal\u0131d\u0131r. Covid-19 salg\u0131n\u0131 nedeniyle devasa bir i\u015fsizlik dalgas\u0131 geliyor. \u00dccretsiz izin uygulamalar\u0131 yayg\u0131nla\u015ft\u0131. Bu dalga hem sa\u011fl\u0131k a\u00e7\u0131s\u0131ndan riskler yaratacak hem de sosyal ve iktisadi a\u00e7\u0131dan salg\u0131nla m\u00fccadeleyi zay\u0131flatacakt\u0131r. Acilen i\u015ften \u00e7\u0131karma yasa\u011f\u0131 getirilmelidir. \u0130\u015ften \u00e7\u0131karma yasa\u011f\u0131 toplumsal bir felaketi \u00f6nlemenin ilk ad\u0131m\u0131d\u0131r.<\/p>\n<p style=\"text-align: justify;\">\u00c7ALI\u015eANLARIN GEL\u0130R\u0130 G\u00dcVENCE ALTINA ALINSIN<\/p>\n<p style=\"text-align: justify;\">Salg\u0131n d\u00f6neminde devletin sosyal y\u00fck\u00fcml\u00fcl\u00fcklerinden biri halk\u0131n, \u00e7al\u0131\u015fanlar\u0131n temel ya\u015fama gereksinimlerini sa\u011flayacak bir gelir elde etmesini sa\u011flamakt\u0131r. Bunu sa\u011flamak i\u00e7in bir dizi kamusal tedbir uygulanabilir.<\/p>\n<p style=\"text-align: justify;\">\u0130\u015eE ARA VER\u0130LMES\u0130 HAL\u0130NDE \u0130\u015eVEREN\u0130N \u00dcCRET \u00d6DEME Y\u00dcK\u00dcML\u00dcL\u00dc\u011e\u00dc 15 G\u00dcNE \u00c7IKARILSIN<\/p>\n<p style=\"text-align: justify;\">\u0130\u015fyerlerinin kapanmas\u0131 ve \u00fcretime\/hizmete ara vermesi durumunda en az 15 g\u00fcn s\u00fcreyle i\u015fverenler \u00e7al\u0131\u015fanlar\u0131n \u00fccretlerini \u00f6desin. Yasada bir hafta ve yar\u0131m \u00fccret olan uygulama 15 g\u00fcn ve tam \u00fccrete \u00e7\u0131kar\u0131ls\u0131n.<\/p>\n<p style=\"text-align: justify;\">\u0130\u015eS\u0130ZL\u0130K S\u0130GORTASI FONU DEVREYE SOKULSUN<\/p>\n<p style=\"text-align: justify;\">\u0130\u015fsizlik Sigortas\u0131 Fonu etkin bi\u00e7imde devreye sokulsun. Fon kaynaklar\u0131 i\u015fsizlik \u00f6dene\u011fi, k\u0131sa \u00e7al\u0131\u015fma \u00f6dene\u011fi ve \u00fccret garanti fonu gibi ara\u00e7larla \u00e7al\u0131\u015fanlar\u0131 korumak i\u00e7in etkin bi\u00e7imde kullan\u0131ls\u0131n. Fonda biriken 130 Milyar TL\u2019yi a\u015fk\u0131n kaynak, milyonlarca \u00e7al\u0131\u015fana aylarca gelir sa\u011flamaya yetecek d\u00fczeydedir. Fon i\u015fverenlere te\u015fvik ve devlete ucuz i\u00e7 bor\u00e7lanma arac\u0131 olarak de\u011fil, i\u015f\u00e7inin ve i\u015fsizin gelirini korumak i\u00e7in devreye sokulsun.<\/p>\n<p style=\"text-align: justify;\">\u0130\u015eS\u0130ZL\u0130K \u00d6DENE\u011e\u0130NDEN YARARLANMA KO\u015eULLARI KOLAYLA\u015eTIRILSIN<\/p>\n<p style=\"text-align: justify;\">\u0130\u015fsizlik \u00f6dene\u011finden yararlanmak i\u00e7in son \u00fc\u00e7 y\u0131lda 600 g\u00fcn ve son 120 g\u00fcnde kesintisiz \u00e7al\u0131\u015fma ko\u015fulu gev\u015fetilsin, bunun yerine 90 g\u00fcn \u00e7al\u0131\u015fma ko\u015fulu getirilsin. B\u00f6ylece i\u015fsizlik \u00f6dene\u011finden daha fazla i\u015fsizin yararlanmas\u0131 sa\u011flans\u0131n.<\/p>\n<p style=\"text-align: justify;\">KISA \u00c7ALI\u015eMA \u00d6DENE\u011e\u0130 AC\u0130LEN DEVREYE SOKULSUN<\/p>\n<p style=\"text-align: justify;\">K\u0131sa \u00e7al\u0131\u015fma \u00f6dene\u011finden yararlanma \u015fartlar\u0131 kolayla\u015ft\u0131r\u0131ls\u0131n. Son \u00fc\u00e7 y\u0131lda 600 g\u00fcn ve son 120 g\u00fcnde kesintisiz \u00e7al\u0131\u015fma ko\u015fulu gev\u015fetilsin, bunun yerine 90 g\u00fcn \u00e7al\u0131\u015fma ko\u015fulu getirilsin.<\/p>\n<p style=\"text-align: justify;\">K\u0131sa \u00e7al\u0131\u015fma \u00f6dene\u011fi prosed\u00fcr\u00fc basitle\u015ftirilsin. Ba\u015fvurular\u0131n denetimi sonra yap\u0131ls\u0131n. Daha \u00f6nce i\u015fsizlik sigortas\u0131 ve k\u0131sa \u00e7al\u0131\u015fma \u00f6dene\u011finden yararlananlar\u0131n tekrar yararlanmas\u0131 sa\u011flans\u0131n.<\/p>\n<p style=\"text-align: justify;\">ZORUNLU VE AC\u0130L SEKT\u00d6RLER DI\u015eINDA \u0130\u015eLER TAT\u0130L ED\u0130LS\u0130N<\/p>\n<p style=\"text-align: justify;\">Salg\u0131nla m\u00fccadele kapsam\u0131nda zorunlu, acil ve temel mal ve hizmet \u00fcretimi d\u0131\u015f\u0131ndaki i\u015fler 15 g\u00fcn s\u00fcreyle tatil edilsin. \u00c7al\u0131\u015fanlar\u0131n sa\u011fl\u0131\u011f\u0131 korunsun. \u0130\u015fyerlerinde ciddi sa\u011fl\u0131k riskleri s\u00f6z konusudur. Sosyal mesafenin korunmas\u0131 zordur. Servisler ve yemekhaneler ciddi risk olu\u015fturmaktad\u0131r.<\/p>\n<p style=\"text-align: justify;\">R\u0130SK GRUPLARI \u0130\u00c7\u0130N \u00dcCRETL\u0130 \u0130Z\u0130N YAYGINLA\u015eTIRILSIN<\/p>\n<p style=\"text-align: justify;\">Kamuda risk gruplar\u0131 i\u00e7in \u00fccretli izin uygulamas\u0131 ba\u015flat\u0131ld\u0131. Ayn\u0131 uygulama \u00f6zel sekt\u00f6rde yayg\u0131nla\u015ft\u0131r\u0131lmal\u0131. Risk grubu \u00e7al\u0131\u015fanlara \u00f6zel sekt\u00f6rde \u00fccretli izin verilmeli. Bu iznin ilk 15 g\u00fcn\u00fc i\u015fveren taraf\u0131ndan, sonraki b\u00f6l\u00fcm\u00fc \u0130\u015fsizlik Sigortas\u0131 Fonu\u2019ndan kar\u015f\u0131lans\u0131n.<\/p>\n<p style=\"text-align: justify;\">\u00dcCRETS\u0130Z \u0130Z\u0130N VE YILLIK \u00dcCRETL\u0130 \u0130Z\u0130NDEN MAHSUP Y\u00d6NTEM\u0130 UYGULANMASIN<\/p>\n<p style=\"text-align: justify;\">\u00c7al\u0131\u015fanlar\u0131n kendi iradeleri d\u0131\u015f\u0131nda \u00fccretsiz izin uygulamas\u0131 hukuka ayk\u0131r\u0131d\u0131r. Ve hi\u00e7 kimse dayatma d\u0131\u015f\u0131nda \u00fccretsiz izni kabul etmez. \u00c7al\u0131\u015fanlara imzalat\u0131lan \u00fccretsiz izin dilek\u00e7eleri i\u015ften at\u0131lma korkusuyla imzalanm\u0131\u015ft\u0131r. Bu nedenle ge\u00e7erli kabul edilemez. Salg\u0131n d\u00f6neminde bu tip uygulamalar ge\u00e7ersiz say\u0131ls\u0131n. Salg\u0131n nedeniyle verilen izinler y\u0131ll\u0131k \u00fccretli izinden mahsup edilmesin.<\/p>\n<p style=\"text-align: justify;\">EVDEN \u00c7ALI\u015eMA, UZAKTAN \u00c7ALI\u015eMA YAYGINLA\u015eTIRILSIN<\/p>\n<p style=\"text-align: justify;\">Ya\u015fad\u0131\u011f\u0131m\u0131z dijital \u00e7a\u011f, \u00e7al\u0131\u015fma bi\u00e7imlerinde \u00f6nemli de\u011fi\u015fiklikler ve yeni olanaklar yarat\u0131yor. Bu olanaklardan yararlanarak salg\u0131n d\u00f6neminde uzaktan \u00e7al\u0131\u015fma uygulamas\u0131 te\u015fvik edilmelidir. Uzaktan \u00e7al\u0131\u015fma mevzuatta yer alan bir uygulamad\u0131r. Uzaktan \u00e7al\u0131\u015fma \u00e7al\u0131\u015fan\u0131n hak kayb\u0131na u\u011framaks\u0131z\u0131n i\u015fini yapmas\u0131 anlam\u0131na gelmektedir. Kamuda ve \u00f6zelde pek \u00e7ok alanda uzaktan \u00e7al\u0131\u015fma m\u00fcmk\u00fcnd\u00fcr ve salg\u0131ndan korunman\u0131n en \u00f6nemli yollar\u0131ndan biridir.<\/p>\n<p style=\"text-align: justify;\">TEMEL \u0130HT\u0130YA\u00c7 FATURALARI VE BOR\u00c7LAR ERTELENS\u0130N<\/p>\n<p style=\"text-align: justify;\">Elektrik, su, do\u011falgaz ve ileti\u015fim faturalar\u0131 ertelensin. Salg\u0131n s\u00fcresince temel ihtiya\u00e7 d\u00fczeyinde elektrik, su, do\u011falgaz ve ileti\u015fim harcamalar\u0131 \u00fccretsiz sa\u011flans\u0131n. Bu uygulama gelir kayg\u0131 nedeniyle ya\u015fanabilecek ge\u00e7im s\u0131k\u0131nt\u0131s\u0131n\u0131 ciddi olarak azaltacakt\u0131r. T\u0131pk\u0131 \u015firketlerin bor\u00e7lar\u0131n\u0131n ertelenmesi gibi hanehalk\u0131n\u0131n da t\u00fcketici kredisi ve kredi kart\u0131 bor\u00e7lar\u0131 salg\u0131n boyunca ertelensin. Ayr\u0131ca bu bor\u00e7lardan kaynakl\u0131 haciz i\u015flemleri durdurulsun.<\/p>\n<p style=\"text-align: justify;\">GEREKS\u0130Z KAMU YATIRIMLARI DURDURULSUN<\/p>\n<p style=\"text-align: justify;\">Salg\u0131n kamu maliyesinde ciddi s\u0131k\u0131nt\u0131lara yol a\u00e7acakt\u0131r, bu nedenle Kanal \u0130stanbul gibi gereksiz ve tart\u0131\u015fmal\u0131 kamu yat\u0131r\u0131mlar\u0131 hemen durdurulmal\u0131d\u0131r. Kamunun kaynaklar\u0131 t\u00fcm\u00fcyle salg\u0131nla m\u00fccadeleye ayr\u0131lmal\u0131d\u0131r.<\/p>\n<p style=\"text-align: justify;\">K\u00d6PR\u00dc VE YOLLAR \u0130\u00c7\u0130N GARANT\u0130 \u00d6DEMELER\u0130 DURDURULSUN<\/p>\n<p style=\"text-align: justify;\">Devletin ara\u00e7 ve hasta garantisi verdi\u011fi k\u00f6pr\u00fc, yollar ve \u015fehir hastaneleri i\u00e7in garanti \u00f6demeleri ask\u0131ya al\u0131ns\u0131n. B\u00f6ylece kamu kaynaklar\u0131n\u0131n \u015firketlere aktar\u0131m\u0131na son verilsin. Buralardan tasarruf edilen kaynaklar salg\u0131nla m\u00fccadeleye ayr\u0131ls\u0131n.<\/p>\n<p style=\"text-align: justify;\">KAMUSAL SA\u011eLIK S\u0130STEM\u0130NE GE\u00c7\u0130LS\u0130N, SA\u011eLIKTA \u00d6ZELLE\u015eT\u0130RMEDEN VAZGE\u00c7\u0130LS\u0130N<\/p>\n<p style=\"text-align: justify;\">Covid-19 sa\u011fl\u0131kta ve di\u011fer alanlardaki \u00f6zelle\u015ftirmelerin yaratabilece\u011fi felaketi g\u00f6zler \u00f6n\u00fcne serdi. \u00d6zel ve vak\u0131f hastanelerinin salg\u0131n s\u00fcresince kamu hastanesi stat\u00fcs\u00fcne al\u0131nmas\u0131, sa\u011fl\u0131kta \u00f6zelle\u015ftirmenin vahametini \u00f6nlemek a\u00e7\u0131s\u0131ndan \u00f6nemlidir. Ba\u015fta \u201chasta garantili\u201d \u015fehir hastaneleri uygulamas\u0131 olmak \u00fczere sa\u011fl\u0131kta \u00f6zelle\u015ftirme uygulamalar\u0131na son verilmelidir. \u0130stisnas\u0131z b\u00fct\u00fcn yurtta\u015flar genel sa\u011fl\u0131k sigortas\u0131 kapsam\u0131na al\u0131nmal\u0131 ve sa\u011fl\u0131k katk\u0131 ve kat\u0131l\u0131m pay\u0131 uygulamalar\u0131na son verilmelidir.<\/p>\n<p style=\"text-align: justify;\">KAYNAK SA\u011eLAMAK \u0130\u00c7\u0130N ETK\u0130N B\u0130R SERVET VERG\u0130S\u0130 GET\u0130R\u0130LMEL\u0130D\u0130R<\/p>\n<p style=\"text-align: justify;\">Covid-19 ile m\u00fccadele, hem \u015fimdi hem de sonras\u0131nda devasa kamusal kaynaklar gerektiriyor. Bunun i\u00e7in h\u0131zla etkin bir servet vergisi uygulamas\u0131 getirilmelidir. T\u00fcrkiye\u2019de ciddi bir servet e\u015fitsizli\u011fi vard\u0131r. En zengin y\u00fczde 1\u2019lik kesim, toplumsal servetin y\u00fczde 42,5\u2019ini; en zengin y\u00fczde 5, toplumsal servetin y\u00fczde 61\u2019ini elinde tutuyor. B\u00f6ylesine b\u00fcy\u00fck insani ve toplumsal felaket ko\u015fullar\u0131nda bu inan\u0131lmaz e\u015fitsizlik s\u00fcrd\u00fcr\u00fclemez. Salg\u0131nla m\u00fccadelede kamu kaynaklar\u0131n\u0131 art\u0131rmak ve halk\u0131n ihtiya\u00e7lar\u0131n\u0131 kar\u015f\u0131lamak i\u00e7in ciddi bir servet vergisi uygulamas\u0131na gidilmeli. Y\u00fczde 1\u2019den al\u0131n\u0131p topluma kaynak aktar\u0131lmal\u0131.<\/p>\n<p style=\"text-align: justify;\">Salg\u0131n b\u00fct\u00fcn insanlar i\u00e7in tehlike olu\u015ftursa da salg\u0131n\u0131n s\u0131n\u0131fsal karakterini g\u00f6z ard\u0131 etmemek laz\u0131m. Salg\u0131n halk s\u0131n\u0131flar\u0131 ve zenginler i\u00e7in ayn\u0131 sonu\u00e7lar\u0131 yaratm\u0131yor. Emek\u00e7i s\u0131n\u0131flar salg\u0131na kar\u015f\u0131 daha korumas\u0131z ve zay\u0131ft\u0131r. Bu nedenle daha fazla sosyal devlete, kamucu ve toplumcu politikalara ihtiya\u00e7 var. Covid-19 felaketi bize sosyal devlete, insani, kamucu ve toplumcu politikalara d\u00f6nme olana\u011f\u0131 da sunuyor. Covid-19 ile bilime g\u00fcvenerek ve sosyal devleti canland\u0131rarak m\u00fccadele edebiliriz.<\/p>\n<p style=\"text-align: justify;\">\n","protected":false},"excerpt":{"rendered":"<p>Aziz \u00c7elik Covid-19 ile ancak sosyal devlet anlay\u0131\u015f\u0131 ile m\u00fccadele edebiliriz. Kamucu ve toplumcu bir yakla\u015f\u0131mla salg\u0131na kar\u015f\u0131 etkin m\u00fccadele m\u00fcmk\u00fcn. Halk\u0131n sa\u011fl\u0131\u011f\u0131n\u0131, i\u015fini ve a\u015f\u0131n\u0131 g\u00fcvence alt\u0131na almak i\u00e7in acilen baz\u0131 ad\u0131mlar\u0131n at\u0131lmas\u0131 gerekiyor Koronavir\u00fcs hem sa\u011fl\u0131\u011f\u0131m\u0131z\u0131 hem de sosyal ve ekonomik ya\u015fam\u0131 tehdit ediyor. Vir\u00fcs\u00fcn yaratt\u0131\u011f\u0131 insani felaket yan\u0131nda b\u00fcy\u00fck bir toplumsal ve [&hellip;]<\/p>\n","protected":false},"author":3,"featured_media":2351,"comment_status":"open","ping_status":"open","sticky":false,"template":"","format":"standard","meta":{"jnews-multi-image_gallery":[],"jnews_single_post":{"source_name":"","source_url":"","via_name":"","via_url":"","override_template":"0","override":[{"template":"1","single_blog_custom":"","parallax":"1","fullscreen":"1","layout":"right-sidebar","sidebar":"default-sidebar","second_sidebar":"default-sidebar","sticky_sidebar":"1","share_position":"top","share_float_style":"share-monocrhome","show_share_counter":"1","show_view_counter":"1","show_featured":"1","show_post_meta":"1","show_post_author":"1","show_post_author_image":"1","show_post_date":"1","post_date_format":"default","post_date_format_custom":"Y\/m\/d","show_post_category":"1","show_post_reading_time":"0","post_reading_time_wpm":"300","show_zoom_button":"0","zoom_button_out_step":"2","zoom_button_in_step":"3","show_post_tag":"1","show_prev_next_post":"1","show_popup_post":"1","number_popup_post":"1","show_author_box":"0","show_post_related":"0","show_inline_post_related":"0"}],"override_image_size":"0","image_override":[{"single_post_thumbnail_size":"crop-500","single_post_gallery_size":"crop-500"}],"trending_post":"0","trending_post_position":"meta","trending_post_label":"Trending","sponsored_post":"0","sponsored_post_label":"Sponsored by","sponsored_post_name":"","sponsored_post_url":"","sponsored_post_logo_enable":"0","sponsored_post_logo":"","sponsored_post_desc":"","disable_ad":"0"},"jnews_primary_category":{"id":""},"jnews_social_meta":{"fb_title":"","fb_description":"","fb_image":"","twitter_title":"","twitter_description":"","twitter_image":""},"jnews_override_counter":{"override_view_counter":"0","view_counter_number":"0","override_share_counter":"0","share_counter_number":"0","override_like_counter":"0","like_counter_number":"0","override_dislike_counter":"0","dislike_counter_number":"0"},"footnotes":""},"categories":[1],"tags":[158,210,216],"class_list":["post-2554","post","type-post","status-publish","format-standard","has-post-thumbnail","hentry","category-genel","tag-basindan","tag-koronavirus","tag-sosyal-devlet"],"_links":{"self":[{"href":"https:\/\/belediyeis.org.tr\/merkez\/wp-json\/wp\/v2\/posts\/2554","targetHints":{"allow":["GET"]}}],"collection":[{"href":"https:\/\/belediyeis.org.tr\/merkez\/wp-json\/wp\/v2\/posts"}],"about":[{"href":"https:\/\/belediyeis.org.tr\/merkez\/wp-json\/wp\/v2\/types\/post"}],"author":[{"embeddable":true,"href":"https:\/\/belediyeis.org.tr\/merkez\/wp-json\/wp\/v2\/users\/3"}],"replies":[{"embeddable":true,"href":"https:\/\/belediyeis.org.tr\/merkez\/wp-json\/wp\/v2\/comments?post=2554"}],"version-history":[{"count":1,"href":"https:\/\/belediyeis.org.tr\/merkez\/wp-json\/wp\/v2\/posts\/2554\/revisions"}],"predecessor-version":[{"id":2555,"href":"https:\/\/belediyeis.org.tr\/merkez\/wp-json\/wp\/v2\/posts\/2554\/revisions\/2555"}],"wp:featuredmedia":[{"embeddable":true,"href":"https:\/\/belediyeis.org.tr\/merkez\/wp-json\/wp\/v2\/media\/2351"}],"wp:attachment":[{"href":"https:\/\/belediyeis.org.tr\/merkez\/wp-json\/wp\/v2\/media?parent=2554"}],"wp:term":[{"taxonomy":"category","embeddable":true,"href":"https:\/\/belediyeis.org.tr\/merkez\/wp-json\/wp\/v2\/categories?post=2554"},{"taxonomy":"post_tag","embeddable":true,"href":"https:\/\/belediyeis.org.tr\/merkez\/wp-json\/wp\/v2\/tags?post=2554"}],"curies":[{"name":"wp","href":"https:\/\/api.w.org\/{rel}","templated":true}]}}