{"id":2552,"date":"2020-03-23T15:20:55","date_gmt":"2020-03-23T12:20:55","guid":{"rendered":"http:\/\/belediyeis.org.tr\/merkez\/?p=2552"},"modified":"2022-03-25T15:28:06","modified_gmt":"2022-03-25T12:28:06","slug":"sendikamizdan-koronavirus-salgini-ile-ilgili-aciklama","status":"publish","type":"post","link":"https:\/\/belediyeis.org.tr\/merkez\/2020\/03\/23\/sendikamizdan-koronavirus-salgini-ile-ilgili-aciklama\/","title":{"rendered":"Sendikam\u0131zdan koronavir\u00fcs salg\u0131n\u0131 ile ilgili a\u00e7\u0131klama&#8230;"},"content":{"rendered":"<p style=\"text-align: justify;\">\u00c7in\u2019in Wuhan kentinde ba\u015flayan ve dalga dalga t\u00fcm d\u00fcnyaya yay\u0131lan Covid 19 koronavir\u00fcs, resmi makamlar\u0131n a\u00e7\u0131klamalar\u0131na g\u00f6re ilk kez 11 Mart\u2019ta T\u00fcrkiye\u2019de g\u00f6r\u00fclm\u00fc\u015ft\u00fcr; vir\u00fcs\u00fcn etkisi halen t\u00fcm d\u00fcnyada artarak devam etmektedir.<\/p>\n<p style=\"text-align: justify;\">\u00d6ncelikle Covid 19 vir\u00fcs\u00fcn\u00fcn neden oldu\u011fu salg\u0131n nedeniyle hayat\u0131n\u0131 kaybeden vatanda\u015flar\u0131m\u0131za Allah\u2019tan rahmet, tedavi g\u00f6renlere de acil \u015fifalar dileriz.<\/p>\n<p style=\"text-align: justify;\">Vir\u00fcs, yap\u0131s\u0131 itibariyle insandan insana bula\u015ft\u0131\u011f\u0131 i\u00e7in hijyen, sosyal mesafe \u00e7ok \u00f6nemli hale gelmi\u015f, kalabal\u0131k ortamlar vir\u00fcs\u00fcn en kolay bula\u015ft\u0131\u011f\u0131 yerler olmu\u015ftur. Vir\u00fcs\u00fcn \u00fclkemizde g\u00f6r\u00fclmesiyle birlikte hem kamuda hem \u00f6zel sekt\u00f6rde hem de belediyelerde pek \u00e7ok \u00f6nlem al\u0131nm\u0131\u015ft\u0131r. 65 ya\u015f \u00fcst\u00fc vatanda\u015flar\u0131m\u0131z\u0131n soka\u011fa \u00e7\u0131kmas\u0131n\u0131n yasaklanmas\u0131, okullar\u0131n tatil edilmesi, belediyeler taraf\u0131ndan 12 ya\u015f alt\u0131 \u00e7ocu\u011fu olan ve kronik hastal\u0131\u011f\u0131 olanlar ile hamile ve engellilere izin verilmesi gibi tedbirler al\u0131nmas\u0131 memnuniyetle kar\u015f\u0131lanm\u0131\u015ft\u0131r.<\/p>\n<p style=\"text-align: justify;\">Salg\u0131n s\u0131ras\u0131nda g\u00f6rev yapmak durumunda olan ve bu nedenle en b\u00fcy\u00fck risk grubunda yer alan ba\u015fta sa\u011fl\u0131k \u00e7al\u0131\u015fanlar\u0131 olmak \u00fczere belediye \u00e7al\u0131\u015fanlar\u0131na y\u00f6nelik h\u00fck\u00fcmetin ek \u00f6nlemler almas\u0131 gerekmektedir. Bu meslekleri icra edenlere yeterli, kaliteli koruyucular ve hijyenik malzeme sa\u011flanmal\u0131, moralleri y\u00fcksek tutulmal\u0131d\u0131r. Risk grubunda olan belediye \u00e7al\u0131\u015fanlar\u0131 ve sa\u011fl\u0131k \u00e7al\u0131\u015fanlar\u0131 periyodik olarak Covid 19 testinden ge\u00e7irilmelidir.<\/p>\n<p style=\"text-align: justify;\">\u00d6te yandan, ba\u015fta \u00f6zel sekt\u00f6r olmak \u00fczere emek\u00e7iler b\u00fcy\u00fck \u00e7o\u011funlukla, herhangi bir k\u0131s\u0131tlama olmadan \u00e7al\u0131\u015fmaya\/\u00e7al\u0131\u015ft\u0131r\u0131lmaya devam etmektedirler. H\u00fck\u00fcmet taraf\u0131ndan a\u00e7\u0131klanan ekonomik tedbirler i\u00e7inde ne yaz\u0131k ki, emek\u00e7ileri ilgilendiren, onlar\u0131 bu salg\u0131n s\u0131ras\u0131nda ve sonras\u0131nda koruyan, i\u015f g\u00fcvencesi olacak herhangi bir d\u00fczenleme bulunmamaktad\u0131r. D\u00fcnyadaki \u00f6rneklerine bakt\u0131\u011f\u0131m\u0131zda bir\u00e7ok \u00fclkenin, i\u015f\u00e7ilerin \u00e7al\u0131\u015famad\u0131klar\u0131 d\u00f6nemdeki \u00fccretlerinin y\u00fczde 80-90\u2019lar\u0131n\u0131 kadar kar\u015f\u0131lama garantisi verdi\u011fini, faturalar\u0131n\u0131 ve kiralar\u0131n\u0131 \u00f6demeyi taahh\u00fct etti\u011fini g\u00f6r\u00fcyoruz. Buna kar\u015f\u0131l\u0131k \u00fclkemizde; yetkililer taraf\u0131ndan \u201cherkes kendi OHAL\u2019ini ilan etsin\u201d denilmektedir. Bilinmelidir ki, emek\u00e7ilerin kendi OHAL\u2019lerini ilan etmeleri gibi bir haklar\u0131 da l\u00fcksleri de yoktur. \u00dclkeyi y\u00f6netenler emek\u00e7iler i\u00e7in gerekli tedbirleri almal\u0131 ve insanlar\u0131 \u201ccan derdi ile ge\u00e7im derdi\u201d aras\u0131nda se\u00e7im yapmak durumunda b\u0131rakmamal\u0131d\u0131r. Salg\u0131na y\u00f6nelik tedbirler kapsam\u0131nda i\u015flerine gidemeyen, restoran, AVM, kafe, kuaf\u00f6r, giyim ma\u011fazalar\u0131, marketler ve di\u011fer hizmet sekt\u00f6r\u00fcnde \u00e7al\u0131\u015fan emek\u00e7ilerin durumlar\u0131 bir an \u00f6nce \u00e7\u00f6z\u00fcme kavu\u015fturulmal\u0131d\u0131r.<\/p>\n<p style=\"text-align: justify;\">Ulusal d\u00fczeyi a\u015farak k\u00fcresel bir hale gelen ve d\u00fcnyada istisnas\u0131z b\u00fct\u00fcn \u00fclkeleri etkileyen Covid 19 salg\u0131n\u0131 bahane edilerek i\u015ften atmalar\u0131n \u00f6n\u00fcne ge\u00e7ilmeli ve i\u015fverenlerin salg\u0131n\u0131 f\u0131rsat bilmesine engel olunmal\u0131d\u0131r.<\/p>\n<p style=\"text-align: justify;\">Bu zor g\u00fcnleri hep beraber atlatmaya \u00e7al\u0131\u015f\u0131rken, salg\u0131n\u0131n faturas\u0131 i\u015f\u00e7iye, emek\u00e7iye \u00e7\u0131kar\u0131lmamal\u0131d\u0131r.<\/p>\n<p style=\"text-align: justify;\">Belediye-\u0130\u015f Sendikas\u0131<\/p>\n<p style=\"text-align: justify;\">\n","protected":false},"excerpt":{"rendered":"<p>\u00c7in\u2019in Wuhan kentinde ba\u015flayan ve dalga dalga t\u00fcm d\u00fcnyaya yay\u0131lan Covid 19 koronavir\u00fcs, resmi makamlar\u0131n a\u00e7\u0131klamalar\u0131na g\u00f6re ilk kez 11 Mart\u2019ta T\u00fcrkiye\u2019de g\u00f6r\u00fclm\u00fc\u015ft\u00fcr; vir\u00fcs\u00fcn etkisi halen t\u00fcm d\u00fcnyada artarak devam etmektedir. \u00d6ncelikle Covid 19 vir\u00fcs\u00fcn\u00fcn neden oldu\u011fu salg\u0131n nedeniyle hayat\u0131n\u0131 kaybeden vatanda\u015flar\u0131m\u0131za Allah\u2019tan rahmet, tedavi g\u00f6renlere de acil \u015fifalar dileriz. Vir\u00fcs, yap\u0131s\u0131 itibariyle insandan insana [&hellip;]<\/p>\n","protected":false},"author":3,"featured_media":2504,"comment_status":"open","ping_status":"open","sticky":false,"template":"","format":"standard","meta":{"jnews-multi-image_gallery":[],"jnews_single_post":{"source_name":"","source_url":"","via_name":"","via_url":"","override_template":"0","override":[{"template":"1","single_blog_custom":"","parallax":"1","fullscreen":"1","layout":"right-sidebar","sidebar":"default-sidebar","second_sidebar":"default-sidebar","sticky_sidebar":"1","share_position":"top","share_float_style":"share-monocrhome","show_share_counter":"1","show_view_counter":"1","show_featured":"1","show_post_meta":"1","show_post_author":"1","show_post_author_image":"1","show_post_date":"1","post_date_format":"default","post_date_format_custom":"Y\/m\/d","show_post_category":"1","show_post_reading_time":"0","post_reading_time_wpm":"300","show_zoom_button":"0","zoom_button_out_step":"2","zoom_button_in_step":"3","show_post_tag":"1","show_prev_next_post":"1","show_popup_post":"1","number_popup_post":"1","show_author_box":"0","show_post_related":"0","show_inline_post_related":"0"}],"override_image_size":"0","image_override":[{"single_post_thumbnail_size":"crop-500","single_post_gallery_size":"crop-500"}],"trending_post":"0","trending_post_position":"meta","trending_post_label":"Trending","sponsored_post":"0","sponsored_post_label":"Sponsored by","sponsored_post_name":"","sponsored_post_url":"","sponsored_post_logo_enable":"0","sponsored_post_logo":"","sponsored_post_desc":"","disable_ad":"0"},"jnews_primary_category":{"id":""},"jnews_social_meta":{"fb_title":"","fb_description":"","fb_image":"","twitter_title":"","twitter_description":"","twitter_image":""},"jnews_override_counter":{"override_view_counter":"0","view_counter_number":"0","override_share_counter":"0","share_counter_number":"0","override_like_counter":"0","like_counter_number":"0","override_dislike_counter":"0","dislike_counter_number":"0"},"footnotes":""},"categories":[1],"tags":[118,215,210],"class_list":["post-2552","post","type-post","status-publish","format-standard","has-post-thumbnail","hentry","category-genel","tag-covid","tag-covid-19","tag-koronavirus"],"_links":{"self":[{"href":"https:\/\/belediyeis.org.tr\/merkez\/wp-json\/wp\/v2\/posts\/2552","targetHints":{"allow":["GET"]}}],"collection":[{"href":"https:\/\/belediyeis.org.tr\/merkez\/wp-json\/wp\/v2\/posts"}],"about":[{"href":"https:\/\/belediyeis.org.tr\/merkez\/wp-json\/wp\/v2\/types\/post"}],"author":[{"embeddable":true,"href":"https:\/\/belediyeis.org.tr\/merkez\/wp-json\/wp\/v2\/users\/3"}],"replies":[{"embeddable":true,"href":"https:\/\/belediyeis.org.tr\/merkez\/wp-json\/wp\/v2\/comments?post=2552"}],"version-history":[{"count":1,"href":"https:\/\/belediyeis.org.tr\/merkez\/wp-json\/wp\/v2\/posts\/2552\/revisions"}],"predecessor-version":[{"id":2553,"href":"https:\/\/belediyeis.org.tr\/merkez\/wp-json\/wp\/v2\/posts\/2552\/revisions\/2553"}],"wp:featuredmedia":[{"embeddable":true,"href":"https:\/\/belediyeis.org.tr\/merkez\/wp-json\/wp\/v2\/media\/2504"}],"wp:attachment":[{"href":"https:\/\/belediyeis.org.tr\/merkez\/wp-json\/wp\/v2\/media?parent=2552"}],"wp:term":[{"taxonomy":"category","embeddable":true,"href":"https:\/\/belediyeis.org.tr\/merkez\/wp-json\/wp\/v2\/categories?post=2552"},{"taxonomy":"post_tag","embeddable":true,"href":"https:\/\/belediyeis.org.tr\/merkez\/wp-json\/wp\/v2\/tags?post=2552"}],"curies":[{"name":"wp","href":"https:\/\/api.w.org\/{rel}","templated":true}]}}