{"id":2548,"date":"2020-03-31T14:53:46","date_gmt":"2020-03-31T11:53:46","guid":{"rendered":"http:\/\/belediyeis.org.tr\/merkez\/?p=2548"},"modified":"2022-03-25T14:56:28","modified_gmt":"2022-03-25T11:56:28","slug":"covid-19-ile-mucadelede-yeni-tedbirler-alinmalidir","status":"publish","type":"post","link":"https:\/\/belediyeis.org.tr\/merkez\/2020\/03\/31\/covid-19-ile-mucadelede-yeni-tedbirler-alinmalidir\/","title":{"rendered":"Covid-19 \u0130le M\u00fccadelede Yeni Tedbirler Al\u0131nmal\u0131d\u0131r"},"content":{"rendered":"<p style=\"text-align: justify;\">D\u00fcnyan\u0131n b\u00fcy\u00fck bir b\u00f6l\u00fcm\u00fcne yay\u0131lan yeni koronavir\u00fcs\u00fcn (Covid-19) etkisi ve yayg\u0131nl\u0131\u011f\u0131 artmaktad\u0131r.<\/p>\n<p style=\"text-align: justify;\">\u00dclkemizde de salg\u0131n\u0131n olumsuz etkisinin azalt\u0131lmas\u0131 ve ortadan kald\u0131r\u0131lmas\u0131 do\u011frultusunda bir dizi tedbir ama\u00e7l\u0131 karar al\u0131nm\u0131\u015f ve uygulamaya konulmu\u015ftur.<\/p>\n<p style=\"text-align: justify;\">T\u00dcRK-\u0130\u015e Y\u00f6netim Kurulu ad\u0131na a\u00e7\u0131klama yapan Genel Ba\u015fkan Erg\u00fcn ATALAY, Covid-19 ile m\u00fccadelede yeni tedbirler al\u0131nmas\u0131 gerekti\u011fini belirtmi\u015f, \u201ci\u015ften \u00e7\u0131karmalar yasaklanmal\u0131, zorunlu mal ve hizmet \u00fcretimi d\u0131\u015f\u0131nda t\u00fcm i\u015fler en az 15 g\u00fcn s\u00fcreyle durdurulmal\u0131d\u0131r\u201d demi\u015ftir. Ortaya \u00e7\u0131kacak gelir kayb\u0131n\u0131n da kar\u015f\u0131lanmas\u0131 gerekti\u011finin belirtildi\u011fi a\u00e7\u0131klamada \u015fu hususlara yer verilmi\u015ftir:<\/p>\n<p style=\"text-align: justify;\">\u201c\u00dclkemizi ve b\u00fct\u00fcn d\u00fcnyay\u0131 tehdit eden Covid-19 salg\u0131n\u0131na kar\u015f\u0131 etkin bir m\u00fccadele i\u00e7in al\u0131nan \u00f6nlemlere ek olarak \u00e7al\u0131\u015fma hayat\u0131na ili\u015fkin a\u015fa\u011f\u0131daki tedbirlerin de hayata ge\u00e7irilmesinin \u00f6nemli oldu\u011funu d\u00fc\u015f\u00fcn\u00fcyoruz. \u00c7al\u0131\u015fma hayat\u0131nda al\u0131nacak bu tedbirler hem salg\u0131n\u0131n yay\u0131lmas\u0131n\u0131 engellemek hem de i\u015f\u00e7ilerin ve t\u00fcm \u00e7al\u0131\u015fanlar\u0131n sa\u011fl\u0131\u011f\u0131n\u0131 ve i\u015fini korumak a\u00e7\u0131s\u0131ndan gereklidir. Salg\u0131n\u0131 \u00f6nleme konusunda kamu otoritelerinin gerek sosyal ya\u015fam i\u00e7in gerekse i\u015fyerlerindeki \u00fcretim s\u00fcre\u00e7lerini kapsayan i\u015f sa\u011fl\u0131\u011f\u0131 ve g\u00fcvenli\u011fi i\u00e7in ald\u0131\u011f\u0131 ve alaca\u011f\u0131 tedbirleri hayati \u00f6nemde g\u00f6r\u00fcyoruz.<\/p>\n<p style=\"text-align: justify;\">\u00dclkemizin en k\u0131sa s\u00fcrede ve el birli\u011fi ile bu a\u011f\u0131r felaketin \u00fcstesinden gelmesi dile\u011fiyle a\u015fa\u011f\u0131daki tedbirlerin al\u0131nmas\u0131n\u0131 kamuoyuna ve yetkililere sunuyoruz:<\/p>\n<p style=\"text-align: justify;\">1) Covid-19 salg\u0131n\u0131 s\u00fcresince i\u015ften \u00e7\u0131karmalar yasaklanmal\u0131d\u0131r. Covid-19 salg\u0131n\u0131n\u0131n yeni bir i\u015fsizlik dalgas\u0131na yol a\u00e7mamas\u0131, i\u015fin ve i\u015f\u00e7inin gelir s\u00fcrekli\u011finin sa\u011flanmas\u0131 i\u00e7in Covid-19 ile m\u00fccadele d\u00f6neminde i\u015fverenin i\u015f s\u00f6zle\u015fmesini fesih imk\u00e2n\u0131 ask\u0131ya al\u0131nmal\u0131d\u0131r.<\/p>\n<p style=\"text-align: justify;\">2) Covid-19\u2019a kar\u015f\u0131 m\u00fccadele kapsam\u0131nda zorunlu ve acil mal ve hizmet \u00fcretimi hari\u00e7 olmak \u00fczere, en az 15 g\u00fcn s\u00fcreyle, b\u00fct\u00fcn i\u015flerin durdurulmas\u0131 i\u015f\u00e7ilerin korunmas\u0131 ve salg\u0131n\u0131n yay\u0131lma h\u0131z\u0131n\u0131n \u00f6nlenmesi i\u00e7in \u00f6nem arz etmektedir.<\/p>\n<p style=\"text-align: justify;\">3) \u0130\u015ften \u00e7\u0131kar\u0131lmalar\u0131n ve i\u015flerin durdurulmas\u0131n\u0131n yol a\u00e7aca\u011f\u0131 gelir kayb\u0131na kar\u015f\u0131 \u0130\u015fsizlik Sigortas\u0131 Fonu kaynaklar\u0131 h\u0131zla devreye sokulmal\u0131, i\u015fsizlik \u00f6dene\u011fi ve k\u0131sa \u00e7al\u0131\u015fma \u00f6dene\u011finden yararlanmak i\u00e7in i\u015f\u00e7i a\u00e7\u0131s\u0131ndan gerekli olan ko\u015fullar kald\u0131r\u0131lmal\u0131d\u0131r. K\u00fcresel salg\u0131n nedeniyle i\u015f ve gelir kayb\u0131na u\u011frayan b\u00fct\u00fcn i\u015f\u00e7ilere i\u015fveren, \u0130\u015fsizlik Sigortas\u0131 Fonu ve devlet taraf\u0131ndan gelir deste\u011fi sa\u011flanmal\u0131d\u0131r. \u0130\u015ften \u00e7\u0131kar\u0131lmalar\u0131n izlenmesi i\u00e7in Aile, \u00c7al\u0131\u015fma ve Sosyal Hizmetler Bakanl\u0131\u011f\u0131 nezdinde \u00dc\u00e7l\u00fc Dan\u0131\u015fma Kurulu bile\u015fimine uygun bir izleme ve denetim mekanizmas\u0131 kurulmal\u0131d\u0131r.\u201d<\/p>\n<p style=\"text-align: justify;\">\n<p style=\"text-align: justify;\">\n","protected":false},"excerpt":{"rendered":"<p>D\u00fcnyan\u0131n b\u00fcy\u00fck bir b\u00f6l\u00fcm\u00fcne yay\u0131lan yeni koronavir\u00fcs\u00fcn (Covid-19) etkisi ve yayg\u0131nl\u0131\u011f\u0131 artmaktad\u0131r. \u00dclkemizde de salg\u0131n\u0131n olumsuz etkisinin azalt\u0131lmas\u0131 ve ortadan kald\u0131r\u0131lmas\u0131 do\u011frultusunda bir dizi tedbir ama\u00e7l\u0131 karar al\u0131nm\u0131\u015f ve uygulamaya konulmu\u015ftur. T\u00dcRK-\u0130\u015e Y\u00f6netim Kurulu ad\u0131na a\u00e7\u0131klama yapan Genel Ba\u015fkan Erg\u00fcn ATALAY, Covid-19 ile m\u00fccadelede yeni tedbirler al\u0131nmas\u0131 gerekti\u011fini belirtmi\u015f, \u201ci\u015ften \u00e7\u0131karmalar yasaklanmal\u0131, zorunlu mal ve [&hellip;]<\/p>\n","protected":false},"author":3,"featured_media":752,"comment_status":"open","ping_status":"open","sticky":false,"template":"","format":"standard","meta":{"jnews-multi-image_gallery":[],"jnews_single_post":{"source_name":"","source_url":"","via_name":"","via_url":"","override_template":"0","override":[{"template":"1","single_blog_custom":"","parallax":"1","fullscreen":"1","layout":"right-sidebar","sidebar":"default-sidebar","second_sidebar":"default-sidebar","sticky_sidebar":"1","share_position":"top","share_float_style":"share-monocrhome","show_share_counter":"1","show_view_counter":"1","show_featured":"1","show_post_meta":"1","show_post_author":"1","show_post_author_image":"1","show_post_date":"1","post_date_format":"default","post_date_format_custom":"Y\/m\/d","show_post_category":"1","show_post_reading_time":"0","post_reading_time_wpm":"300","show_zoom_button":"0","zoom_button_out_step":"2","zoom_button_in_step":"3","show_post_tag":"1","show_prev_next_post":"1","show_popup_post":"1","number_popup_post":"1","show_author_box":"0","show_post_related":"0","show_inline_post_related":"0"}],"override_image_size":"0","image_override":[{"single_post_thumbnail_size":"crop-500","single_post_gallery_size":"crop-500"}],"trending_post":"0","trending_post_position":"meta","trending_post_label":"Trending","sponsored_post":"0","sponsored_post_label":"Sponsored by","sponsored_post_name":"","sponsored_post_url":"","sponsored_post_logo_enable":"0","sponsored_post_logo":"","sponsored_post_desc":"","disable_ad":"0"},"jnews_primary_category":{"id":""},"jnews_social_meta":{"fb_title":"","fb_description":"","fb_image":"","twitter_title":"","twitter_description":"","twitter_image":""},"jnews_override_counter":{"override_view_counter":"0","view_counter_number":"0","override_share_counter":"0","share_counter_number":"0","override_like_counter":"0","like_counter_number":"0","override_dislike_counter":"0","dislike_counter_number":"0"},"footnotes":""},"categories":[1],"tags":[215,210],"class_list":["post-2548","post","type-post","status-publish","format-standard","has-post-thumbnail","hentry","category-genel","tag-covid-19","tag-koronavirus"],"_links":{"self":[{"href":"https:\/\/belediyeis.org.tr\/merkez\/wp-json\/wp\/v2\/posts\/2548","targetHints":{"allow":["GET"]}}],"collection":[{"href":"https:\/\/belediyeis.org.tr\/merkez\/wp-json\/wp\/v2\/posts"}],"about":[{"href":"https:\/\/belediyeis.org.tr\/merkez\/wp-json\/wp\/v2\/types\/post"}],"author":[{"embeddable":true,"href":"https:\/\/belediyeis.org.tr\/merkez\/wp-json\/wp\/v2\/users\/3"}],"replies":[{"embeddable":true,"href":"https:\/\/belediyeis.org.tr\/merkez\/wp-json\/wp\/v2\/comments?post=2548"}],"version-history":[{"count":1,"href":"https:\/\/belediyeis.org.tr\/merkez\/wp-json\/wp\/v2\/posts\/2548\/revisions"}],"predecessor-version":[{"id":2549,"href":"https:\/\/belediyeis.org.tr\/merkez\/wp-json\/wp\/v2\/posts\/2548\/revisions\/2549"}],"wp:featuredmedia":[{"embeddable":true,"href":"https:\/\/belediyeis.org.tr\/merkez\/wp-json\/wp\/v2\/media\/752"}],"wp:attachment":[{"href":"https:\/\/belediyeis.org.tr\/merkez\/wp-json\/wp\/v2\/media?parent=2548"}],"wp:term":[{"taxonomy":"category","embeddable":true,"href":"https:\/\/belediyeis.org.tr\/merkez\/wp-json\/wp\/v2\/categories?post=2548"},{"taxonomy":"post_tag","embeddable":true,"href":"https:\/\/belediyeis.org.tr\/merkez\/wp-json\/wp\/v2\/tags?post=2548"}],"curies":[{"name":"wp","href":"https:\/\/api.w.org\/{rel}","templated":true}]}}