{"id":2525,"date":"2020-05-15T16:49:27","date_gmt":"2020-05-15T13:49:27","guid":{"rendered":"http:\/\/belediyeis.org.tr\/merkez\/?p=2525"},"modified":"2022-03-22T16:52:40","modified_gmt":"2022-03-22T13:52:40","slug":"sendikamizdan-5779-sayili-kanunla-duzenlenen-belediye-paylarinin-oranlarinin-artirilmasi-icin-girisim","status":"publish","type":"post","link":"https:\/\/belediyeis.org.tr\/merkez\/2020\/05\/15\/sendikamizdan-5779-sayili-kanunla-duzenlenen-belediye-paylarinin-oranlarinin-artirilmasi-icin-girisim\/","title":{"rendered":"Sendikam\u0131zdan 5779 Say\u0131l\u0131 kanunla d\u00fczenlenen Belediye paylar\u0131n\u0131n (oranlar\u0131n\u0131n) art\u0131r\u0131lmas\u0131 i\u00e7in giri\u015fim"},"content":{"rendered":"<p style=\"text-align: justify;\">Sendikam\u0131z Belediye gelirlerinin<\/p>\n<p style=\"text-align: justify;\">Covid-19 salg\u0131n\u0131 nedeniyle belediyelerin gelirlerinde \u00f6nemli d\u00fc\u015f\u00fc\u015f ya\u015fanmaktad\u0131r. Bu durum salg\u0131nla m\u00fccadelede kendi sa\u011fl\u0131klar\u0131n\u0131 da tehlikeye atarak en \u00f6n saflarda m\u00fccadele eden belediye \u00e7al\u0131\u015fanlar\u0131n\u0131n \u00fccret \u00f6demelerinde de aksamaya neden olmaktad\u0131r. Bu nedenle sendikam\u0131z Belediye-\u0130\u015f 5779 Say\u0131l\u0131 \u201c\u0130l \u00d6zel \u0130darelerine ve Belediyelere Genel B\u00fct\u00e7e Vergi Gelirlerinden Pay Verilmesi Hakk\u0131nda Kanun\u201d da d\u00fczenlenen Belediye paylar\u0131n\u0131n (oranlar\u0131n\u0131n) art\u0131r\u0131lmas\u0131 i\u00e7in Konfederasyonumuz T\u00fcrk-\u0130\u015f ve Meclis\u2019te grubu bulunan siyasi partiler nezdinde giri\u015fimlerde bulunmu\u015ftur. Konuya ili\u015fkin ba\u015fvuru metinleri a\u015fa\u011f\u0131dad\u0131r.<\/p>\n<p style=\"text-align: justify;\">\n<p style=\"text-align: justify;\">T\u00dcRK-\u0130\u015e GENEL BA\u015eKANLI\u011eI\u2019NA<\/p>\n<p style=\"text-align: justify;\">ANKARA<\/p>\n<p style=\"text-align: justify;\">\n<p style=\"text-align: justify;\">Konu : 5779 Say\u0131l\u0131 \u201c\u0130l \u00d6zel \u0130darelerine ve Belediyelere Genel B\u00fct\u00e7e Vergi Gelirlerinden Pay Verilmesi Hakk\u0131nda Kanun\u201d da d\u00fczenlenen Belediye paylar\u0131n\u0131n (oranlar\u0131n\u0131n) art\u0131r\u0131lmas\u0131 konusunda gerekli giri\u015fimlerin yap\u0131lmas\u0131 istemidir.<\/p>\n<p style=\"text-align: justify;\">1- Bilindi\u011fi \u00fczere Covid-19 salg\u0131n\u0131 nedeniyle \u00e7al\u0131\u015fma hayat\u0131nda \u00f6nemli s\u0131k\u0131nt\u0131lar ya\u015fanmaktad\u0131r. Ola\u011fan\u00fcst\u00fc \u015fartlar nedeniyle en b\u00fcy\u00fck zorluklar\u0131 maddi ve manevi olarak \u00e7al\u0131\u015fanlar ya\u015famaktad\u0131r. Bunun yan\u0131 s\u0131ra i\u015fveren kesiminin de bir\u00e7ok konuda zorluk ya\u015fad\u0131\u011f\u0131 bilinmektedir.<\/p>\n<p style=\"text-align: justify;\">2- 5779 Say\u0131l\u0131 \u201c\u0130l \u00d6zel \u0130darelerine ve Belediyelere Genel B\u00fct\u00e7e Vergi Gelirlerinden Pay Verilmesi Hakk\u0131nda Kanun\u201d gere\u011fince, bu kanunda belirlenen ilke ve \u015fartlara g\u00f6re Belediyelere ve \u0130l \u00d6zel \u0130darelerine genel b\u00fct\u00e7e ve vergi gelirlerinden pay ayr\u0131lmaktad\u0131r. Paylar Maliye Bakanl\u0131\u011f\u0131 taraf\u0131ndan ayl\u0131k olarak hesaplanmakta ve \u00f6demeler ayl\u0131k olarak \u0130ller Bankas\u0131 kanal\u0131yla yap\u0131lmaktad\u0131r.<\/p>\n<p style=\"text-align: justify;\">3- Covid-19 salg\u0131n\u0131 nedeniyle \u00e7al\u0131\u015fma hayat\u0131nda ya\u015fanan ola\u011fan\u00fcst\u00fc durum ve k\u0131s\u0131tlamalar nedeniyle Vergi gelirlerinde de \u00f6nemli \u00f6l\u00e7\u00fcde d\u00fc\u015f\u00fc\u015f ya\u015fanmaktad\u0131r. Vergi gelirlerindeki d\u00fc\u015f\u00fc\u015f nedeniyle Belediye paylar\u0131n\u0131n buna ba\u011fl\u0131 olarak \u00f6nemli miktarda d\u00fc\u015fmektedir. Belediye gelirlerinin art\u0131r\u0131lmas\u0131na y\u00f6nelik \u00f6nlemlerin al\u0131nmas\u0131, \u00f6zellikle 5779 Say\u0131l\u0131 Kanunda belirtilen belediye pay oranlar\u0131n\u0131n art\u0131r\u0131lmas\u0131 gerekmektedir.<\/p>\n<p style=\"text-align: justify;\">Gelirlerindeki \u00f6nemli d\u00fc\u015f\u00fc\u015f, belediyelerin bu d\u00f6nemde hayati \u00f6nem ta\u015f\u0131yan halk sa\u011fl\u0131\u011f\u0131 ile ilgili hizmetlerini ve salg\u0131nla m\u00fccadelede, kendi sa\u011fl\u0131klar\u0131n\u0131 da tehlikeye atarak en \u00f6n saflarda m\u00fccadele eden belediye \u00e7al\u0131\u015fanlar\u0131na yapacaklar\u0131 \u00f6demeleri zora sokmaktad\u0131r.<\/p>\n<p style=\"text-align: justify;\">4- Sorunun \u00e7\u00f6z\u00fcm\u00fc konusunda, 5779 say\u0131l\u0131 Kanunda belirtilen Belediye paylar\u0131n\u0131n (oranlar\u0131n\u0131n) ve Belediye gelirlerinin art\u0131r\u0131lmas\u0131 konusunda gerekli di\u011fer \u00f6nlemlerin al\u0131nmas\u0131 konular\u0131nda ilgili Bakanl\u0131klar ve Mecliste grubu bulunan partiler nezdinde gerekli giri\u015fimlerin Konfederasyonumuz olarak yap\u0131lmas\u0131n\u0131 talep etmekteyiz. 15.05.2020<\/p>\n<p style=\"text-align: justify;\">Sayg\u0131lar\u0131m\u0131zla<\/p>\n<p style=\"text-align: justify;\">\n<p style=\"text-align: justify;\">\u2026\u2026\u2026\u2026\u2026\u2026\u2026\u2026\u2026. PARTIS\u0130<\/p>\n<p style=\"text-align: justify;\">SAYIN GENEL BA\u015eKANLI\u011eI\u2019NA<\/p>\n<p style=\"text-align: justify;\">ANKARA<\/p>\n<p style=\"text-align: justify;\">\n<p style=\"text-align: justify;\">Konu : 5779 Say\u0131l\u0131 \u201c\u0130l \u00d6zel \u0130darelerine ve Belediyelere Genel B\u00fct\u00e7e Vergi Gelirlerinden Pay Verilmesi Hakk\u0131nda Kanun\u201d da d\u00fczenlenen Belediye paylar\u0131n\u0131n (oranlar\u0131n\u0131n) art\u0131r\u0131lmas\u0131 konusunda gerekli giri\u015fimlerin yap\u0131lmas\u0131 istemidir.<\/p>\n<p style=\"text-align: justify;\">1- Bilindi\u011fi \u00fczere Covid-19 salg\u0131n\u0131 nedeniyle \u00e7al\u0131\u015fma hayat\u0131nda \u00f6nemli s\u0131k\u0131nt\u0131lar ya\u015fanmaktad\u0131r. Ola\u011fan\u00fcst\u00fc \u015fartlar nedeniyle en b\u00fcy\u00fck zorluklar\u0131 maddi ve manevi olarak \u00e7al\u0131\u015fanlar ya\u015famaktad\u0131r. Bunun yan\u0131 s\u0131ra i\u015fveren kesiminin de bir\u00e7ok konuda zorluk ya\u015fad\u0131\u011f\u0131 bilinmektedir.<\/p>\n<p style=\"text-align: justify;\">2- 5779 Say\u0131l\u0131 \u201c\u0130l \u00d6zel \u0130darelerine ve Belediyelere Genel B\u00fct\u00e7e Vergi Gelirlerinden Pay Verilmesi Hakk\u0131nda Kanun\u201d gere\u011fince, bu kanunda belirlenen ilke ve \u015fartlara g\u00f6re Belediyelere ve \u0130l \u00d6zel \u0130darelerine genel b\u00fct\u00e7e ve vergi gelirlerinden pay ayr\u0131lmaktad\u0131r. Paylar Maliye Bakanl\u0131\u011f\u0131 taraf\u0131ndan ayl\u0131k olarak hesaplanmakta ve \u00f6demeler ayl\u0131k olarak \u0130ller Bankas\u0131 kanal\u0131yla yap\u0131lmaktad\u0131r.<\/p>\n<p style=\"text-align: justify;\">3- Covid-19 salg\u0131n\u0131 nedeniyle \u00e7al\u0131\u015fma hayat\u0131nda ya\u015fanan ola\u011fan\u00fcst\u00fc durum ve k\u0131s\u0131tlamalar nedeniyle Vergi gelirlerinde de \u00f6nemli \u00f6l\u00e7\u00fcde d\u00fc\u015f\u00fc\u015f ya\u015fanmaktad\u0131r. Vergi gelirlerindeki d\u00fc\u015f\u00fc\u015f nedeniyle Belediye paylar\u0131 da buna ba\u011fl\u0131 olarak \u00f6nemli miktarda d\u00fc\u015fmektedir. Belediye gelirlerinin art\u0131r\u0131lmas\u0131na y\u00f6nelik \u00f6nlemlerin al\u0131nmas\u0131, \u00f6zellikle 5779 Say\u0131l\u0131 Kanunda belirtilen belediye pay oranlar\u0131n\u0131n art\u0131r\u0131lmas\u0131 gerekmektedir.<\/p>\n<p style=\"text-align: justify;\">Gelirlerindeki \u00f6nemli d\u00fc\u015f\u00fc\u015f, belediyelerin bu d\u00f6nemde hayati \u00f6nem ta\u015f\u0131yan halk sa\u011fl\u0131\u011f\u0131 ile ilgili hizmetlerini ve salg\u0131nla m\u00fccadelede, kendi sa\u011fl\u0131klar\u0131n\u0131 da tehlikeye atarak en \u00f6n saflarda m\u00fccadele eden belediye \u00e7al\u0131\u015fanlar\u0131na yapacaklar\u0131 \u00f6demeleri zora sokmaktad\u0131r.<\/p>\n<p style=\"text-align: justify;\">4- Sorunun \u00e7\u00f6z\u00fcm\u00fc konusunda, 5779 say\u0131l\u0131 Kanunda belirtilen Belediye paylar\u0131n\u0131n (oranlar\u0131n\u0131n) ve Belediye gelirlerinin art\u0131r\u0131lmas\u0131 konusunda, Kanun ve \u0130lgili mevzuat de\u011fi\u015fiklikleri de dahil olmak \u00fczere gerekli \u00f6nlemlerin al\u0131nmas\u0131 hususlar\u0131nda gerekli giri\u015fimlerin Say\u0131n Ba\u015fkanl\u0131\u011f\u0131n\u0131z taraf\u0131ndan yap\u0131lmas\u0131n\u0131 talep etmekteyiz.<\/p>\n<p style=\"text-align: justify;\">15.05.2020<\/p>\n<p style=\"text-align: justify;\">Sayg\u0131lar\u0131m\u0131zla<\/p>\n<p style=\"text-align: justify;\">\n","protected":false},"excerpt":{"rendered":"<p>Sendikam\u0131z Belediye gelirlerinin Covid-19 salg\u0131n\u0131 nedeniyle belediyelerin gelirlerinde \u00f6nemli d\u00fc\u015f\u00fc\u015f ya\u015fanmaktad\u0131r. Bu durum salg\u0131nla m\u00fccadelede kendi sa\u011fl\u0131klar\u0131n\u0131 da tehlikeye atarak en \u00f6n saflarda m\u00fccadele eden belediye \u00e7al\u0131\u015fanlar\u0131n\u0131n \u00fccret \u00f6demelerinde de aksamaya neden olmaktad\u0131r. Bu nedenle sendikam\u0131z Belediye-\u0130\u015f 5779 Say\u0131l\u0131 \u201c\u0130l \u00d6zel \u0130darelerine ve Belediyelere Genel B\u00fct\u00e7e Vergi Gelirlerinden Pay Verilmesi Hakk\u0131nda Kanun\u201d da d\u00fczenlenen Belediye [&hellip;]<\/p>\n","protected":false},"author":3,"featured_media":389,"comment_status":"open","ping_status":"open","sticky":false,"template":"","format":"standard","meta":{"jnews-multi-image_gallery":[],"jnews_single_post":{"source_name":"","source_url":"","via_name":"","via_url":"","override_template":"0","override":[{"template":"1","single_blog_custom":"","parallax":"1","fullscreen":"1","layout":"right-sidebar","sidebar":"default-sidebar","second_sidebar":"default-sidebar","sticky_sidebar":"1","share_position":"top","share_float_style":"share-monocrhome","show_share_counter":"1","show_view_counter":"1","show_featured":"1","show_post_meta":"1","show_post_author":"1","show_post_author_image":"1","show_post_date":"1","post_date_format":"default","post_date_format_custom":"Y\/m\/d","show_post_category":"1","show_post_reading_time":"0","post_reading_time_wpm":"300","show_zoom_button":"0","zoom_button_out_step":"2","zoom_button_in_step":"3","show_post_tag":"1","show_prev_next_post":"1","show_popup_post":"1","number_popup_post":"1","show_author_box":"0","show_post_related":"0","show_inline_post_related":"0"}],"override_image_size":"0","image_override":[{"single_post_thumbnail_size":"crop-500","single_post_gallery_size":"crop-500"}],"trending_post":"0","trending_post_position":"meta","trending_post_label":"Trending","sponsored_post":"0","sponsored_post_label":"Sponsored by","sponsored_post_name":"","sponsored_post_url":"","sponsored_post_logo_enable":"0","sponsored_post_logo":"","sponsored_post_desc":"","disable_ad":"0"},"jnews_primary_category":{"id":""},"jnews_social_meta":{"fb_title":"","fb_description":"","fb_image":"","twitter_title":"","twitter_description":"","twitter_image":""},"jnews_override_counter":{"override_view_counter":"0","view_counter_number":"0","override_share_counter":"0","share_counter_number":"0","override_like_counter":"0","like_counter_number":"0","override_dislike_counter":"0","dislike_counter_number":"0"},"footnotes":""},"categories":[1],"tags":[103,130,208],"class_list":["post-2525","post","type-post","status-publish","format-standard","has-post-thumbnail","hentry","category-genel","tag-basin-aciklamasi","tag-belediye","tag-belediye-gelirleri"],"_links":{"self":[{"href":"https:\/\/belediyeis.org.tr\/merkez\/wp-json\/wp\/v2\/posts\/2525","targetHints":{"allow":["GET"]}}],"collection":[{"href":"https:\/\/belediyeis.org.tr\/merkez\/wp-json\/wp\/v2\/posts"}],"about":[{"href":"https:\/\/belediyeis.org.tr\/merkez\/wp-json\/wp\/v2\/types\/post"}],"author":[{"embeddable":true,"href":"https:\/\/belediyeis.org.tr\/merkez\/wp-json\/wp\/v2\/users\/3"}],"replies":[{"embeddable":true,"href":"https:\/\/belediyeis.org.tr\/merkez\/wp-json\/wp\/v2\/comments?post=2525"}],"version-history":[{"count":1,"href":"https:\/\/belediyeis.org.tr\/merkez\/wp-json\/wp\/v2\/posts\/2525\/revisions"}],"predecessor-version":[{"id":2526,"href":"https:\/\/belediyeis.org.tr\/merkez\/wp-json\/wp\/v2\/posts\/2525\/revisions\/2526"}],"wp:featuredmedia":[{"embeddable":true,"href":"https:\/\/belediyeis.org.tr\/merkez\/wp-json\/wp\/v2\/media\/389"}],"wp:attachment":[{"href":"https:\/\/belediyeis.org.tr\/merkez\/wp-json\/wp\/v2\/media?parent=2525"}],"wp:term":[{"taxonomy":"category","embeddable":true,"href":"https:\/\/belediyeis.org.tr\/merkez\/wp-json\/wp\/v2\/categories?post=2525"},{"taxonomy":"post_tag","embeddable":true,"href":"https:\/\/belediyeis.org.tr\/merkez\/wp-json\/wp\/v2\/tags?post=2525"}],"curies":[{"name":"wp","href":"https:\/\/api.w.org\/{rel}","templated":true}]}}