{"id":2522,"date":"2020-05-19T16:44:29","date_gmt":"2020-05-19T13:44:29","guid":{"rendered":"http:\/\/belediyeis.org.tr\/merkez\/?p=2522"},"modified":"2022-03-22T16:49:18","modified_gmt":"2022-03-22T13:49:18","slug":"19-mayis-ataturku-anma-genclik-ve-spor-bayramimiz-kutlu-olsun-2","status":"publish","type":"post","link":"https:\/\/belediyeis.org.tr\/merkez\/2020\/05\/19\/19-mayis-ataturku-anma-genclik-ve-spor-bayramimiz-kutlu-olsun-2\/","title":{"rendered":"19 May\u0131s Atat\u00fcrk&#8217;\u00fc Anma, Gen\u00e7lik ve Spor Bayram\u0131m\u0131z Kutlu Olsun"},"content":{"rendered":"<p style=\"text-align: justify;\">Emperyalistlere kar\u015f\u0131 verilen Ulusal Kurtulu\u015f Sava\u015f\u0131 ve ba\u011f\u0131ms\u0131zl\u0131k m\u00fccadelesinin ate\u015fi, 19 May\u0131s 1919\u2019da Ulu \u00d6nder Mustafa Kemal Atat\u00fcrk\u2019\u00fcn Samsun\u2019a ayak basmas\u0131yla yak\u0131ld\u0131.<\/p>\n<p style=\"text-align: justify;\">\u00d6zg\u00fcrl\u00fck ve ba\u011f\u0131ms\u0131zl\u0131k \u015fiar\u0131yla ba\u015flayan Ulusal Kurtulu\u015f Sava\u015f\u0131, onlarca y\u0131ld\u0131r teba haline gelmi\u015f, yoksul, \u00e7aresiz, e\u011fitimsiz b\u0131rak\u0131lm\u0131\u015f, g\u00f6rmezden gelinmi\u015f bir ulusun ayd\u0131nl\u0131k gelecekler i\u00e7in umudu, inanc\u0131 ve azmi sayesinde kazan\u0131lm\u0131\u015f; Anadolu direni\u015fi zaferle sonu\u00e7lanarak ulusal birlik ve dayan\u0131\u015fma sa\u011flanm\u0131\u015ft\u0131r.<\/p>\n<p style=\"text-align: justify;\">Gelece\u011fi gen\u00e7lerde g\u00f6ren, en de\u011ferli emanet olan Cumhuriyet\u2019i de bu nedenle \u00fclkemizin gelece\u011fi gen\u00e7lere arma\u011fan eden Mustafa Kemal Atat\u00fcrk, gen\u00e7lere olan inanc\u0131 ve g\u00fcveni i\u00e7in Samsun\u2019a \u00e7\u0131kt\u0131\u011f\u0131 g\u00fcn\u00fc de, T\u00fcrk Gen\u00e7li\u011fine bayram olarak arma\u011fan etmi\u015ftir.<\/p>\n<p style=\"text-align: justify;\">Cumhuriyetimizin kurulu\u015funa giden ilk ad\u0131m\u0131n 101. Y\u0131l\u0131nda Mustafa Kemal Atat\u00fcrk ve t\u00fcm Milli M\u00fccadele kahramanlar\u0131n\u0131 bir kez daha sayg\u0131yla an\u0131yor, t\u00fcm gen\u00e7lerimizin ve yurtta\u015flar\u0131m\u0131z\u0131n Atat\u00fcrk\u2019\u00fc Anma, Gen\u00e7lik ve Spor Bayram\u0131n\u0131 kutluyoruz.<\/p>\n<p style=\"text-align: justify;\">Belediye-\u0130\u015f Sendikas\u0131 Genel Y\u00f6netim Kurulu<\/p>\n<p style=\"text-align: justify;\">\n","protected":false},"excerpt":{"rendered":"<p>Emperyalistlere kar\u015f\u0131 verilen Ulusal Kurtulu\u015f Sava\u015f\u0131 ve ba\u011f\u0131ms\u0131zl\u0131k m\u00fccadelesinin ate\u015fi, 19 May\u0131s 1919\u2019da Ulu \u00d6nder Mustafa Kemal Atat\u00fcrk\u2019\u00fcn Samsun\u2019a ayak basmas\u0131yla yak\u0131ld\u0131. \u00d6zg\u00fcrl\u00fck ve ba\u011f\u0131ms\u0131zl\u0131k \u015fiar\u0131yla ba\u015flayan Ulusal Kurtulu\u015f Sava\u015f\u0131, onlarca y\u0131ld\u0131r teba haline gelmi\u015f, yoksul, \u00e7aresiz, e\u011fitimsiz b\u0131rak\u0131lm\u0131\u015f, g\u00f6rmezden gelinmi\u015f bir ulusun ayd\u0131nl\u0131k gelecekler i\u00e7in umudu, inanc\u0131 ve azmi sayesinde kazan\u0131lm\u0131\u015f; Anadolu direni\u015fi zaferle [&hellip;]<\/p>\n","protected":false},"author":3,"featured_media":2523,"comment_status":"open","ping_status":"open","sticky":false,"template":"","format":"standard","meta":{"jnews-multi-image_gallery":[],"jnews_single_post":{"source_name":"","source_url":"","via_name":"","via_url":"","override_template":"0","override":[{"template":"1","single_blog_custom":"","parallax":"1","fullscreen":"1","layout":"right-sidebar","sidebar":"default-sidebar","second_sidebar":"default-sidebar","sticky_sidebar":"1","share_position":"top","share_float_style":"share-monocrhome","show_share_counter":"1","show_view_counter":"1","show_featured":"1","show_post_meta":"1","show_post_author":"1","show_post_author_image":"1","show_post_date":"1","post_date_format":"default","post_date_format_custom":"Y\/m\/d","show_post_category":"1","show_post_reading_time":"0","post_reading_time_wpm":"300","show_zoom_button":"0","zoom_button_out_step":"2","zoom_button_in_step":"3","show_post_tag":"1","show_prev_next_post":"1","show_popup_post":"1","number_popup_post":"1","show_author_box":"0","show_post_related":"0","show_inline_post_related":"0"}],"override_image_size":"0","image_override":[{"single_post_thumbnail_size":"crop-500","single_post_gallery_size":"crop-500"}],"trending_post":"0","trending_post_position":"meta","trending_post_label":"Trending","sponsored_post":"0","sponsored_post_label":"Sponsored by","sponsored_post_name":"","sponsored_post_url":"","sponsored_post_logo_enable":"0","sponsored_post_logo":"","sponsored_post_desc":"","disable_ad":"0"},"jnews_primary_category":{"id":""},"jnews_social_meta":{"fb_title":"","fb_description":"","fb_image":"","twitter_title":"","twitter_description":"","twitter_image":""},"jnews_override_counter":{"override_view_counter":"0","view_counter_number":"0","override_share_counter":"0","share_counter_number":"0","override_like_counter":"0","like_counter_number":"0","override_dislike_counter":"0","dislike_counter_number":"0"},"footnotes":""},"categories":[1],"tags":[162],"class_list":["post-2522","post","type-post","status-publish","format-standard","has-post-thumbnail","hentry","category-genel","tag-19-mayis"],"_links":{"self":[{"href":"https:\/\/belediyeis.org.tr\/merkez\/wp-json\/wp\/v2\/posts\/2522","targetHints":{"allow":["GET"]}}],"collection":[{"href":"https:\/\/belediyeis.org.tr\/merkez\/wp-json\/wp\/v2\/posts"}],"about":[{"href":"https:\/\/belediyeis.org.tr\/merkez\/wp-json\/wp\/v2\/types\/post"}],"author":[{"embeddable":true,"href":"https:\/\/belediyeis.org.tr\/merkez\/wp-json\/wp\/v2\/users\/3"}],"replies":[{"embeddable":true,"href":"https:\/\/belediyeis.org.tr\/merkez\/wp-json\/wp\/v2\/comments?post=2522"}],"version-history":[{"count":1,"href":"https:\/\/belediyeis.org.tr\/merkez\/wp-json\/wp\/v2\/posts\/2522\/revisions"}],"predecessor-version":[{"id":2524,"href":"https:\/\/belediyeis.org.tr\/merkez\/wp-json\/wp\/v2\/posts\/2522\/revisions\/2524"}],"wp:featuredmedia":[{"embeddable":true,"href":"https:\/\/belediyeis.org.tr\/merkez\/wp-json\/wp\/v2\/media\/2523"}],"wp:attachment":[{"href":"https:\/\/belediyeis.org.tr\/merkez\/wp-json\/wp\/v2\/media?parent=2522"}],"wp:term":[{"taxonomy":"category","embeddable":true,"href":"https:\/\/belediyeis.org.tr\/merkez\/wp-json\/wp\/v2\/categories?post=2522"},{"taxonomy":"post_tag","embeddable":true,"href":"https:\/\/belediyeis.org.tr\/merkez\/wp-json\/wp\/v2\/tags?post=2522"}],"curies":[{"name":"wp","href":"https:\/\/api.w.org\/{rel}","templated":true}]}}