{"id":2516,"date":"2020-06-12T16:35:42","date_gmt":"2020-06-12T13:35:42","guid":{"rendered":"http:\/\/belediyeis.org.tr\/merkez\/?p=2516"},"modified":"2022-03-22T16:38:40","modified_gmt":"2022-03-22T13:38:40","slug":"kidem-tazminati-emekcilerin-canakkalesidir","status":"publish","type":"post","link":"https:\/\/belediyeis.org.tr\/merkez\/2020\/06\/12\/kidem-tazminati-emekcilerin-canakkalesidir\/","title":{"rendered":"K\u0131dem Tazminat\u0131 Emek\u00e7ilerin \u00c7anakkalesidir"},"content":{"rendered":"<p style=\"text-align: justify;\">\u0130ktidar taraf\u0131ndan yeniden g\u00fcndeme getirilen k\u0131dem tazminat\u0131n\u0131n fona devri ve tamamlay\u0131c\u0131 emeklilik sigortas\u0131na ili\u015fkin baz\u0131 a\u00e7\u0131klamalar bas\u0131n yay\u0131n organlar\u0131nda yer ald\u0131.<\/p>\n<p style=\"text-align: justify;\">Belediye-\u0130\u015f\u2019in k\u0131dem tazminat\u0131na ili\u015fkin tavr\u0131 d\u00fcn oldu\u011fu gibi bug\u00fcn de nettir. K\u0131dem tazminat\u0131n\u0131 yok etmeye, budamaya, etkisizle\u015ftirmeye y\u00f6nelik t\u00fcm \u00f6nerileri ciddiye alm\u0131yoruz, tart\u0131\u015f\u0131l\u0131r ve konu\u015fulur bulmuyoruz.<\/p>\n<p style=\"text-align: justify;\">Neden mi? \u00c7\u00fcnk\u00fc k\u0131dem tazminat\u0131, i\u015fverenin i\u015f\u00e7iye yapm\u0131\u015f oldu\u011fu bir yard\u0131m ya da i\u015fverenin bir l\u00fctfu de\u011fildir.<\/p>\n<p style=\"text-align: justify;\">K\u0131dem tazminat\u0131 emek\u00e7ilerin anas\u0131n\u0131n ak s\u00fct\u00fc kadar helal paras\u0131d\u0131r.<\/p>\n<p style=\"text-align: justify;\">K\u0131dem tazminat\u0131, i\u015f\u00e7ilerin \u00f6nceden \u00e7al\u0131\u015f\u0131p hak etti\u011fi ve \u00f6demesi ileri bir tarihe ertelenen \u00fccretidir. K\u0131dem tazminat\u0131 i\u015f\u00e7inin zor g\u00fcn\u00fcnde g\u00fcvencesidir. Al\u0131nterimiz, \u00e7oluk \u00e7ocu\u011fumuzun r\u0131zk\u0131 olan k\u0131dem tazminat\u0131 hakk\u0131nda ne iktidar\u0131n ne de i\u015fverenin s\u00f6z hakk\u0131 vard\u0131r. Hi\u00e7 kimse emek\u00e7ilerin kazan\u0131lm\u0131\u015f hakk\u0131 olan k\u0131dem tazminat\u0131 \u00fczerinden pazarl\u0131\u011fa girmesin.<\/p>\n<p style=\"text-align: justify;\">K\u0131dem tazminat\u0131 Mustafa Kemal Atat\u00fcrk hen\u00fcz daha sa\u011fken, 1936\u2019da kazan\u0131lm\u0131\u015f 84 y\u0131ll\u0131k yasal hakk\u0131m\u0131zd\u0131r. Gen\u00e7lerimizin, \u00e7ocuklar\u0131m\u0131z\u0131n ve torunlar\u0131m\u0131z\u0131n gelece\u011fidir.<\/p>\n<p style=\"text-align: justify;\">\u0130ktidarlar\u0131n k\u0131dem tazminat\u0131na ili\u015fkin \u00f6nerilerinin t\u00fcm\u00fcnde ama\u00e7 ayn\u0131d\u0131r. Ama\u00e7, i\u015f\u00e7inin bug\u00fcn ald\u0131\u011f\u0131 tazminat\u0131 yar\u0131 yar\u0131ya indirmek, k\u0131dem tazminat\u0131na eri\u015fimi zorla\u015ft\u0131rmak, sermayeye ucuz kaynak yaratmak ve i\u015f\u00e7inin i\u015f g\u00fcvencesini ortadan kald\u0131rmakt\u0131r.<\/p>\n<p style=\"text-align: justify;\">K\u0131dem tazminat\u0131n\u0131n fona devri, t\u0131pk\u0131 \u201cKonut Edindirme Yard\u0131mlar\u0131\u201c gibi t\u0131pk\u0131 \u201dzorunlu tasarruf\u201dlar gibi, \u0130\u015fsizlik Sigortas\u0131 Fonunun yasalara ra\u011fmen \u00e7ar\u00e7ur edilmesi gibi emek\u00e7ilerin al\u0131n terinin sermayeye pe\u015fke\u015f \u00e7ekilmesidir.<\/p>\n<p style=\"text-align: justify;\">K\u0131dem tazminat\u0131 emek\u00e7ilerin tek dayana\u011f\u0131, umudu, al\u0131n terinin kar\u015f\u0131l\u0131\u011f\u0131d\u0131r.<\/p>\n<p style=\"text-align: justify;\">K\u0131dem tazminat\u0131n\u0131 yok etmeye y\u00f6nelik her giri\u015fim, emek\u00e7ilerin hayallerini, geleceklerini, umutlar\u0131n\u0131 yok etmek, onlar\u0131 canl\u0131 canl\u0131 g\u00f6mmek demektir. Her \u015fey bitti de s\u0131ra i\u015f\u00e7inin al\u0131n terini sermayeye aktarmaya m\u0131 geldi? Art\u0131k yeter\u2026 Almad\u0131\u011f\u0131n\u0131z bir can\u0131m\u0131z kald\u0131. Onu da m\u0131 almak istiyorsunuz?<\/p>\n<p style=\"text-align: justify;\">Buna asla izin vermeyece\u011fiz, ba\u015faramayacaks\u0131n\u0131z.<\/p>\n<p style=\"text-align: justify;\">T\u0131pk\u0131, 12 Eyl\u00fcl\u2019\u00fcn darbeci generallerinin beceremedi\u011fi gibi, t\u0131pk\u0131 sizden \u00f6nceki iktidarlar\u0131n yapamad\u0131\u011f\u0131 gibi, siz de yapamayacaks\u0131n\u0131z.<\/p>\n<p style=\"text-align: justify;\">Hayallerimizi, umutlar\u0131m\u0131z\u0131, son kalemizi, k\u0131rm\u0131z\u0131 \u00e7izgimiz olan k\u0131dem tazminat\u0131n\u0131n yok etmenize asla izin vermeyece\u011fiz.<\/p>\n<p style=\"text-align: justify;\">Bug\u00fcn \u00fclkemizin temel sorunu k\u0131dem tazminat\u0131 de\u011fildir.<\/p>\n<p style=\"text-align: justify;\">Bug\u00fcn \u00fclkemizin sorunu milyonlarca i\u015fsize i\u015f bulmak, istihdam yaratmakt\u0131r.<\/p>\n<p style=\"text-align: justify;\">Bug\u00fcn \u00fclkemizin sorunu \u00e7\u00f6ken ekonominin aya\u011fa kald\u0131r\u0131lmas\u0131d\u0131r.<\/p>\n<p style=\"text-align: justify;\">Bug\u00fcn \u00fclkemizin sorunu koronavir\u00fcs salg\u0131n\u0131 nedeniyle gelir kayb\u0131na u\u011frayan, ge\u00e7im derdi ya\u015fayan vatanda\u015flar\u0131m\u0131z\u0131n gelirlerini artt\u0131r\u0131c\u0131 \u00f6nlemler almakt\u0131r.<\/p>\n<p style=\"text-align: justify;\">Y\u0131llard\u0131r yap\u0131lan yanl\u0131\u015f politikalar\u0131n, israf\u0131n faturas\u0131n\u0131 k\u0131dem tazminat\u0131n\u0131 fona devrederek emek\u00e7ilere kesemezsiniz. Bug\u00fcne kadar kimlerle yediyseniz, kimlerle i\u00e7tiyseniz hesab\u0131 da onlara \u00e7\u0131kar\u0131n\u2026<\/p>\n<p style=\"text-align: justify;\">E\u011fer bug\u00fcn emek\u00e7iler hak etmelerine ra\u011fmen k\u0131dem tazminatlar\u0131n\u0131 alam\u0131yorlarsa bunun sorumlular\u0131 y\u0131llard\u0131r icra makam\u0131nda oturan, \u00fclkeyi y\u00f6neten sizlersiniz.<\/p>\n<p style=\"text-align: justify;\">Amac\u0131n\u0131z, emek\u00e7ilerin k\u0131dem tazminat\u0131n\u0131 sermayeye \u00e7erez yapmak, iktidar yanda\u015flar\u0131n\u0131n finansal ihtiya\u00e7lar\u0131n\u0131 kar\u015f\u0131lamak de\u011filse, amac\u0131n\u0131z k\u0131dem tazminat\u0131ndan daha fazla \u00e7al\u0131\u015fan\u0131n yararlanmas\u0131ysa, bunun \u00e7\u00f6z\u00fcm\u00fc basit!<\/p>\n<p style=\"text-align: justify;\">\u0130\u015f\u00e7ilerin her t\u00fcrl\u00fc i\u015ften \u00e7\u0131karma veya kendi iste\u011fi ile i\u015ften ayr\u0131lma hali d\u00e2hil olmak \u00fczere, i\u015fe girdi\u011fi andan itibaren, bir g\u00fcn bile \u00e7al\u0131\u015fsa k\u0131dem tazminat\u0131 hakk\u0131na kavu\u015fabilecek yasal d\u00fczenlemeyi yap\u0131n.<\/p>\n<p style=\"text-align: justify;\">K\u0131dem Tazminat\u0131nda tavan \u00fccret uygulamas\u0131 kald\u0131r\u0131n.<\/p>\n<p style=\"text-align: justify;\">K\u0131dem tazminat\u0131 da d\u00e2hil olmak \u00fczere \u00f6denmeyen i\u015f\u00e7i alacaklar\u0131n\u0131 devlet\u00e7e \u00f6deyip, i\u015fverenden tahsil edin sorun \u00e7\u00f6z\u00fcl\u00fcr.<\/p>\n<p style=\"text-align: justify;\">Asla K\u0131dem tazminat\u0131n\u0131 k\u0131s\u0131tlamay\u0131, eri\u015fimini engellemeyi akl\u0131n\u0131zdan bile ge\u00e7irmeyin. Unutmay\u0131n, size bu akl\u0131 her kim verdiyse onlar bu \u00fclkede \u00e7al\u0131\u015fma bar\u0131\u015f\u0131n\u0131, toplumsal huzuru bozmaya \u00e7al\u0131\u015fanlard\u0131r.<\/p>\n<p style=\"text-align: justify;\">Belediye-\u0130\u015f, k\u0131dem tazminat\u0131n\u0131n fona devredilmesi veya s\u00fcresinin azalt\u0131lmas\u0131 gibi hi\u00e7bir geriletici d\u00fczenlemeyi asla kabul etmeyecektir.<\/p>\n<p style=\"text-align: justify;\">Belediye-\u0130\u015f, k\u0131dem tazminat\u0131 hakk\u0131n\u0131n gasb\u0131 ya da zay\u0131flat\u0131lmas\u0131na y\u00f6nelik giri\u015fimler kar\u015f\u0131s\u0131nda, T\u00fcrk-\u0130\u015f Genel Kurul kararlar\u0131 do\u011frultusunda, T\u00fcrk-\u0130\u015f \u00f6nc\u00fcl\u00fc\u011f\u00fcnde sonu\u00e7 al\u0131n\u0131ncaya kadar me\u015fru her yolu kullanma kararl\u0131l\u0131\u011f\u0131ndad\u0131r.<\/p>\n<p style=\"text-align: justify;\">Sayg\u0131lar\u0131m\u0131zla.<\/p>\n<p style=\"text-align: justify;\">12.06.2020<\/p>\n<p style=\"text-align: justify;\">Belediye-\u0130\u015f Sendikas\u0131<\/p>\n","protected":false},"excerpt":{"rendered":"<p>\u0130ktidar taraf\u0131ndan yeniden g\u00fcndeme getirilen k\u0131dem tazminat\u0131n\u0131n fona devri ve tamamlay\u0131c\u0131 emeklilik sigortas\u0131na ili\u015fkin baz\u0131 a\u00e7\u0131klamalar bas\u0131n yay\u0131n organlar\u0131nda yer ald\u0131. Belediye-\u0130\u015f\u2019in k\u0131dem tazminat\u0131na ili\u015fkin tavr\u0131 d\u00fcn oldu\u011fu gibi bug\u00fcn de nettir. K\u0131dem tazminat\u0131n\u0131 yok etmeye, budamaya, etkisizle\u015ftirmeye y\u00f6nelik t\u00fcm \u00f6nerileri ciddiye alm\u0131yoruz, tart\u0131\u015f\u0131l\u0131r ve konu\u015fulur bulmuyoruz. Neden mi? \u00c7\u00fcnk\u00fc k\u0131dem tazminat\u0131, i\u015fverenin i\u015f\u00e7iye yapm\u0131\u015f [&hellip;]<\/p>\n","protected":false},"author":3,"featured_media":2278,"comment_status":"open","ping_status":"open","sticky":false,"template":"","format":"standard","meta":{"jnews-multi-image_gallery":[],"jnews_single_post":{"source_name":"","source_url":"","via_name":"","via_url":"","override_template":"0","override":[{"template":"1","single_blog_custom":"","parallax":"1","fullscreen":"1","layout":"right-sidebar","sidebar":"default-sidebar","second_sidebar":"default-sidebar","sticky_sidebar":"1","share_position":"top","share_float_style":"share-monocrhome","show_share_counter":"1","show_view_counter":"1","show_featured":"1","show_post_meta":"1","show_post_author":"1","show_post_author_image":"1","show_post_date":"1","post_date_format":"default","post_date_format_custom":"Y\/m\/d","show_post_category":"1","show_post_reading_time":"0","post_reading_time_wpm":"300","show_zoom_button":"0","zoom_button_out_step":"2","zoom_button_in_step":"3","show_post_tag":"1","show_prev_next_post":"1","show_popup_post":"1","number_popup_post":"1","show_author_box":"0","show_post_related":"0","show_inline_post_related":"0"}],"override_image_size":"0","image_override":[{"single_post_thumbnail_size":"crop-500","single_post_gallery_size":"crop-500"}],"trending_post":"0","trending_post_position":"meta","trending_post_label":"Trending","sponsored_post":"0","sponsored_post_label":"Sponsored by","sponsored_post_name":"","sponsored_post_url":"","sponsored_post_logo_enable":"0","sponsored_post_logo":"","sponsored_post_desc":"","disable_ad":"0"},"jnews_primary_category":{"id":""},"jnews_social_meta":{"fb_title":"","fb_description":"","fb_image":"","twitter_title":"","twitter_description":"","twitter_image":""},"jnews_override_counter":{"override_view_counter":"0","view_counter_number":"0","override_share_counter":"0","share_counter_number":"0","override_like_counter":"0","like_counter_number":"0","override_dislike_counter":"0","dislike_counter_number":"0"},"footnotes":""},"categories":[1],"tags":[197],"class_list":["post-2516","post","type-post","status-publish","format-standard","has-post-thumbnail","hentry","category-genel","tag-kidem-tazminati"],"_links":{"self":[{"href":"https:\/\/belediyeis.org.tr\/merkez\/wp-json\/wp\/v2\/posts\/2516","targetHints":{"allow":["GET"]}}],"collection":[{"href":"https:\/\/belediyeis.org.tr\/merkez\/wp-json\/wp\/v2\/posts"}],"about":[{"href":"https:\/\/belediyeis.org.tr\/merkez\/wp-json\/wp\/v2\/types\/post"}],"author":[{"embeddable":true,"href":"https:\/\/belediyeis.org.tr\/merkez\/wp-json\/wp\/v2\/users\/3"}],"replies":[{"embeddable":true,"href":"https:\/\/belediyeis.org.tr\/merkez\/wp-json\/wp\/v2\/comments?post=2516"}],"version-history":[{"count":1,"href":"https:\/\/belediyeis.org.tr\/merkez\/wp-json\/wp\/v2\/posts\/2516\/revisions"}],"predecessor-version":[{"id":2517,"href":"https:\/\/belediyeis.org.tr\/merkez\/wp-json\/wp\/v2\/posts\/2516\/revisions\/2517"}],"wp:featuredmedia":[{"embeddable":true,"href":"https:\/\/belediyeis.org.tr\/merkez\/wp-json\/wp\/v2\/media\/2278"}],"wp:attachment":[{"href":"https:\/\/belediyeis.org.tr\/merkez\/wp-json\/wp\/v2\/media?parent=2516"}],"wp:term":[{"taxonomy":"category","embeddable":true,"href":"https:\/\/belediyeis.org.tr\/merkez\/wp-json\/wp\/v2\/categories?post=2516"},{"taxonomy":"post_tag","embeddable":true,"href":"https:\/\/belediyeis.org.tr\/merkez\/wp-json\/wp\/v2\/tags?post=2516"}],"curies":[{"name":"wp","href":"https:\/\/api.w.org\/{rel}","templated":true}]}}