{"id":2294,"date":"2021-05-19T15:34:13","date_gmt":"2021-05-19T12:34:13","guid":{"rendered":"http:\/\/belediyeis.org.tr\/merkez\/?p=2294"},"modified":"2022-03-07T15:36:36","modified_gmt":"2022-03-07T12:36:36","slug":"19-mayis-ataturku-anma-genclik-ve-spor-bayramimiz-kutlu-olsun","status":"publish","type":"post","link":"https:\/\/belediyeis.org.tr\/merkez\/2021\/05\/19\/19-mayis-ataturku-anma-genclik-ve-spor-bayramimiz-kutlu-olsun\/","title":{"rendered":"19 May\u0131s Atat\u00fcrk&#8217;\u00fc Anma Gen\u00e7lik Ve Spor Bayram\u0131m\u0131z Kutlu Olsun"},"content":{"rendered":"<p style=\"text-align: justify;\">Ulu \u00d6nder Mustafa Kemal Atat\u00fcrk 19 May\u0131s 1919\u2019da Samsun\u2019a ayak bast\u0131\u011f\u0131nda; k\u00f6hnemi\u015f, karanl\u0131k, emperyalist devletlerin oyunca\u011f\u0131 haline gelmi\u015f, halk\u0131n\u0131 kul-k\u00f6le g\u00f6ren bir zihniyete kar\u015f\u0131 m\u00fccadelenin de ilk ate\u015fini yakt\u0131.<\/p>\n<p style=\"text-align: justify;\">Genciyle ya\u015fl\u0131s\u0131yla kad\u0131n\u0131yla erke\u011fiyle b\u00fct\u00fcn bir milletin karanl\u0131\u011fa kar\u015f\u0131 ayd\u0131nl\u0131k, gericili\u011fe kar\u015f\u0131 bilim, kullu\u011fa kar\u015f\u0131 birey olma, ba\u011f\u0131ms\u0131zl\u0131k ve \u00e7a\u011fda\u015fl\u0131k inanc\u0131yla verdi\u011fi m\u00fccadele, dalga dalga t\u00fcm Anadolu\u2019ya yay\u0131ld\u0131.<\/p>\n<p style=\"text-align: justify;\">T\u00fcrk Milleti\u2019nin ba\u011f\u0131ms\u0131zl\u0131k ve \u00f6zg\u00fcrl\u00fck umutlar\u0131n\u0131n Milli M\u00fccadele\u2019nin kazan\u0131lmas\u0131yla art\u0131k \u00e7ok yak\u0131n oldu\u011funu bilen Ulu \u00d6nder, T\u00fcrkiye Cumhuriyeti\u2019ni kurarak bu b\u00fcy\u00fck emaneti de \u201cOnu, y\u00fckseltecek ve s\u00fcrd\u00fcrecek sizsiniz\u201d diyerek T\u00fcrk Gen\u00e7li\u011fine arma\u011fan etti. Her ku\u015faktan gen\u00e7ler olarak, bizler de bu emanetin fark\u0131nda, \u00f6zg\u00fcrl\u00fc\u011f\u00fcn, bar\u0131\u015f\u0131n, ba\u011f\u0131ms\u0131zl\u0131\u011f\u0131n, demokrasinin, laik ve \u00e7a\u011fda\u015fl\u0131\u011f\u0131n g\u00fcvencesiyiz.<\/p>\n<p style=\"text-align: justify;\">19 May\u0131s 1919\u2019da ba\u015flat\u0131lan bu b\u00fcy\u00fck m\u00fccadelenin 102. Y\u0131ld\u00f6n\u00fcm\u00fcnde, bir kez daha Ulu \u00d6nder Atat\u00fcrk ve Milli M\u00fccadele kahramanlar\u0131n\u0131 sayg\u0131 ve minnetle an\u0131yoruz.<\/p>\n<p style=\"text-align: justify;\"><strong>Belediye-\u0130\u015f Sendikas\u0131<\/strong><\/p>\n<p><strong>Genel Y\u00f6netim Kurulu<\/strong><\/p>\n","protected":false},"excerpt":{"rendered":"<p>Ulu \u00d6nder Mustafa Kemal Atat\u00fcrk 19 May\u0131s 1919\u2019da Samsun\u2019a ayak bast\u0131\u011f\u0131nda; k\u00f6hnemi\u015f, karanl\u0131k, emperyalist devletlerin oyunca\u011f\u0131 haline gelmi\u015f, halk\u0131n\u0131 kul-k\u00f6le g\u00f6ren bir zihniyete kar\u015f\u0131 m\u00fccadelenin de ilk ate\u015fini yakt\u0131. Genciyle ya\u015fl\u0131s\u0131yla kad\u0131n\u0131yla erke\u011fiyle b\u00fct\u00fcn bir milletin karanl\u0131\u011fa kar\u015f\u0131 ayd\u0131nl\u0131k, gericili\u011fe kar\u015f\u0131 bilim, kullu\u011fa kar\u015f\u0131 birey olma, ba\u011f\u0131ms\u0131zl\u0131k ve \u00e7a\u011fda\u015fl\u0131k inanc\u0131yla verdi\u011fi m\u00fccadele, dalga dalga t\u00fcm [&hellip;]<\/p>\n","protected":false},"author":3,"featured_media":2295,"comment_status":"open","ping_status":"open","sticky":false,"template":"","format":"standard","meta":{"jnews-multi-image_gallery":[],"jnews_single_post":{"source_name":"","source_url":"","via_name":"","via_url":"","override_template":"0","override":[{"template":"1","single_blog_custom":"","parallax":"1","fullscreen":"1","layout":"right-sidebar","sidebar":"default-sidebar","second_sidebar":"default-sidebar","sticky_sidebar":"1","share_position":"top","share_float_style":"share-monocrhome","show_share_counter":"1","show_view_counter":"1","show_featured":"1","show_post_meta":"1","show_post_author":"1","show_post_author_image":"1","show_post_date":"1","post_date_format":"default","post_date_format_custom":"Y\/m\/d","show_post_category":"1","show_post_reading_time":"0","post_reading_time_wpm":"300","show_zoom_button":"0","zoom_button_out_step":"2","zoom_button_in_step":"3","show_post_tag":"1","show_prev_next_post":"1","show_popup_post":"1","number_popup_post":"1","show_author_box":"0","show_post_related":"0","show_inline_post_related":"0"}],"override_image_size":"0","image_override":[{"single_post_thumbnail_size":"crop-500","single_post_gallery_size":"crop-500"}],"trending_post":"0","trending_post_position":"meta","trending_post_label":"Trending","sponsored_post":"0","sponsored_post_label":"Sponsored by","sponsored_post_name":"","sponsored_post_url":"","sponsored_post_logo_enable":"0","sponsored_post_logo":"","sponsored_post_desc":"","disable_ad":"0"},"jnews_primary_category":{"id":""},"jnews_social_meta":{"fb_title":"","fb_description":"","fb_image":"","twitter_title":"","twitter_description":"","twitter_image":""},"jnews_override_counter":{"override_view_counter":"0","view_counter_number":"0","override_share_counter":"0","share_counter_number":"0","override_like_counter":"0","like_counter_number":"0","override_dislike_counter":"0","dislike_counter_number":"0"},"footnotes":""},"categories":[1],"tags":[162,103],"class_list":["post-2294","post","type-post","status-publish","format-standard","has-post-thumbnail","hentry","category-genel","tag-19-mayis","tag-basin-aciklamasi"],"_links":{"self":[{"href":"https:\/\/belediyeis.org.tr\/merkez\/wp-json\/wp\/v2\/posts\/2294","targetHints":{"allow":["GET"]}}],"collection":[{"href":"https:\/\/belediyeis.org.tr\/merkez\/wp-json\/wp\/v2\/posts"}],"about":[{"href":"https:\/\/belediyeis.org.tr\/merkez\/wp-json\/wp\/v2\/types\/post"}],"author":[{"embeddable":true,"href":"https:\/\/belediyeis.org.tr\/merkez\/wp-json\/wp\/v2\/users\/3"}],"replies":[{"embeddable":true,"href":"https:\/\/belediyeis.org.tr\/merkez\/wp-json\/wp\/v2\/comments?post=2294"}],"version-history":[{"count":1,"href":"https:\/\/belediyeis.org.tr\/merkez\/wp-json\/wp\/v2\/posts\/2294\/revisions"}],"predecessor-version":[{"id":2296,"href":"https:\/\/belediyeis.org.tr\/merkez\/wp-json\/wp\/v2\/posts\/2294\/revisions\/2296"}],"wp:featuredmedia":[{"embeddable":true,"href":"https:\/\/belediyeis.org.tr\/merkez\/wp-json\/wp\/v2\/media\/2295"}],"wp:attachment":[{"href":"https:\/\/belediyeis.org.tr\/merkez\/wp-json\/wp\/v2\/media?parent=2294"}],"wp:term":[{"taxonomy":"category","embeddable":true,"href":"https:\/\/belediyeis.org.tr\/merkez\/wp-json\/wp\/v2\/categories?post=2294"},{"taxonomy":"post_tag","embeddable":true,"href":"https:\/\/belediyeis.org.tr\/merkez\/wp-json\/wp\/v2\/tags?post=2294"}],"curies":[{"name":"wp","href":"https:\/\/api.w.org\/{rel}","templated":true}]}}