{"id":1338,"date":"2021-10-14T13:59:12","date_gmt":"2021-10-14T10:59:12","guid":{"rendered":"http:\/\/belediyeis.org.tr\/merkez\/?p=1338"},"modified":"2022-01-26T13:40:32","modified_gmt":"2022-01-26T10:40:32","slug":"er-ya-da-gec-adalet-yerini-bulacaktir","status":"publish","type":"post","link":"https:\/\/belediyeis.org.tr\/merkez\/2021\/10\/14\/er-ya-da-gec-adalet-yerini-bulacaktir\/","title":{"rendered":"Er Ya Da Ge\u00e7 Adalet Yerini Bulacakt\u0131r"},"content":{"rendered":"<p style=\"text-align: justify;\">Hizmet-\u0130\u015f Genel Ba\u015fkan\u0131 Mahmut Arslan Antalya\u2019da yapt\u0131\u011f\u0131 bas\u0131na yans\u0131yan konu\u015fmas\u0131nda, yerel se\u00e7imlerin ard\u0131ndan \u00a0\u201c<strong>sendikalar\u0131na \u00fcye 10 bin ki\u015finin i\u015ften \u00e7\u0131kar\u0131ld\u0131\u011f\u0131n\u0131, 60 bin i\u015f\u00e7inin istifa ettirildi\u011fini\u201d<\/strong>\u00a0iddia etti. Arslan sorumlu olarak da 31 Mart se\u00e7imleri ard\u0131ndan muhalefet partilerinin y\u00f6netimde oldu\u011fu, ba\u015fta Ankara B\u00fcy\u00fck\u015fehir Belediye Ba\u015fkan\u0131 Mansur Yava\u015f olmak \u00fczere, \u0130stanbul ve Antalya B\u00fcy\u00fck\u015fehir y\u00f6netimlerini ve bu belediyelerde \u00e7al\u0131\u015fan emek\u00e7ilerin tercihi olan sendikam\u0131z\u0131 i\u015faret etmi\u015ftir.<\/p>\n<p style=\"text-align: justify;\"><strong>D\u00dcN YENEN HURMALAR\u2026<\/strong><\/p>\n<p style=\"text-align: justify;\"><strong>Say\u0131n Arslan belli ki, \u00a0kendini d\u00fcnya ak\u0131ll\u0131s\u0131 milleti aptal san\u0131yor? Ayak\u00fcst\u00fcnde k\u0131rk yalan s\u00f6yleyerek, bu yalanlarla toplumu inand\u0131raca\u011f\u0131n\u0131 san\u0131yor, ama yan\u0131l\u0131yor. \u00c7\u00fcnk\u00fc yap\u0131lan zul\u00fcm, bini a\u015ft\u0131. Ne yaparsan\u0131z yap\u0131n, ne kadar uzun kuyruklu yalan s\u00f6ylerseniz s\u00f6yleyin ger\u00e7ekleri gizleyemezsiniz.<\/strong><\/p>\n<p style=\"text-align: justify;\">Hak-\u0130\u015f, yanda\u015flar\u0131 deste\u011fiyle \u00c7ay-Kur\u2019da on y\u0131llard\u0131r \u00f6rg\u00fctl\u00fc olan T\u00fcrk-\u0130\u015f\u2019e ba\u011fl\u0131 Tek G\u0131da-\u0130\u015f Sendikas\u0131 \u00fcyesi binlerce i\u015f\u00e7iyi bask\u0131 ve tehditle \u00d6z G\u0131da-\u0130\u015f\u2019e \u00fcye olmaya zorlamad\u0131 m\u0131?<\/p>\n<p style=\"text-align: justify;\">Hak-\u0130\u015f, d\u00f6nemin Orman Bakanl\u0131\u011f\u0131 b\u00fcrokratlar\u0131n\u0131n deste\u011fiyle, s\u00fcrg\u00fcnle bask\u0131yla on binlerce orman i\u015f\u00e7isini T\u00fcrk-\u0130\u015f\u2019e ba\u011fl\u0131 Orman-\u0130\u015f\u2019ten, istifa ettirip, \u00d6z Orman\u0131 \u0130\u015f\u2019e \u00fcye olmaya zorlamad\u0131 m\u0131?<\/p>\n<p style=\"text-align: justify;\">Hak-\u0130\u015f, Anadolu Ajans\u0131\u2019nda on y\u0131llard\u0131r \u00f6rg\u00fctl\u00fc olan T\u00fcrkiye Gazeteciler Sendikas\u0131 \u00fcyelerini ajans y\u00f6netimin bask\u0131yla, tehditle Medya-\u0130\u015f\u2019e \u00fcye olmaya zorlamad\u0131 m\u0131? Sendikas\u0131ndan istifa etmek istemeyenleri i\u015ften at\u0131lmad\u0131 m\u0131?<\/p>\n<p style=\"text-align: justify;\">Belediye-\u0130\u015f\u2019in y\u0131llard\u0131r \u00f6rg\u00fctl\u00fc oldu\u011fu Kocaeli, Ankara, \u0130stanbul, Antalya ve Erzurum B\u00fcy\u00fck\u015fehir belediyeleri ba\u015fta olmak \u00fczere onlarca belediyede \u00e7al\u0131\u015fan onbinlerce Belediye-\u0130\u015f \u00fcyesi, tehditle, s\u00fcrg\u00fcnle sendikam\u0131zdan zorla kopar\u0131l\u0131p Hizmet-\u0130\u015f\u2019e \u00fcye yap\u0131lmad\u0131 m\u0131? Sendikas\u0131ndan vazge\u00e7meyen emek\u00e7iler i\u015ften att\u0131rmad\u0131 m\u0131?<\/p>\n<p style=\"text-align: justify;\">Belediye-\u0130\u015f y\u00f6neticilerinin haks\u0131z hukuksuz bask\u0131lar\u0131n durdurulmas\u0131 i\u00e7in g\u00f6r\u00fc\u015ft\u00fc\u011f\u00fc baz\u0131 belediye ba\u015fkanlar\u0131 ve siyasilerden ald\u0131\u011f\u0131 cevap\u00a0<strong>\u201cHizmet-\u0130\u015f bizim sendikam\u0131z tabii ki onu b\u00fcy\u00fctece\u011fiz\u201d<\/strong>\u00a0\u00a0oldu.<\/p>\n<p style=\"text-align: justify;\"><strong>HALEP ORADAYSA AR\u015eIN BURADA<\/strong><\/p>\n<p style=\"text-align: justify;\">\u0130nternete girip birka\u00e7 dakikal\u0131k aramada, Hak-\u0130\u015f\/Hizmet-\u0130\u015f ve yanda\u015f sendikalar\u0131n emek\u00e7ilere yapt\u0131\u011f\u0131 zulm\u00fcn onlarca \u00f6rne\u011fine k\u0131saca ula\u015f\u0131labilir. 2013\u2019te sadece 41 bin \u00fcyesi olan Hizmet-\u0130\u015f, hayat\u0131n ola\u011fan ak\u0131\u015f\u0131na ayk\u0131r\u0131 bir \u015fekilde, 2019\u2019da 316 bin \u00fcyeye nas\u0131l sahip oldu san\u0131yorsunuz? Bu b\u00fcy\u00fcme, bask\u0131yla tehditle, g\u00fcd\u00fcml\u00fc sendikac\u0131l\u0131kla ve i\u015fverenin koruyup kollamas\u0131yla ger\u00e7ekle\u015fen hormonlu b\u00fcy\u00fcmeydi. \u0130\u015f\u00e7iye emek\u00e7iye dayanmayan hormonlu anlay\u0131\u015f, do\u011fal olarak yanda\u015f deste\u011fi azal\u0131p, hortumlar kesilmeye ba\u015flay\u0131nca, \u00a0patlak balon gibi s\u00f6nmeye ba\u015flad\u0131.<\/p>\n<p style=\"text-align: justify;\"><strong>MAHMUT ARSLAN\u2019IN HEZEYANLARI, SUYUN YATA\u011eINI BULMASINDANDIR<\/strong><\/p>\n<p style=\"text-align: justify;\"><strong>Hak-\u0130\u015f\/Hizmet-\u0130\u015f, 31 Mart 2019 yerel se\u00e7imleri ard\u0131ndan binlerce \u0130stanbul B\u00fcy\u00fck\u015fehir Belediyesi, \u0130STON\u00a0<\/strong>ve<strong>\u00a0\u0130SBAK<\/strong>,\u00a0<strong>Antalya B\u00fcy\u00fck\u015fehir<\/strong>\u00a0ve ba\u011fl\u0131 \u015firketi\u00a0<strong>Ula\u015f\u0131m A.\u015e.,<\/strong>\u00a0<strong>Ankara B\u00fcy\u00fck\u015fehir<\/strong>\u00a0ve ba\u011fl\u0131 \u015firketi\u00a0<strong>ANFA, BELKA ve BELPLAS<\/strong>\u00a0emek\u00e7ilerinin yakla\u015f\u0131k y\u00fczde 75-80\u2019ninin Belediye-\u0130\u015f\u2019i tercih etmesini kabullenemiyor.<\/p>\n<p style=\"text-align: justify;\">Bir yandan as\u0131ls\u0131z iddialarla yeni belediye y\u00f6netimlerini karal\u0131yor, di\u011fer yandan da 31 Mart Yerel se\u00e7imleri sonras\u0131 olu\u015fan \u00f6zg\u00fcrl\u00fck ortam\u0131nda sendikal tercihlerini yaparak \u00f6zg\u00fcrce sendikalar\u0131n\u0131 se\u00e7en belediye emek\u00e7ilerini cezaland\u0131rmak istiyor.<\/p>\n<p style=\"text-align: justify;\">Yenilenen \u0130stanbul B\u00fcy\u00fck\u015fehir se\u00e7imleri \u00f6ncesi ara d\u00f6nemde, bir yandan y\u0131llard\u0131r sendikala\u015fma hakk\u0131n\u0131 vermedi\u011fi binlerce i\u015f\u00e7iyi, belediye b\u00fcrokratlar\u0131n\u0131n bask\u0131s\u0131yla, belediyelerin insan kaynaklar\u0131ndan g\u00f6nderdi\u011fi acil kodlu emirlerle, iki se\u00e7im aras\u0131nda Hak-\u0130\u015f\u2019e ba\u011fl\u0131 sendikalara \u00fcye kaydediyor. Di\u011fer yandan da, Bakanl\u0131k\u2019taki yanda\u015flar\u0131 marifetiyle \u00fc\u00e7 g\u00fcnde yetki tespiti al\u0131p 3 y\u0131ll\u0131k toplu s\u00f6zle\u015fmeler yaparak iktidar de\u011fi\u015fikli\u011fi i\u00e7in haz\u0131rl\u0131k yap\u0131yor. Bu yap\u0131lan\u0131n ad\u0131 sendikac\u0131l\u0131k de\u011fil militanl\u0131kt\u0131r, tetik\u00e7iliktir. Di\u011fer yandan yenilenen \u0130stanbul B\u00fcy\u00fck\u015fehir yerel se\u00e7imi \u00f6ncesi, hukuksuzca belirli bir ama\u00e7larla ara d\u00f6nem y\u00f6netimi binlerce \u015fahs\u0131 i\u015fe al\u0131yor. \u0130\u015fe al\u0131nan ki\u015filer, Hak-\u0130\u015f\u2019e ba\u011fl\u0131 sendikalara \u00fcye yap\u0131l\u0131yor. Say\u0131n Ekrem \u0130mamo\u011flu y\u00f6netimi\u00a0<strong>\u201c\u0130stanbullular\u0131n hakk\u0131n\u0131 yedirmem\u201d<\/strong>\u00a0diyerek, bu haks\u0131zl\u0131\u011fa kar\u015f\u0131 \u00e7\u0131k\u0131nca da, sendikal hayat\u0131 boyunca i\u015f\u00e7i hakk\u0131 aramak i\u00e7in soka\u011fa \u00e7\u0131kmayan Hak-\u0130\u015f\u2019e ba\u011fl\u0131 sendikalar s\u00f6zde eylem yap\u0131p, yeni y\u00f6netimleri karal\u0131yor.<\/p>\n<p style=\"text-align: justify;\"><strong>Siz bu milleti aptal m\u0131 san\u0131yorsunuz? Sak\u0131n ha!!! Sak\u0131n!!! milletin akl\u0131yla alay etmeyin<\/strong><\/p>\n<p style=\"text-align: justify;\">T\u00fcm bunlar yetmez gibi, Hak-\u0130\u015f\/Hizmet-\u0130\u015f, Antalya ve Ankara B\u00fcy\u00fck\u015fehir Belediyelerinde, yeterli yasal \u00e7o\u011funluklar\u0131 olmamas\u0131na ra\u011fmen, yasalara, uygulamalara ve yerle\u015fik i\u00e7tihatlara ayk\u0131r\u0131 bir \u015fekilde toplu s\u00f6zle\u015fme yetkilerine itiraz ediyor, tek ki\u015filik s\u00f6zde grevler yaparak yeni belediye y\u00f6netimlerini, i\u015f\u00e7ilerin ve kamuoyunun g\u00f6z\u00fcnde y\u00f6netemeyen, toplu s\u00f6zle\u015fme yapamayan y\u00f6netimler olarak itibars\u0131zla\u015ft\u0131rmaya \u00e7al\u0131\u015f\u0131yor.<\/p>\n<p style=\"text-align: justify;\"><strong>Sizlerin ve a\u011falar\u0131n\u0131z\u0131n yapt\u0131\u011f\u0131 adaletsizliklerin, haks\u0131zl\u0131klar\u0131n, hadsizliklerin sonuna yakla\u015ft\u0131\u011f\u0131n\u0131z\u0131 g\u00f6r\u00fcnce de, utanmadan, s\u0131k\u0131lmadan zeytinya\u011f\u0131 gibi su \u00fcst\u00fcne \u00e7\u0131k\u0131p, bask\u0131dan, tehditten bahsedip ma\u011fduru oynamaya \u00e7al\u0131\u015f\u0131yorsunuz.<\/strong><\/p>\n<p style=\"text-align: justify;\">Hadi oradan, edep yahu. Biraz utan\u0131n. Bu ne y\u00fczs\u00fczl\u00fck, bu ne utanmazl\u0131k.<\/p>\n<p style=\"text-align: justify;\">\u0130ftira at\u0131p, bask\u0131dan bahsedip \u00e7ocuklar gibi a\u011flay\u0131p, s\u0131zlan\u0131p, su\u00e7u ba\u015fkas\u0131nda aramay\u0131n.<\/p>\n<p style=\"text-align: justify;\">Bizden size tavsiye, \u00f6zg\u00fcrce sendika se\u00e7me hakk\u0131n\u0131 kullanan emek\u00e7ilerin tercihlerine sayg\u0131 duyun. Onlara d\u00fc\u015fman gibi davran\u0131p, sendikal tercihlerinden dolay\u0131 as\u0131ls\u0131z, hukuksuz yetki itirazlar\u0131yla emek\u00e7ilerin ekme\u011fiyle oynamay\u0131n.<\/p>\n<p style=\"text-align: justify;\">Belediye-\u0130\u015f, d\u00fcn oldu\u011fu gibi bug\u00fcn de hi\u00e7bir ayr\u0131m yapmadan t\u00fcm belediyelerde al\u0131nteriyle hizmet \u00fcreten emek\u00e7inin yan\u0131nda, siyasetin ma\u015fas\u0131 olan i\u015f\u00e7iyi i\u015fiyle tehdit eden, emekle, \u00fcretimle i\u015fi olmayan asalaklar\u0131n kar\u015f\u0131s\u0131ndad\u0131r. Sayg\u0131lar\u0131m\u0131zla.<\/p>\n<p style=\"text-align: justify;\">14.10.2021<\/p>\n<p style=\"text-align: justify;\"><strong>Belediye-\u0130\u015f Sendikas\u0131<\/strong><\/p>\n<p>&nbsp;<\/p>\n<p>&nbsp;<\/p>\n<p>&nbsp;<\/p>\n","protected":false},"excerpt":{"rendered":"<p>Hizmet-\u0130\u015f Genel Ba\u015fkan\u0131 Mahmut Arslan Antalya\u2019da yapt\u0131\u011f\u0131 bas\u0131na yans\u0131yan konu\u015fmas\u0131nda, yerel se\u00e7imlerin ard\u0131ndan \u00a0\u201csendikalar\u0131na \u00fcye 10 bin ki\u015finin i\u015ften \u00e7\u0131kar\u0131ld\u0131\u011f\u0131n\u0131, 60 bin i\u015f\u00e7inin istifa ettirildi\u011fini\u201d\u00a0iddia etti. Arslan sorumlu olarak da 31 Mart se\u00e7imleri ard\u0131ndan muhalefet partilerinin y\u00f6netimde oldu\u011fu, ba\u015fta Ankara B\u00fcy\u00fck\u015fehir Belediye Ba\u015fkan\u0131 Mansur Yava\u015f olmak \u00fczere, \u0130stanbul ve Antalya B\u00fcy\u00fck\u015fehir y\u00f6netimlerini ve bu belediyelerde [&hellip;]<\/p>\n","protected":false},"author":3,"featured_media":1740,"comment_status":"open","ping_status":"open","sticky":false,"template":"","format":"standard","meta":{"jnews-multi-image_gallery":[],"jnews_single_post":{"source_name":"","source_url":"","via_name":"","via_url":"","override_template":"0","override":[{"template":"1","single_blog_custom":"","parallax":"1","fullscreen":"1","layout":"right-sidebar","sidebar":"default-sidebar","second_sidebar":"default-sidebar","sticky_sidebar":"1","share_position":"top","share_float_style":"share-monocrhome","show_share_counter":"1","show_view_counter":"1","show_featured":"1","show_post_meta":"1","show_post_author":"1","show_post_author_image":"1","show_post_date":"1","post_date_format":"default","post_date_format_custom":"Y\/m\/d","show_post_category":"1","show_post_reading_time":"0","post_reading_time_wpm":"300","show_zoom_button":"0","zoom_button_out_step":"2","zoom_button_in_step":"3","show_post_tag":"1","show_prev_next_post":"1","show_popup_post":"1","number_popup_post":"1","show_author_box":"0","show_post_related":"0","show_inline_post_related":"0"}],"override_image_size":"0","image_override":[{"single_post_thumbnail_size":"crop-500","single_post_gallery_size":"crop-500"}],"trending_post":"0","trending_post_position":"meta","trending_post_label":"Trending","sponsored_post":"0","sponsored_post_label":"Sponsored by","sponsored_post_name":"","sponsored_post_url":"","sponsored_post_logo_enable":"0","sponsored_post_logo":"","sponsored_post_desc":"","disable_ad":"0"},"jnews_primary_category":{"id":""},"jnews_social_meta":{"fb_title":"","fb_description":"","fb_image":"","twitter_title":"","twitter_description":"","twitter_image":""},"jnews_override_counter":{"override_view_counter":"0","view_counter_number":"0","override_share_counter":"0","share_counter_number":"0","override_like_counter":"0","like_counter_number":"0","override_dislike_counter":"0","dislike_counter_number":"0"},"footnotes":""},"categories":[1],"tags":[103,117],"class_list":["post-1338","post","type-post","status-publish","format-standard","has-post-thumbnail","hentry","category-genel","tag-basin-aciklamasi","tag-toplu-sozlesme"],"_links":{"self":[{"href":"https:\/\/belediyeis.org.tr\/merkez\/wp-json\/wp\/v2\/posts\/1338","targetHints":{"allow":["GET"]}}],"collection":[{"href":"https:\/\/belediyeis.org.tr\/merkez\/wp-json\/wp\/v2\/posts"}],"about":[{"href":"https:\/\/belediyeis.org.tr\/merkez\/wp-json\/wp\/v2\/types\/post"}],"author":[{"embeddable":true,"href":"https:\/\/belediyeis.org.tr\/merkez\/wp-json\/wp\/v2\/users\/3"}],"replies":[{"embeddable":true,"href":"https:\/\/belediyeis.org.tr\/merkez\/wp-json\/wp\/v2\/comments?post=1338"}],"version-history":[{"count":2,"href":"https:\/\/belediyeis.org.tr\/merkez\/wp-json\/wp\/v2\/posts\/1338\/revisions"}],"predecessor-version":[{"id":1820,"href":"https:\/\/belediyeis.org.tr\/merkez\/wp-json\/wp\/v2\/posts\/1338\/revisions\/1820"}],"wp:featuredmedia":[{"embeddable":true,"href":"https:\/\/belediyeis.org.tr\/merkez\/wp-json\/wp\/v2\/media\/1740"}],"wp:attachment":[{"href":"https:\/\/belediyeis.org.tr\/merkez\/wp-json\/wp\/v2\/media?parent=1338"}],"wp:term":[{"taxonomy":"category","embeddable":true,"href":"https:\/\/belediyeis.org.tr\/merkez\/wp-json\/wp\/v2\/categories?post=1338"},{"taxonomy":"post_tag","embeddable":true,"href":"https:\/\/belediyeis.org.tr\/merkez\/wp-json\/wp\/v2\/tags?post=1338"}],"curies":[{"name":"wp","href":"https:\/\/api.w.org\/{rel}","templated":true}]}}