{"id":772,"date":"2022-01-05T11:30:00","date_gmt":"2022-01-05T08:30:00","guid":{"rendered":"http:\/\/belediyeis.org.tr\/merkez\/?p=772"},"modified":"2022-02-01T12:04:13","modified_gmt":"2022-02-01T09:04:13","slug":"belediye-gelirlerinin-artirilmasi-icin-derhal-yasal-duzenleme-yapilmalidir","status":"publish","type":"post","link":"http:\/\/belediyeis.org.tr\/merkez\/2022\/01\/05\/belediye-gelirlerinin-artirilmasi-icin-derhal-yasal-duzenleme-yapilmalidir\/","title":{"rendered":"Belediye Gelirlerinin Art\u0131r\u0131lmas\u0131 \u0130\u00e7in Derhal Yasal D\u00fczenleme Yap\u0131lmal\u0131d\u0131r"},"content":{"rendered":"\r\n<p style=\"text-align: justify;\">Ya\u015fanan ekonomik kriz, son 19 y\u0131l\u0131n zirvesine t\u0131rmanan enflasyon, i\u015fsizlik ve yoksullu\u011fun yayg\u0131nla\u015fmas\u0131, gelir da\u011f\u0131l\u0131m\u0131n\u0131n daha da bozulmas\u0131, d\u00f6viz kuru dalgalanmalar\u0131, y\u00fcksek oranl\u0131 fiyat art\u0131\u015flar\u0131n\u0131n yan\u0131 s\u0131ra dalga dalga devam eden pandemi s\u00fcreci, belediye giderlerinin artmas\u0131na, gelirlerinin ise erimesine yol a\u00e7m\u0131\u015ft\u0131r.<\/p>\r\n\r\n\r\n\r\n<p style=\"text-align: justify;\">\u00d6zellikle turizm b\u00f6lgelerindeki yaz ve k\u0131\u015f n\u00fcfus farkl\u0131l\u0131klar\u0131na ek olarak, pandemi s\u00fcrecinin getirdi\u011fi n\u00fcfus art\u0131\u015flar\u0131, \u00fclkemizin belli b\u00f6lgelerinde yabanc\u0131 g\u00f6\u00e7men say\u0131s\u0131nda ya\u015fanan inan\u0131lmaz art\u0131\u015flara ra\u011fmen belediye gelirlerinin artmamas\u0131, belediyelere ek y\u00fckler getirmektedir.<\/p>\r\n\r\n\r\n\r\n<p style=\"text-align: justify;\">Bug\u00fcn \u00fclkemizde belediye gelirlerinin yetersizli\u011fi nedeniyle belediye emek\u00e7ileri, al\u0131nterinin kar\u015f\u0131l\u0131\u011f\u0131 olan \u00fccret ve sosyal haklar\u0131n\u0131 almakta s\u0131k\u0131nt\u0131 ya\u015famaktad\u0131r. Gerekli yasal d\u00fczenlemeler bir an \u00f6nce yap\u0131lmazsa, bu s\u0131k\u0131nt\u0131lar\u0131n giderek artmas\u0131 ka\u00e7\u0131n\u0131lmazd\u0131r.<\/p>\r\n\r\n\r\n\r\n<p style=\"text-align: justify;\">Ya\u015fanan ola\u011fan\u00fcst\u00fc s\u00fcre\u00e7ler, belediye gelirlerinin art\u0131r\u0131lmas\u0131na y\u00f6nelik \u00f6nlemlerin al\u0131nmas\u0131n\u0131, \u00f6zellikle de\u00a0<strong>5779 Say\u0131l\u0131 \u0130l \u00d6zel \u0130darelerine ve Belediyelere Genel B\u00fct\u00e7e Vergi Gelirlerinden Pay Verilmesi Hakk\u0131nda Kanun<\/strong>\u2019da belirtilen belediyelere ayr\u0131lan \u00a0pay\u0131n art\u0131r\u0131lmas\u0131n\u0131 zorunlu k\u0131lmaktad\u0131r.<\/p>\r\n\r\n\r\n\r\n<p style=\"text-align: justify;\">Mahalli m\u00fc\u015fterek hizmetlerin aksamamas\u0131, belediyelerden hizmet alan ve veren milyonlarca yurtta\u015f\u0131m\u0131z\u0131n daha fazla ma\u011fdur olmamas\u0131 i\u00e7in, ba\u015fta iktidar olmak \u00fczere, t\u00fcm siyasi partiler 5779 say\u0131l\u0131 Kanunda belirtilen Belediye paylar\u0131n\u0131n (oranlar\u0131n\u0131n) ve belediye gelirlerinin art\u0131r\u0131lmas\u0131 konusunda, Kanun ve \u0130lgili mevzuat de\u011fi\u015fiklikleri de dahil olmak \u00fczere gerekli \u00f6nlemleri almak i\u00e7in ivedilikle ad\u0131m atmal\u0131d\u0131r.<\/p>\r\n\r\n\r\n\r\n<p style=\"text-align: justify;\">Sayg\u0131lar\u0131m\u0131zla.\u00a0<\/p>\r\n","protected":false},"excerpt":{"rendered":"<p>Ya\u015fanan ekonomik kriz, son 19 y\u0131l\u0131n zirvesine t\u0131rmanan enflasyon, i\u015fsizlik ve yoksullu\u011fun yayg\u0131nla\u015fmas\u0131, gelir da\u011f\u0131l\u0131m\u0131n\u0131n daha da bozulmas\u0131, d\u00f6viz kuru dalgalanmalar\u0131, y\u00fcksek oranl\u0131 fiyat art\u0131\u015flar\u0131n\u0131n yan\u0131 s\u0131ra dalga dalga devam eden pandemi s\u00fcreci, belediye giderlerinin artmas\u0131na, gelirlerinin ise erimesine yol a\u00e7m\u0131\u015ft\u0131r. \u00d6zellikle turizm b\u00f6lgelerindeki yaz ve k\u0131\u015f n\u00fcfus farkl\u0131l\u0131klar\u0131na ek olarak, pandemi s\u00fcrecinin getirdi\u011fi n\u00fcfus [&hellip;]<\/p>\n","protected":false},"author":3,"featured_media":1740,"comment_status":"open","ping_status":"open","sticky":false,"template":"","format":"standard","meta":{"jnews-multi-image_gallery":[],"jnews_single_post":{"source_name":"","source_url":"","via_name":"","via_url":"","override_template":"0","override":[{"template":"1","single_blog_custom":"","parallax":"1","fullscreen":"1","layout":"right-sidebar","sidebar":"default-sidebar","second_sidebar":"default-sidebar","sticky_sidebar":"1","share_position":"top","share_float_style":"share-monocrhome","show_share_counter":"1","show_view_counter":"1","show_featured":"1","show_post_meta":"1","show_post_author":"1","show_post_author_image":"1","show_post_date":"1","post_date_format":"default","post_date_format_custom":"Y\/m\/d","show_post_category":"1","show_post_reading_time":"0","post_reading_time_wpm":"300","show_zoom_button":"0","zoom_button_out_step":"2","zoom_button_in_step":"3","show_post_tag":"1","show_prev_next_post":"1","show_popup_post":"1","number_popup_post":"1","show_author_box":"0","show_post_related":"0","show_inline_post_related":"0"}],"override_image_size":"0","image_override":[{"single_post_thumbnail_size":"crop-500","single_post_gallery_size":"crop-500"}],"trending_post":"0","trending_post_position":"meta","trending_post_label":"Trending","sponsored_post":"0","sponsored_post_label":"Sponsored by","sponsored_post_name":"","sponsored_post_url":"","sponsored_post_logo_enable":"0","sponsored_post_logo":"","sponsored_post_desc":"","disable_ad":"0"},"jnews_primary_category":{"id":""},"jnews_social_meta":{"fb_title":"","fb_description":"","fb_image":"","twitter_title":"","twitter_description":"","twitter_image":""},"jnews_override_counter":{"override_view_counter":"0","view_counter_number":"0","override_share_counter":"0","share_counter_number":"0","override_like_counter":"0","like_counter_number":"0","override_dislike_counter":"0","dislike_counter_number":"0"},"footnotes":""},"categories":[1],"tags":[103],"class_list":["post-772","post","type-post","status-publish","format-standard","has-post-thumbnail","hentry","category-genel","tag-basin-aciklamasi"],"_links":{"self":[{"href":"http:\/\/belediyeis.org.tr\/merkez\/wp-json\/wp\/v2\/posts\/772","targetHints":{"allow":["GET"]}}],"collection":[{"href":"http:\/\/belediyeis.org.tr\/merkez\/wp-json\/wp\/v2\/posts"}],"about":[{"href":"http:\/\/belediyeis.org.tr\/merkez\/wp-json\/wp\/v2\/types\/post"}],"author":[{"embeddable":true,"href":"http:\/\/belediyeis.org.tr\/merkez\/wp-json\/wp\/v2\/users\/3"}],"replies":[{"embeddable":true,"href":"http:\/\/belediyeis.org.tr\/merkez\/wp-json\/wp\/v2\/comments?post=772"}],"version-history":[{"count":6,"href":"http:\/\/belediyeis.org.tr\/merkez\/wp-json\/wp\/v2\/posts\/772\/revisions"}],"predecessor-version":[{"id":1470,"href":"http:\/\/belediyeis.org.tr\/merkez\/wp-json\/wp\/v2\/posts\/772\/revisions\/1470"}],"wp:featuredmedia":[{"embeddable":true,"href":"http:\/\/belediyeis.org.tr\/merkez\/wp-json\/wp\/v2\/media\/1740"}],"wp:attachment":[{"href":"http:\/\/belediyeis.org.tr\/merkez\/wp-json\/wp\/v2\/media?parent=772"}],"wp:term":[{"taxonomy":"category","embeddable":true,"href":"http:\/\/belediyeis.org.tr\/merkez\/wp-json\/wp\/v2\/categories?post=772"},{"taxonomy":"post_tag","embeddable":true,"href":"http:\/\/belediyeis.org.tr\/merkez\/wp-json\/wp\/v2\/tags?post=772"}],"curies":[{"name":"wp","href":"https:\/\/api.w.org\/{rel}","templated":true}]}}