{"id":5375,"date":"2025-09-12T17:30:03","date_gmt":"2025-09-12T14:30:03","guid":{"rendered":"https:\/\/belediyeis.org.tr\/merkez\/?p=5375"},"modified":"2025-09-12T17:30:03","modified_gmt":"2025-09-12T14:30:03","slug":"cumhuriyet-halk-partisi-genel-baskan-yardimcisi-gamze-tascier-ile-ordu-milletvekili-seyit-torun-genel-baskanimiz-nihat-yurdakulu-ziyaret-ettiler","status":"publish","type":"post","link":"http:\/\/belediyeis.org.tr\/merkez\/2025\/09\/12\/cumhuriyet-halk-partisi-genel-baskan-yardimcisi-gamze-tascier-ile-ordu-milletvekili-seyit-torun-genel-baskanimiz-nihat-yurdakulu-ziyaret-ettiler\/","title":{"rendered":"Cumhuriyet Halk Partisi Genel Ba\u015fkan Yard\u0131mc\u0131s\u0131 Gamze Ta\u015fc\u0131er ile Ordu Milletvekili Seyit Torun Genel Ba\u015fkan\u0131m\u0131z Nihat Yurdakul\u2019u ziyaret ettiler."},"content":{"rendered":"<div class=\"xdj266r x14z9mp xat24cr x1lziwak x1vvkbs x126k92a\">\n<div dir=\"auto\">Genel Ba\u015fkan\u0131m\u0131z, nazik ziyaretlerinden dolay\u0131 Say\u0131n Gamze Ta\u015fc\u0131er ve Say\u0131n Seyit Torun\u2019a te\u015fekk\u00fcr ederek, \u00e7al\u0131\u015fmalar\u0131nda ba\u015far\u0131lar diledi.<\/div>\n<\/div>\n<div class=\"x14z9mp xat24cr x1lziwak x1vvkbs xtlvy1s x126k92a\">\n<div dir=\"auto\">Ziyarette, CHP Genel Ba\u015fkan Yard\u0131mc\u0131s\u0131 Gamze Ta\u015fc\u0131er\u2019in Dan\u0131\u015fman\u0131 Say\u0131n Din\u00e7er Mendillio\u011flu da bulundu.<\/div>\n<div dir=\"auto\"><img fetchpriority=\"high\" decoding=\"async\" class=\"alignnone size-medium wp-image-5377\" src=\"http:\/\/belediyeis.org.tr\/merkez\/wp-content\/uploads\/2025\/09\/DSC_0340-300x200.jpg\" alt=\"\" width=\"300\" height=\"200\" srcset=\"http:\/\/belediyeis.org.tr\/merkez\/wp-content\/uploads\/2025\/09\/DSC_0340-300x200.jpg 300w, http:\/\/belediyeis.org.tr\/merkez\/wp-content\/uploads\/2025\/09\/DSC_0340-1024x683.jpg 1024w, http:\/\/belediyeis.org.tr\/merkez\/wp-content\/uploads\/2025\/09\/DSC_0340-768x512.jpg 768w, http:\/\/belediyeis.org.tr\/merkez\/wp-content\/uploads\/2025\/09\/DSC_0340-1536x1024.jpg 1536w, http:\/\/belediyeis.org.tr\/merkez\/wp-content\/uploads\/2025\/09\/DSC_0340-2048x1365.jpg 2048w, http:\/\/belediyeis.org.tr\/merkez\/wp-content\/uploads\/2025\/09\/DSC_0340-750x500.jpg 750w, http:\/\/belediyeis.org.tr\/merkez\/wp-content\/uploads\/2025\/09\/DSC_0340-1140x760.jpg 1140w\" sizes=\"(max-width: 300px) 100vw, 300px\" \/><\/div>\n<\/div>\n","protected":false},"excerpt":{"rendered":"<p>Genel Ba\u015fkan\u0131m\u0131z, nazik ziyaretlerinden dolay\u0131 Say\u0131n Gamze Ta\u015fc\u0131er ve Say\u0131n Seyit Torun\u2019a te\u015fekk\u00fcr ederek, \u00e7al\u0131\u015fmalar\u0131nda ba\u015far\u0131lar diledi. Ziyarette, CHP Genel Ba\u015fkan Yard\u0131mc\u0131s\u0131 Gamze Ta\u015fc\u0131er\u2019in Dan\u0131\u015fman\u0131 Say\u0131n Din\u00e7er Mendillio\u011flu da bulundu.<\/p>\n","protected":false},"author":4,"featured_media":5376,"comment_status":"open","ping_status":"open","sticky":false,"template":"","format":"standard","meta":{"jnews-multi-image_gallery":[],"jnews_single_post":{"subtitle":""},"jnews_primary_category":[],"jnews_social_meta":[],"jnews_override_counter":[],"footnotes":""},"categories":[1],"tags":[251,277],"class_list":["post-5375","post","type-post","status-publish","format-standard","has-post-thumbnail","hentry","category-genel","tag-chp","tag-ziyaret"],"_links":{"self":[{"href":"http:\/\/belediyeis.org.tr\/merkez\/wp-json\/wp\/v2\/posts\/5375","targetHints":{"allow":["GET"]}}],"collection":[{"href":"http:\/\/belediyeis.org.tr\/merkez\/wp-json\/wp\/v2\/posts"}],"about":[{"href":"http:\/\/belediyeis.org.tr\/merkez\/wp-json\/wp\/v2\/types\/post"}],"author":[{"embeddable":true,"href":"http:\/\/belediyeis.org.tr\/merkez\/wp-json\/wp\/v2\/users\/4"}],"replies":[{"embeddable":true,"href":"http:\/\/belediyeis.org.tr\/merkez\/wp-json\/wp\/v2\/comments?post=5375"}],"version-history":[{"count":1,"href":"http:\/\/belediyeis.org.tr\/merkez\/wp-json\/wp\/v2\/posts\/5375\/revisions"}],"predecessor-version":[{"id":5378,"href":"http:\/\/belediyeis.org.tr\/merkez\/wp-json\/wp\/v2\/posts\/5375\/revisions\/5378"}],"wp:featuredmedia":[{"embeddable":true,"href":"http:\/\/belediyeis.org.tr\/merkez\/wp-json\/wp\/v2\/media\/5376"}],"wp:attachment":[{"href":"http:\/\/belediyeis.org.tr\/merkez\/wp-json\/wp\/v2\/media?parent=5375"}],"wp:term":[{"taxonomy":"category","embeddable":true,"href":"http:\/\/belediyeis.org.tr\/merkez\/wp-json\/wp\/v2\/categories?post=5375"},{"taxonomy":"post_tag","embeddable":true,"href":"http:\/\/belediyeis.org.tr\/merkez\/wp-json\/wp\/v2\/tags?post=5375"}],"curies":[{"name":"wp","href":"https:\/\/api.w.org\/{rel}","templated":true}]}}