{"id":5113,"date":"2025-05-27T09:37:15","date_gmt":"2025-05-27T06:37:15","guid":{"rendered":"https:\/\/belediyeis.org.tr\/merkez\/?p=5113"},"modified":"2025-05-27T09:37:15","modified_gmt":"2025-05-27T06:37:15","slug":"genel-baskanimiz-nihat-yurdakuldan-trabzon-ortahisar-belediye-baskani-ahmet-kayaya-ziyaret","status":"publish","type":"post","link":"http:\/\/belediyeis.org.tr\/merkez\/2025\/05\/27\/genel-baskanimiz-nihat-yurdakuldan-trabzon-ortahisar-belediye-baskani-ahmet-kayaya-ziyaret\/","title":{"rendered":"Genel Ba\u015fkan\u0131m\u0131z Nihat Yurdakul&#8217;dan Trabzon Ortahisar Belediye Ba\u015fkan\u0131 Ahmet Kaya&#8217;ya ziyaret."},"content":{"rendered":"<p>Genel Ba\u015fkan\u0131m\u0131z Nihat Yurdakul ve de\u011ferli e\u015fi Ziynet Yurdakul, beraberlerinde Trabzon \u015eube Ba\u015fkan\u0131 Numan \u00d6zt\u00fcrk, Rize \u015eube Ba\u015fkan\u0131 Ya\u015far Kaspar, sendikam\u0131z Avukatlar\u0131 ve b\u00fcrokratlar\u0131 ile birlikte Say\u0131n Ahmet Kaya&#8217;y\u0131 ziyaret ederek, bir s\u00fcre sohbet ettiler.<\/p>\n<p>Genel Ba\u015fkan\u0131m\u0131z, Ortahisar Belediye Ba\u015fkan\u0131 Say\u0131n Kaya&#8217;ya \u00e7al\u0131\u015fmalar\u0131nda ba\u015far\u0131lar diledi.<\/p>\n<p><img fetchpriority=\"high\" decoding=\"async\" class=\"alignnone size-large wp-image-5115\" src=\"http:\/\/belediyeis.org.tr\/merkez\/wp-content\/uploads\/2025\/05\/WhatsApp-Image-2025-05-26-at-19.23.36-473x1024.jpeg\" alt=\"\" width=\"473\" height=\"1024\" srcset=\"http:\/\/belediyeis.org.tr\/merkez\/wp-content\/uploads\/2025\/05\/WhatsApp-Image-2025-05-26-at-19.23.36-473x1024.jpeg 473w, http:\/\/belediyeis.org.tr\/merkez\/wp-content\/uploads\/2025\/05\/WhatsApp-Image-2025-05-26-at-19.23.36-139x300.jpeg 139w, http:\/\/belediyeis.org.tr\/merkez\/wp-content\/uploads\/2025\/05\/WhatsApp-Image-2025-05-26-at-19.23.36-709x1536.jpeg 709w, http:\/\/belediyeis.org.tr\/merkez\/wp-content\/uploads\/2025\/05\/WhatsApp-Image-2025-05-26-at-19.23.36.jpeg 739w\" sizes=\"(max-width: 473px) 100vw, 473px\" \/><\/p>\n","protected":false},"excerpt":{"rendered":"<p>Genel Ba\u015fkan\u0131m\u0131z Nihat Yurdakul ve de\u011ferli e\u015fi Ziynet Yurdakul, beraberlerinde Trabzon \u015eube Ba\u015fkan\u0131 Numan \u00d6zt\u00fcrk, Rize \u015eube Ba\u015fkan\u0131 Ya\u015far Kaspar, sendikam\u0131z Avukatlar\u0131 ve b\u00fcrokratlar\u0131 ile birlikte Say\u0131n Ahmet Kaya&#8217;y\u0131 ziyaret ederek, bir s\u00fcre sohbet ettiler. Genel Ba\u015fkan\u0131m\u0131z, Ortahisar Belediye Ba\u015fkan\u0131 Say\u0131n Kaya&#8217;ya \u00e7al\u0131\u015fmalar\u0131nda ba\u015far\u0131lar diledi.<\/p>\n","protected":false},"author":4,"featured_media":5114,"comment_status":"open","ping_status":"open","sticky":false,"template":"","format":"standard","meta":{"jnews-multi-image_gallery":[],"jnews_single_post":[],"jnews_primary_category":[],"jnews_social_meta":[],"jnews_override_counter":[],"footnotes":""},"categories":[1],"tags":[299,277],"class_list":["post-5113","post","type-post","status-publish","format-standard","has-post-thumbnail","hentry","category-genel","tag-genel-baskanimiz","tag-ziyaret"],"_links":{"self":[{"href":"http:\/\/belediyeis.org.tr\/merkez\/wp-json\/wp\/v2\/posts\/5113","targetHints":{"allow":["GET"]}}],"collection":[{"href":"http:\/\/belediyeis.org.tr\/merkez\/wp-json\/wp\/v2\/posts"}],"about":[{"href":"http:\/\/belediyeis.org.tr\/merkez\/wp-json\/wp\/v2\/types\/post"}],"author":[{"embeddable":true,"href":"http:\/\/belediyeis.org.tr\/merkez\/wp-json\/wp\/v2\/users\/4"}],"replies":[{"embeddable":true,"href":"http:\/\/belediyeis.org.tr\/merkez\/wp-json\/wp\/v2\/comments?post=5113"}],"version-history":[{"count":1,"href":"http:\/\/belediyeis.org.tr\/merkez\/wp-json\/wp\/v2\/posts\/5113\/revisions"}],"predecessor-version":[{"id":5116,"href":"http:\/\/belediyeis.org.tr\/merkez\/wp-json\/wp\/v2\/posts\/5113\/revisions\/5116"}],"wp:featuredmedia":[{"embeddable":true,"href":"http:\/\/belediyeis.org.tr\/merkez\/wp-json\/wp\/v2\/media\/5114"}],"wp:attachment":[{"href":"http:\/\/belediyeis.org.tr\/merkez\/wp-json\/wp\/v2\/media?parent=5113"}],"wp:term":[{"taxonomy":"category","embeddable":true,"href":"http:\/\/belediyeis.org.tr\/merkez\/wp-json\/wp\/v2\/categories?post=5113"},{"taxonomy":"post_tag","embeddable":true,"href":"http:\/\/belediyeis.org.tr\/merkez\/wp-json\/wp\/v2\/tags?post=5113"}],"curies":[{"name":"wp","href":"https:\/\/api.w.org\/{rel}","templated":true}]}}