{"id":5072,"date":"2025-05-13T14:27:09","date_gmt":"2025-05-13T11:27:09","guid":{"rendered":"https:\/\/belediyeis.org.tr\/merkez\/?p=5072"},"modified":"2025-05-13T14:29:50","modified_gmt":"2025-05-13T11:29:50","slug":"somayi-unutmadik-unutturmayacagiz-3","status":"publish","type":"post","link":"http:\/\/belediyeis.org.tr\/merkez\/2025\/05\/13\/somayi-unutmadik-unutturmayacagiz-3\/","title":{"rendered":"SOMA&#8217;YI UNUTMADIK, UNUTTURMAYACA\u011eIZ&#8230;"},"content":{"rendered":"<div class=\"xdj266r x11i5rnm xat24cr x1mh8g0r x1vvkbs x126k92a\">\n<div dir=\"auto\">Manisa Soma\u2019da 11 y\u0131l \u00f6nce bug\u00fcn Cumhuriyet tarihinin en b\u00fcy\u00fck i\u015f\u00e7i katliam\u0131 ya\u015fand\u0131. 301 maden emek\u00e7isi; daha fazla kar h\u0131rs\u0131n\u0131n, k\u00f6lelik ko\u015fullar\u0131nda \u00e7al\u0131\u015ft\u0131rman\u0131n ve kurals\u0131zl\u0131\u011f\u0131n kurban\u0131 oldu. Aileleri de onlar gibi \u0131\u015f\u0131ks\u0131z, nefessiz, yar\u0131ns\u0131z b\u0131rak\u0131ld\u0131. Aradan 11 y\u0131l ge\u00e7se de Soma katliam\u0131n\u0131n ac\u0131s\u0131 y\u00fcreklerimizde tazeli\u011fini hala koruyor.<\/div>\n<\/div>\n<div class=\"x11i5rnm xat24cr x1mh8g0r x1vvkbs xtlvy1s x126k92a\">\n<div dir=\"auto\">Katliam\u0131n ya\u015fand\u0131\u011f\u0131 g\u00fcnden bug\u00fcne kadar, gerek madenlerde gerekse b\u00fct\u00fcn i\u015fyerlerinde i\u015f g\u00fcvenli\u011fi \u00f6nlemleri konusunda arpa boyu kadar yol al\u0131nmam\u0131\u015f, kurals\u0131z ve g\u00fcvencesiz \u00e7al\u0131\u015ft\u0131rma azalmak \u015f\u00f6yle dursun \u00f6n\u00fc al\u0131namaz bir bi\u00e7imde artm\u0131\u015ft\u0131r.<\/div>\n<\/div>\n<div class=\"x11i5rnm xat24cr x1mh8g0r x1vvkbs xtlvy1s x126k92a\">\n<div dir=\"auto\">\u0130\u015f cinayetlerinin panzehiri olan \u00f6rg\u00fctl\u00fcl\u00fck ve sendikala\u015fma ise \u00e7ok d\u00fc\u015f\u00fck seviyelerde kalm\u0131\u015ft\u0131r. K\u0131sacas\u0131, Soma\u2019dan hi\u00e7bir ders al\u0131nmam\u0131\u015f ve y\u0131llar i\u00e7inde 20 binden fazla emek\u00e7i karde\u015fimiz bu ac\u0131mas\u0131z, vah\u015fi d\u00fczende hayat\u0131n\u0131 kaybetmi\u015ftir.<\/div>\n<\/div>\n<div class=\"x11i5rnm xat24cr x1mh8g0r x1vvkbs xtlvy1s x126k92a\">\n<div dir=\"auto\">Bu tarifsiz ac\u0131n\u0131n 11. Y\u0131l\u0131nda, Soma\u2019da kaybetti\u011fimiz 301 maden emek\u00e7isini ve i\u015f cinayetlerinde kurban verdi\u011fimiz insanlar\u0131m\u0131z\u0131 sayg\u0131yla an\u0131yoruz. Onlar\u0131 asla unutmayaca\u011f\u0131z, unutturmayaca\u011f\u0131z.<\/div>\n<div dir=\"auto\">Belediye-\u0130\u015f Sendikas\u0131 Genel Y\u00f6netim Kurulu<\/div>\n<\/div>\n","protected":false},"excerpt":{"rendered":"<p>Manisa Soma\u2019da 11 y\u0131l \u00f6nce bug\u00fcn Cumhuriyet tarihinin en b\u00fcy\u00fck i\u015f\u00e7i katliam\u0131 ya\u015fand\u0131. 301 maden emek\u00e7isi; daha fazla kar h\u0131rs\u0131n\u0131n, k\u00f6lelik ko\u015fullar\u0131nda \u00e7al\u0131\u015ft\u0131rman\u0131n ve kurals\u0131zl\u0131\u011f\u0131n kurban\u0131 oldu. Aileleri de onlar gibi \u0131\u015f\u0131ks\u0131z, nefessiz, yar\u0131ns\u0131z b\u0131rak\u0131ld\u0131. Aradan 11 y\u0131l ge\u00e7se de Soma katliam\u0131n\u0131n ac\u0131s\u0131 y\u00fcreklerimizde tazeli\u011fini hala koruyor. Katliam\u0131n ya\u015fand\u0131\u011f\u0131 g\u00fcnden bug\u00fcne kadar, gerek madenlerde gerekse [&hellip;]<\/p>\n","protected":false},"author":4,"featured_media":5075,"comment_status":"open","ping_status":"open","sticky":false,"template":"","format":"standard","meta":{"jnews-multi-image_gallery":[],"jnews_single_post":[],"jnews_primary_category":[],"jnews_social_meta":[],"jnews_override_counter":[],"footnotes":""},"categories":[1],"tags":[],"class_list":["post-5072","post","type-post","status-publish","format-standard","has-post-thumbnail","hentry","category-genel"],"_links":{"self":[{"href":"http:\/\/belediyeis.org.tr\/merkez\/wp-json\/wp\/v2\/posts\/5072","targetHints":{"allow":["GET"]}}],"collection":[{"href":"http:\/\/belediyeis.org.tr\/merkez\/wp-json\/wp\/v2\/posts"}],"about":[{"href":"http:\/\/belediyeis.org.tr\/merkez\/wp-json\/wp\/v2\/types\/post"}],"author":[{"embeddable":true,"href":"http:\/\/belediyeis.org.tr\/merkez\/wp-json\/wp\/v2\/users\/4"}],"replies":[{"embeddable":true,"href":"http:\/\/belediyeis.org.tr\/merkez\/wp-json\/wp\/v2\/comments?post=5072"}],"version-history":[{"count":1,"href":"http:\/\/belediyeis.org.tr\/merkez\/wp-json\/wp\/v2\/posts\/5072\/revisions"}],"predecessor-version":[{"id":5074,"href":"http:\/\/belediyeis.org.tr\/merkez\/wp-json\/wp\/v2\/posts\/5072\/revisions\/5074"}],"wp:featuredmedia":[{"embeddable":true,"href":"http:\/\/belediyeis.org.tr\/merkez\/wp-json\/wp\/v2\/media\/5075"}],"wp:attachment":[{"href":"http:\/\/belediyeis.org.tr\/merkez\/wp-json\/wp\/v2\/media?parent=5072"}],"wp:term":[{"taxonomy":"category","embeddable":true,"href":"http:\/\/belediyeis.org.tr\/merkez\/wp-json\/wp\/v2\/categories?post=5072"},{"taxonomy":"post_tag","embeddable":true,"href":"http:\/\/belediyeis.org.tr\/merkez\/wp-json\/wp\/v2\/tags?post=5072"}],"curies":[{"name":"wp","href":"https:\/\/api.w.org\/{rel}","templated":true}]}}