{"id":5034,"date":"2025-05-07T14:54:00","date_gmt":"2025-05-07T11:54:00","guid":{"rendered":"https:\/\/belediyeis.org.tr\/merkez\/?p=5034"},"modified":"2025-05-07T14:54:00","modified_gmt":"2025-05-07T11:54:00","slug":"genel-baskanimiz-nihat-yurdakuldan-istanbul-buyuksehir-belediyesine-ziyaret","status":"publish","type":"post","link":"http:\/\/belediyeis.org.tr\/merkez\/2025\/05\/07\/genel-baskanimiz-nihat-yurdakuldan-istanbul-buyuksehir-belediyesine-ziyaret\/","title":{"rendered":"Genel Ba\u015fkan\u0131m\u0131z Nihat Yurdakul&#8217;dan \u0130stanbul B\u00fcy\u00fck\u015fehir Belediyesi&#8217;ne Ziyaret."},"content":{"rendered":"<div class=\"xdj266r x11i5rnm xat24cr x1mh8g0r x1vvkbs x126k92a\">\n<div dir=\"auto\">Genel Ba\u015fkan\u0131m\u0131z Nihat Yurdakul, \u0130stanbul B\u00fcy\u00fck\u015fehir Belediyesi Ba\u015fkanvekili Say\u0131n Nuri Aslan ile \u0130BB End\u00fcstriyel \u0130li\u015fkiler Koordinat\u00f6r\u00fc ve Ba\u015fkan Dan\u0131\u015fman\u0131 Say\u0131n Yi\u011fit O\u011fuz Duman\u2019\u0131 ziyaret etti.<\/div>\n<\/div>\n<div class=\"x11i5rnm xat24cr x1mh8g0r x1vvkbs xtlvy1s x126k92a\">\n<div dir=\"auto\"><\/div>\n<div dir=\"auto\">Ziyarette, \u00fclkemiz demokrasisinde ve \u00e7al\u0131\u015fma hayat\u0131nda ya\u015fanan sorunlara ili\u015fkin g\u00f6r\u00fc\u015f al\u0131\u015fveri\u015finde bulunuldu.<\/div>\n<div dir=\"auto\"><img fetchpriority=\"high\" decoding=\"async\" class=\"alignnone wp-image-5036 size-jnews-750x375\" src=\"http:\/\/belediyeis.org.tr\/merkez\/wp-content\/uploads\/2025\/05\/WhatsApp-Image-2025-05-07-at-14.17.21-2-750x375.jpeg\" alt=\"\" width=\"750\" height=\"375\" srcset=\"http:\/\/belediyeis.org.tr\/merkez\/wp-content\/uploads\/2025\/05\/WhatsApp-Image-2025-05-07-at-14.17.21-2-750x375.jpeg 750w, http:\/\/belediyeis.org.tr\/merkez\/wp-content\/uploads\/2025\/05\/WhatsApp-Image-2025-05-07-at-14.17.21-2-360x180.jpeg 360w, http:\/\/belediyeis.org.tr\/merkez\/wp-content\/uploads\/2025\/05\/WhatsApp-Image-2025-05-07-at-14.17.21-2-1140x570.jpeg 1140w\" sizes=\"(max-width: 750px) 100vw, 750px\" \/><\/div>\n<\/div>\n","protected":false},"excerpt":{"rendered":"<p>Genel Ba\u015fkan\u0131m\u0131z Nihat Yurdakul, \u0130stanbul B\u00fcy\u00fck\u015fehir Belediyesi Ba\u015fkanvekili Say\u0131n Nuri Aslan ile \u0130BB End\u00fcstriyel \u0130li\u015fkiler Koordinat\u00f6r\u00fc ve Ba\u015fkan Dan\u0131\u015fman\u0131 Say\u0131n Yi\u011fit O\u011fuz Duman\u2019\u0131 ziyaret etti. Ziyarette, \u00fclkemiz demokrasisinde ve \u00e7al\u0131\u015fma hayat\u0131nda ya\u015fanan sorunlara ili\u015fkin g\u00f6r\u00fc\u015f al\u0131\u015fveri\u015finde bulunuldu.<\/p>\n","protected":false},"author":4,"featured_media":5035,"comment_status":"open","ping_status":"open","sticky":false,"template":"","format":"standard","meta":{"jnews-multi-image_gallery":[],"jnews_single_post":[],"jnews_primary_category":[],"jnews_social_meta":[],"jnews_override_counter":[],"footnotes":""},"categories":[1],"tags":[277],"class_list":["post-5034","post","type-post","status-publish","format-standard","has-post-thumbnail","hentry","category-genel","tag-ziyaret"],"_links":{"self":[{"href":"http:\/\/belediyeis.org.tr\/merkez\/wp-json\/wp\/v2\/posts\/5034","targetHints":{"allow":["GET"]}}],"collection":[{"href":"http:\/\/belediyeis.org.tr\/merkez\/wp-json\/wp\/v2\/posts"}],"about":[{"href":"http:\/\/belediyeis.org.tr\/merkez\/wp-json\/wp\/v2\/types\/post"}],"author":[{"embeddable":true,"href":"http:\/\/belediyeis.org.tr\/merkez\/wp-json\/wp\/v2\/users\/4"}],"replies":[{"embeddable":true,"href":"http:\/\/belediyeis.org.tr\/merkez\/wp-json\/wp\/v2\/comments?post=5034"}],"version-history":[{"count":1,"href":"http:\/\/belediyeis.org.tr\/merkez\/wp-json\/wp\/v2\/posts\/5034\/revisions"}],"predecessor-version":[{"id":5037,"href":"http:\/\/belediyeis.org.tr\/merkez\/wp-json\/wp\/v2\/posts\/5034\/revisions\/5037"}],"wp:featuredmedia":[{"embeddable":true,"href":"http:\/\/belediyeis.org.tr\/merkez\/wp-json\/wp\/v2\/media\/5035"}],"wp:attachment":[{"href":"http:\/\/belediyeis.org.tr\/merkez\/wp-json\/wp\/v2\/media?parent=5034"}],"wp:term":[{"taxonomy":"category","embeddable":true,"href":"http:\/\/belediyeis.org.tr\/merkez\/wp-json\/wp\/v2\/categories?post=5034"},{"taxonomy":"post_tag","embeddable":true,"href":"http:\/\/belediyeis.org.tr\/merkez\/wp-json\/wp\/v2\/tags?post=5034"}],"curies":[{"name":"wp","href":"https:\/\/api.w.org\/{rel}","templated":true}]}}