{"id":4990,"date":"2025-04-16T19:44:30","date_gmt":"2025-04-16T16:44:30","guid":{"rendered":"https:\/\/belediyeis.org.tr\/merkez\/?p=4990"},"modified":"2025-04-16T19:44:30","modified_gmt":"2025-04-16T16:44:30","slug":"kirikkale-belediyesinde-toplu-is-sozlesmesi-imzaladik","status":"publish","type":"post","link":"http:\/\/belediyeis.org.tr\/merkez\/2025\/04\/16\/kirikkale-belediyesinde-toplu-is-sozlesmesi-imzaladik\/","title":{"rendered":"K\u0131r\u0131kkale Belediyesi\u2019nde Toplu \u0130\u015f S\u00f6zle\u015fmesi \u0130mzalad\u0131k."},"content":{"rendered":"<p>K\u0131r\u0131kkale Belediyesi&#8217;nde \u00e7al\u0131\u015fan \u00fcyelerimizi ilgilendiren toplu i\u015f s\u00f6zle\u015fmesi, K\u0131r\u0131kkale Belediye Ba\u015fkan\u0131 Av. Ahmet \u00d6nal ve sendikam\u0131z Ankara \u015eube Ba\u015fkan\u0131 Murat Yurdakul taraf\u0131ndan imzaland\u0131.<\/p>\n<p>Ankara \u015eube Ba\u015fkan\u0131 Murat Yurdakul, bu s\u00fcre\u00e7te ortaya koyduklar\u0131 emekten yana duru\u015ftan dolay\u0131 ba\u015fta K\u0131r\u0131kkale Belediye Ba\u015fkan\u0131 Say\u0131n Ahmet \u00d6nal olmak \u00fczere, Belediye Ba\u015fkan Yard\u0131mc\u0131lar\u0131 Say\u0131n Recep Sefer ile Ay\u015fe \u00d6z\u00e7am\u2019a te\u015fekk\u00fcr ederek, s\u00f6zle\u015fmenin t\u00fcm \u00fcyelerimize g\u00fczellikler getirmesini diledi.<\/p>\n<p><img fetchpriority=\"high\" decoding=\"async\" class=\"alignnone size-large wp-image-4992\" src=\"http:\/\/belediyeis.org.tr\/merkez\/wp-content\/uploads\/2025\/04\/WhatsApp-Image-2025-04-16-at-19.22.26.jpeg\" alt=\"\" width=\"960\" height=\"640\" srcset=\"http:\/\/belediyeis.org.tr\/merkez\/wp-content\/uploads\/2025\/04\/WhatsApp-Image-2025-04-16-at-19.22.26.jpeg 960w, http:\/\/belediyeis.org.tr\/merkez\/wp-content\/uploads\/2025\/04\/WhatsApp-Image-2025-04-16-at-19.22.26-300x200.jpeg 300w, http:\/\/belediyeis.org.tr\/merkez\/wp-content\/uploads\/2025\/04\/WhatsApp-Image-2025-04-16-at-19.22.26-768x512.jpeg 768w, http:\/\/belediyeis.org.tr\/merkez\/wp-content\/uploads\/2025\/04\/WhatsApp-Image-2025-04-16-at-19.22.26-750x500.jpeg 750w\" sizes=\"(max-width: 960px) 100vw, 960px\" \/> <img decoding=\"async\" class=\"alignnone size-large wp-image-4993\" src=\"http:\/\/belediyeis.org.tr\/merkez\/wp-content\/uploads\/2025\/04\/WhatsApp-Image-2025-04-16-at-19.22.25-1.jpeg\" alt=\"\" width=\"960\" height=\"640\" srcset=\"http:\/\/belediyeis.org.tr\/merkez\/wp-content\/uploads\/2025\/04\/WhatsApp-Image-2025-04-16-at-19.22.25-1.jpeg 960w, http:\/\/belediyeis.org.tr\/merkez\/wp-content\/uploads\/2025\/04\/WhatsApp-Image-2025-04-16-at-19.22.25-1-300x200.jpeg 300w, http:\/\/belediyeis.org.tr\/merkez\/wp-content\/uploads\/2025\/04\/WhatsApp-Image-2025-04-16-at-19.22.25-1-768x512.jpeg 768w, http:\/\/belediyeis.org.tr\/merkez\/wp-content\/uploads\/2025\/04\/WhatsApp-Image-2025-04-16-at-19.22.25-1-750x500.jpeg 750w\" sizes=\"(max-width: 960px) 100vw, 960px\" \/><\/p>\n","protected":false},"excerpt":{"rendered":"<p>K\u0131r\u0131kkale Belediyesi&#8217;nde \u00e7al\u0131\u015fan \u00fcyelerimizi ilgilendiren toplu i\u015f s\u00f6zle\u015fmesi, K\u0131r\u0131kkale Belediye Ba\u015fkan\u0131 Av. Ahmet \u00d6nal ve sendikam\u0131z Ankara \u015eube Ba\u015fkan\u0131 Murat Yurdakul taraf\u0131ndan imzaland\u0131. Ankara \u015eube Ba\u015fkan\u0131 Murat Yurdakul, bu s\u00fcre\u00e7te ortaya koyduklar\u0131 emekten yana duru\u015ftan dolay\u0131 ba\u015fta K\u0131r\u0131kkale Belediye Ba\u015fkan\u0131 Say\u0131n Ahmet \u00d6nal olmak \u00fczere, Belediye Ba\u015fkan Yard\u0131mc\u0131lar\u0131 Say\u0131n Recep Sefer ile Ay\u015fe \u00d6z\u00e7am\u2019a te\u015fekk\u00fcr [&hellip;]<\/p>\n","protected":false},"author":4,"featured_media":4991,"comment_status":"open","ping_status":"open","sticky":false,"template":"","format":"standard","meta":{"jnews-multi-image_gallery":[],"jnews_single_post":[],"jnews_primary_category":[],"jnews_social_meta":[],"jnews_override_counter":[],"footnotes":""},"categories":[1],"tags":[117],"class_list":["post-4990","post","type-post","status-publish","format-standard","has-post-thumbnail","hentry","category-genel","tag-toplu-sozlesme"],"_links":{"self":[{"href":"http:\/\/belediyeis.org.tr\/merkez\/wp-json\/wp\/v2\/posts\/4990","targetHints":{"allow":["GET"]}}],"collection":[{"href":"http:\/\/belediyeis.org.tr\/merkez\/wp-json\/wp\/v2\/posts"}],"about":[{"href":"http:\/\/belediyeis.org.tr\/merkez\/wp-json\/wp\/v2\/types\/post"}],"author":[{"embeddable":true,"href":"http:\/\/belediyeis.org.tr\/merkez\/wp-json\/wp\/v2\/users\/4"}],"replies":[{"embeddable":true,"href":"http:\/\/belediyeis.org.tr\/merkez\/wp-json\/wp\/v2\/comments?post=4990"}],"version-history":[{"count":1,"href":"http:\/\/belediyeis.org.tr\/merkez\/wp-json\/wp\/v2\/posts\/4990\/revisions"}],"predecessor-version":[{"id":4994,"href":"http:\/\/belediyeis.org.tr\/merkez\/wp-json\/wp\/v2\/posts\/4990\/revisions\/4994"}],"wp:featuredmedia":[{"embeddable":true,"href":"http:\/\/belediyeis.org.tr\/merkez\/wp-json\/wp\/v2\/media\/4991"}],"wp:attachment":[{"href":"http:\/\/belediyeis.org.tr\/merkez\/wp-json\/wp\/v2\/media?parent=4990"}],"wp:term":[{"taxonomy":"category","embeddable":true,"href":"http:\/\/belediyeis.org.tr\/merkez\/wp-json\/wp\/v2\/categories?post=4990"},{"taxonomy":"post_tag","embeddable":true,"href":"http:\/\/belediyeis.org.tr\/merkez\/wp-json\/wp\/v2\/tags?post=4990"}],"curies":[{"name":"wp","href":"https:\/\/api.w.org\/{rel}","templated":true}]}}