{"id":4945,"date":"2025-03-19T19:24:20","date_gmt":"2025-03-19T16:24:20","guid":{"rendered":"https:\/\/belediyeis.org.tr\/merkez\/?p=4945"},"modified":"2025-03-19T19:24:20","modified_gmt":"2025-03-19T16:24:20","slug":"sendikamiz-baskanlar-kurulundan-cumhuriyet-halk-partisine-ziyaret","status":"publish","type":"post","link":"http:\/\/belediyeis.org.tr\/merkez\/2025\/03\/19\/sendikamiz-baskanlar-kurulundan-cumhuriyet-halk-partisine-ziyaret\/","title":{"rendered":"SEND\u0130KAMIZ BA\u015eKANLAR KURULU\u2019NDAN CUMHUR\u0130YET HALK PART\u0130S\u0130\u2019NE Z\u0130YARET."},"content":{"rendered":"<p>Genel Merkezimizde yap\u0131lan Ba\u015fkanlar Kurulu Toplant\u0131s\u0131\u2019n\u0131n ard\u0131ndan sendikam\u0131z Genel Merkez Y\u00f6neticileri ve \u015eube Ba\u015fkanlar\u0131ndan olu\u015fan bir heyet, \u0130stanbul B\u00fcy\u00fck\u015fehir Belediye Ba\u015fkan\u0131 Ekrem \u0130mamo\u011flu\u2019nun g\u00f6zalt\u0131na al\u0131nmas\u0131 nedeniyle Cumhuriyet Halk Partisi Genel Merkezi\u2019ne giderek, Genel Ba\u015fkan Yard\u0131mc\u0131s\u0131 Gamze Ta\u015fc\u0131er ile g\u00f6r\u00fc\u015ft\u00fc.<br \/>\nSendikam\u0131z y\u00f6neticileri, \u0130stanbul halk\u0131n\u0131n oylar\u0131yla 3 kez \u0130stanbul B\u00fcy\u00fck\u015fehir Belediye Ba\u015fkan\u0131 se\u00e7ilen Ekrem \u0130mamo\u011flu\u2019nun hukuksuz bir \u015fekilde g\u00f6zalt\u0131na al\u0131nmas\u0131n\u0131 k\u0131nad\u0131klar\u0131n\u0131 dile getirerek; Belediye-\u0130\u015f\u2019in d\u00fcn oldu\u011fu gibi bug\u00fcn de yar\u0131n da haks\u0131zl\u0131\u011f\u0131 yapanlar\u0131n kar\u015f\u0131s\u0131nda, haks\u0131zl\u0131\u011fa u\u011frayanlar\u0131n yan\u0131nda m\u00fccadelesine devam edece\u011fini s\u00f6zlerine eklediler.<br \/>\nCHP Genel Ba\u015fkan Yard\u0131mc\u0131s\u0131 Say\u0131n Gamze Ta\u015fc\u0131er de, heyetimizin ziyaretinin kendileri i\u00e7in \u00e7ok de\u011ferli oldu\u011funu ifade ederek; sendikam\u0131z y\u00f6neticilerine te\u015fekk\u00fcrlerini sundu.<\/p>\n<p><img fetchpriority=\"high\" decoding=\"async\" class=\"alignnone wp-image-4947 size-jnews-750x375\" src=\"http:\/\/belediyeis.org.tr\/merkez\/wp-content\/uploads\/2025\/03\/WhatsApp-Image-2025-03-19-at-16.06.32-2-750x375.jpeg\" alt=\"\" width=\"750\" height=\"375\" srcset=\"http:\/\/belediyeis.org.tr\/merkez\/wp-content\/uploads\/2025\/03\/WhatsApp-Image-2025-03-19-at-16.06.32-2-750x375.jpeg 750w, http:\/\/belediyeis.org.tr\/merkez\/wp-content\/uploads\/2025\/03\/WhatsApp-Image-2025-03-19-at-16.06.32-2-360x180.jpeg 360w, http:\/\/belediyeis.org.tr\/merkez\/wp-content\/uploads\/2025\/03\/WhatsApp-Image-2025-03-19-at-16.06.32-2-1140x570.jpeg 1140w\" sizes=\"(max-width: 750px) 100vw, 750px\" \/> <img decoding=\"async\" class=\"alignnone size-large wp-image-4948\" src=\"http:\/\/belediyeis.org.tr\/merkez\/wp-content\/uploads\/2025\/03\/WhatsApp-Image-2025-03-19-at-16.06.32-1024x573.jpeg\" alt=\"\" width=\"1024\" height=\"573\" srcset=\"http:\/\/belediyeis.org.tr\/merkez\/wp-content\/uploads\/2025\/03\/WhatsApp-Image-2025-03-19-at-16.06.32-1024x573.jpeg 1024w, http:\/\/belediyeis.org.tr\/merkez\/wp-content\/uploads\/2025\/03\/WhatsApp-Image-2025-03-19-at-16.06.32-300x168.jpeg 300w, http:\/\/belediyeis.org.tr\/merkez\/wp-content\/uploads\/2025\/03\/WhatsApp-Image-2025-03-19-at-16.06.32-768x430.jpeg 768w, http:\/\/belediyeis.org.tr\/merkez\/wp-content\/uploads\/2025\/03\/WhatsApp-Image-2025-03-19-at-16.06.32-1536x860.jpeg 1536w, http:\/\/belediyeis.org.tr\/merkez\/wp-content\/uploads\/2025\/03\/WhatsApp-Image-2025-03-19-at-16.06.32-750x420.jpeg 750w, http:\/\/belediyeis.org.tr\/merkez\/wp-content\/uploads\/2025\/03\/WhatsApp-Image-2025-03-19-at-16.06.32-1140x638.jpeg 1140w, http:\/\/belediyeis.org.tr\/merkez\/wp-content\/uploads\/2025\/03\/WhatsApp-Image-2025-03-19-at-16.06.32.jpeg 2000w\" sizes=\"(max-width: 1024px) 100vw, 1024px\" \/><\/p>\n","protected":false},"excerpt":{"rendered":"<p>Genel Merkezimizde yap\u0131lan Ba\u015fkanlar Kurulu Toplant\u0131s\u0131\u2019n\u0131n ard\u0131ndan sendikam\u0131z Genel Merkez Y\u00f6neticileri ve \u015eube Ba\u015fkanlar\u0131ndan olu\u015fan bir heyet, \u0130stanbul B\u00fcy\u00fck\u015fehir Belediye Ba\u015fkan\u0131 Ekrem \u0130mamo\u011flu\u2019nun g\u00f6zalt\u0131na al\u0131nmas\u0131 nedeniyle Cumhuriyet Halk Partisi Genel Merkezi\u2019ne giderek, Genel Ba\u015fkan Yard\u0131mc\u0131s\u0131 Gamze Ta\u015fc\u0131er ile g\u00f6r\u00fc\u015ft\u00fc. Sendikam\u0131z y\u00f6neticileri, \u0130stanbul halk\u0131n\u0131n oylar\u0131yla 3 kez \u0130stanbul B\u00fcy\u00fck\u015fehir Belediye Ba\u015fkan\u0131 se\u00e7ilen Ekrem \u0130mamo\u011flu\u2019nun hukuksuz bir [&hellip;]<\/p>\n","protected":false},"author":4,"featured_media":4946,"comment_status":"open","ping_status":"open","sticky":false,"template":"","format":"standard","meta":{"jnews-multi-image_gallery":[],"jnews_single_post":[],"jnews_primary_category":[],"jnews_social_meta":[],"jnews_override_counter":[],"footnotes":""},"categories":[1],"tags":[],"class_list":["post-4945","post","type-post","status-publish","format-standard","has-post-thumbnail","hentry","category-genel"],"_links":{"self":[{"href":"http:\/\/belediyeis.org.tr\/merkez\/wp-json\/wp\/v2\/posts\/4945","targetHints":{"allow":["GET"]}}],"collection":[{"href":"http:\/\/belediyeis.org.tr\/merkez\/wp-json\/wp\/v2\/posts"}],"about":[{"href":"http:\/\/belediyeis.org.tr\/merkez\/wp-json\/wp\/v2\/types\/post"}],"author":[{"embeddable":true,"href":"http:\/\/belediyeis.org.tr\/merkez\/wp-json\/wp\/v2\/users\/4"}],"replies":[{"embeddable":true,"href":"http:\/\/belediyeis.org.tr\/merkez\/wp-json\/wp\/v2\/comments?post=4945"}],"version-history":[{"count":1,"href":"http:\/\/belediyeis.org.tr\/merkez\/wp-json\/wp\/v2\/posts\/4945\/revisions"}],"predecessor-version":[{"id":4949,"href":"http:\/\/belediyeis.org.tr\/merkez\/wp-json\/wp\/v2\/posts\/4945\/revisions\/4949"}],"wp:featuredmedia":[{"embeddable":true,"href":"http:\/\/belediyeis.org.tr\/merkez\/wp-json\/wp\/v2\/media\/4946"}],"wp:attachment":[{"href":"http:\/\/belediyeis.org.tr\/merkez\/wp-json\/wp\/v2\/media?parent=4945"}],"wp:term":[{"taxonomy":"category","embeddable":true,"href":"http:\/\/belediyeis.org.tr\/merkez\/wp-json\/wp\/v2\/categories?post=4945"},{"taxonomy":"post_tag","embeddable":true,"href":"http:\/\/belediyeis.org.tr\/merkez\/wp-json\/wp\/v2\/tags?post=4945"}],"curies":[{"name":"wp","href":"https:\/\/api.w.org\/{rel}","templated":true}]}}