{"id":4648,"date":"2024-11-28T09:28:50","date_gmt":"2024-11-28T06:28:50","guid":{"rendered":"https:\/\/belediyeis.org.tr\/merkez\/?p=4648"},"modified":"2025-02-13T12:29:09","modified_gmt":"2025-02-13T09:29:09","slug":"adiyaman-belediyesi-sirketi-yorem-muhendislik-a-s-de-toplu-is-sozlesmesi-gorusmeleri-basladi","status":"publish","type":"post","link":"http:\/\/belediyeis.org.tr\/merkez\/2024\/11\/28\/adiyaman-belediyesi-sirketi-yorem-muhendislik-a-s-de-toplu-is-sozlesmesi-gorusmeleri-basladi\/","title":{"rendered":"Ad\u0131yaman Belediyesi \u015eirketi Y\u00f6rem M\u00fchendislik A.\u015e.\u2019de Toplu \u0130\u015f S\u00f6zle\u015fmesi G\u00f6r\u00fc\u015fmeleri Ba\u015flad\u0131."},"content":{"rendered":"<p>Toplu \u0130\u015f S\u00f6zle\u015fmesi g\u00f6r\u00fc\u015fmelerine \u015firketi temsilen Y\u00f6rem M\u00fchendislik A.\u015e. Y\u00f6netim Kurulu Ba\u015fkan Yard\u0131mc\u0131s\u0131 Ceyhan Kayhan, Y\u00f6rem M\u00fchendislik A.\u015e. Genel M\u00fcd\u00fcr\u00fc Muhammet Ali Hazar ile \u0130nsan Kaynaklar\u0131ndan Ezgi K\u00fc\u00e7\u00fcker Kay\u011fusuz kat\u0131l\u0131rken, sendikam\u0131z ad\u0131na Uzmanlar\u0131m\u0131z Musa G\u00fcneri ve B\u00fclent Bulduk ile birlikte Mehmet Akif Atl\u0131han g\u00f6r\u00fc\u015fmede haz\u0131r bulundular.<\/p>\n<p>Y\u00f6rem M\u00fchendislik A.\u015e.\u2019de toplu s\u00f6zle\u015fme g\u00f6r\u00fc\u015fmelerinin, \u00fcyelerimize nefes ald\u0131racak bir \u015fekilde masada sonu\u00e7lanmas\u0131 i\u00e7in her iki taraf da \u00fczerine d\u00fc\u015feni yerine getirme kararl\u0131l\u0131\u011f\u0131nda olacakt\u0131r.<\/p>\n","protected":false},"excerpt":{"rendered":"<p>Toplu \u0130\u015f S\u00f6zle\u015fmesi g\u00f6r\u00fc\u015fmelerine \u015firketi temsilen Y\u00f6rem M\u00fchendislik A.\u015e. Y\u00f6netim Kurulu Ba\u015fkan Yard\u0131mc\u0131s\u0131 Ceyhan Kayhan, Y\u00f6rem M\u00fchendislik A.\u015e. Genel M\u00fcd\u00fcr\u00fc Muhammet Ali Hazar ile \u0130nsan Kaynaklar\u0131ndan Ezgi K\u00fc\u00e7\u00fcker Kay\u011fusuz kat\u0131l\u0131rken, sendikam\u0131z ad\u0131na Uzmanlar\u0131m\u0131z Musa G\u00fcneri ve B\u00fclent Bulduk ile birlikte Mehmet Akif Atl\u0131han g\u00f6r\u00fc\u015fmede haz\u0131r bulundular. Y\u00f6rem M\u00fchendislik A.\u015e.\u2019de toplu s\u00f6zle\u015fme g\u00f6r\u00fc\u015fmelerinin, \u00fcyelerimize nefes ald\u0131racak [&hellip;]<\/p>\n","protected":false},"author":1,"featured_media":4649,"comment_status":"open","ping_status":"open","sticky":false,"template":"","format":"standard","meta":{"jnews-multi-image_gallery":[],"jnews_single_post":[],"jnews_primary_category":[],"jnews_social_meta":[],"jnews_override_counter":[],"footnotes":""},"categories":[1],"tags":[117],"class_list":["post-4648","post","type-post","status-publish","format-standard","has-post-thumbnail","hentry","category-genel","tag-toplu-sozlesme"],"_links":{"self":[{"href":"http:\/\/belediyeis.org.tr\/merkez\/wp-json\/wp\/v2\/posts\/4648","targetHints":{"allow":["GET"]}}],"collection":[{"href":"http:\/\/belediyeis.org.tr\/merkez\/wp-json\/wp\/v2\/posts"}],"about":[{"href":"http:\/\/belediyeis.org.tr\/merkez\/wp-json\/wp\/v2\/types\/post"}],"author":[{"embeddable":true,"href":"http:\/\/belediyeis.org.tr\/merkez\/wp-json\/wp\/v2\/users\/1"}],"replies":[{"embeddable":true,"href":"http:\/\/belediyeis.org.tr\/merkez\/wp-json\/wp\/v2\/comments?post=4648"}],"version-history":[{"count":2,"href":"http:\/\/belediyeis.org.tr\/merkez\/wp-json\/wp\/v2\/posts\/4648\/revisions"}],"predecessor-version":[{"id":4871,"href":"http:\/\/belediyeis.org.tr\/merkez\/wp-json\/wp\/v2\/posts\/4648\/revisions\/4871"}],"wp:featuredmedia":[{"embeddable":true,"href":"http:\/\/belediyeis.org.tr\/merkez\/wp-json\/wp\/v2\/media\/4649"}],"wp:attachment":[{"href":"http:\/\/belediyeis.org.tr\/merkez\/wp-json\/wp\/v2\/media?parent=4648"}],"wp:term":[{"taxonomy":"category","embeddable":true,"href":"http:\/\/belediyeis.org.tr\/merkez\/wp-json\/wp\/v2\/categories?post=4648"},{"taxonomy":"post_tag","embeddable":true,"href":"http:\/\/belediyeis.org.tr\/merkez\/wp-json\/wp\/v2\/tags?post=4648"}],"curies":[{"name":"wp","href":"https:\/\/api.w.org\/{rel}","templated":true}]}}