{"id":4329,"date":"2024-07-23T10:41:59","date_gmt":"2024-07-23T07:41:59","guid":{"rendered":"https:\/\/belediyeis.org.tr\/merkez\/?p=4329"},"modified":"2024-07-23T10:41:59","modified_gmt":"2024-07-23T07:41:59","slug":"igdir-belediyesinde-isten-cikarilan-uyelerimizle-dayanismadayiz","status":"publish","type":"post","link":"http:\/\/belediyeis.org.tr\/merkez\/2024\/07\/23\/igdir-belediyesinde-isten-cikarilan-uyelerimizle-dayanismadayiz\/","title":{"rendered":"I\u011fd\u0131r Belediyesi&#8217;nde \u0130\u015ften \u00c7\u0131kar\u0131lan \u00dcyelerimizle Dayan\u0131\u015fmaday\u0131z."},"content":{"rendered":"<div class=\"xdj266r x11i5rnm xat24cr x1mh8g0r x1vvkbs x126k92a\">\n<div dir=\"auto\">I\u011fd\u0131r Belediyesi taraf\u0131ndan \u201cpersonel fazlal\u0131\u011f\u0131\u201d gerek\u00e7e g\u00f6sterilerek k\u0131sa mesaj ile i\u015ften \u00e7\u0131kar\u0131lan 204 \u00fcyemizin ve ailelerinin belediye \u00f6n\u00fcndeki m\u00fccadelesi devam ediyor. Bu haks\u0131z hukuksuz karardan geri d\u00f6n\u00fclmesi i\u00e7in aileleriyle birlikte oturma eylemini s\u00fcrd\u00fcren \u00fcyelerimizi, sendikam\u0131z Genel Y\u00f6netim Kurulu ad\u0131na \u00d6rg\u00fctlenme Genel Sekreteri \u0130smail Duman ziyaret etti.<\/div>\n<\/div>\n<div class=\"x11i5rnm xat24cr x1mh8g0r x1vvkbs xtlvy1s x126k92a\">\n<div dir=\"auto\">\u0130smail Duman, ziyaret s\u0131ras\u0131nda yapt\u0131\u011f\u0131 konu\u015fmada, \u201cArkada\u015flar bu hakl\u0131 m\u00fccadelenizde Belediye-\u0130\u015f Sendikas\u0131\u2019n\u0131n do\u011fudan bat\u0131ya, kuzeyden g\u00fcneye yurdun d\u00f6rt bir yan\u0131ndaki \u00fcyeleriyle birlikte sonuna kadar yan\u0131n\u0131zday\u0131z. Sizlere Genel Ba\u015fkan\u0131m\u0131z Nihat Yurdakul\u2019un ve Belediye-\u0130\u015f Ailesinin selamlar\u0131n\u0131 getirdim\u201d dedi.<\/div>\n<\/div>\n<div class=\"x11i5rnm xat24cr x1mh8g0r x1vvkbs xtlvy1s x126k92a\">\n<div dir=\"auto\">Duman, \u201cI\u011fd\u0131r Belediye Ba\u015fkan\u0131 Mehmet Nuri G\u00fcne\u015f e\u011fer biraz emekten yanaysa, i\u015f\u00e7i haklar\u0131na biraz sayg\u0131s\u0131 varsa bu haks\u0131z hukuksuz karardan bir an \u00f6nce d\u00f6nmeli ve \u00fcyelerimizi i\u015flerine ba\u015flatmal\u0131d\u0131r. Belediye i\u015f\u00e7ileri bizim ailemizdir. \u0130\u015f\u00e7i karde\u015flerimizin tek gayeleri; \u015ferefleriyle, namuslar\u0131yla \u00e7al\u0131\u015f\u0131p, \u00e7ocuklar\u0131n\u0131 namerde muhta\u00e7 ettirmemektir. Say\u0131n Ba\u015fkan, bu haks\u0131zl\u0131\u011f\u0131 ve ma\u011fduriyeti en k\u0131sa s\u00fcrede giderin. Biz sonu\u00e7 al\u0131ncaya kadar hukuki ve demokratik zeminde m\u00fccadelemize devam edece\u011fiz, buraday\u0131z, bir yere gitmiyoruz\u201d diyerek s\u00f6zlerini tamamlad\u0131.<\/div>\n<\/div>\n<div class=\"x11i5rnm xat24cr x1mh8g0r x1vvkbs xtlvy1s x126k92a\">\n<div dir=\"auto\">Konu\u015fma s\u0131ras\u0131nda \u00fcyelerimiz s\u0131k s\u0131k, \u201cHak, Hukuk, Adalet\u201d ve \u201cDirene direne kazanaca\u011f\u0131z\u201d sloganlar\u0131 att\u0131lar.<\/div>\n<div dir=\"auto\">\n<div id='gallery_1' class='gallery galleryid-4329 gallery-columns-2 gallery-size-medium'><figure class='gallery-item'>\n                <div class='gallery-icon landscape'>\n                    <a href='http:\/\/belediyeis.org.tr\/merkez\/wp-content\/uploads\/2024\/07\/igdir-belediyesinin-is-akdine-son-verdigi-204-isci-eylemlerine-devam-ediyor_1a67330-1100x650-1.jpg'><img fetchpriority=\"high\" decoding=\"async\" width=\"300\" height=\"177\" src=\"\" class=\"attachment-medium size-medium lazyload\" alt=\"\" data-src=\"http:\/\/belediyeis.org.tr\/merkez\/wp-content\/uploads\/2024\/07\/igdir-belediyesinin-is-akdine-son-verdigi-204-isci-eylemlerine-devam-ediyor_1a67330-1100x650-1-300x177.jpg\" data-sizes=\"auto\" data-srcset=\"http:\/\/belediyeis.org.tr\/merkez\/wp-content\/uploads\/2024\/07\/igdir-belediyesinin-is-akdine-son-verdigi-204-isci-eylemlerine-devam-ediyor_1a67330-1100x650-1-300x177.jpg 300w, http:\/\/belediyeis.org.tr\/merkez\/wp-content\/uploads\/2024\/07\/igdir-belediyesinin-is-akdine-son-verdigi-204-isci-eylemlerine-devam-ediyor_1a67330-1100x650-1-1024x605.jpg 1024w, http:\/\/belediyeis.org.tr\/merkez\/wp-content\/uploads\/2024\/07\/igdir-belediyesinin-is-akdine-son-verdigi-204-isci-eylemlerine-devam-ediyor_1a67330-1100x650-1-768x454.jpg 768w, http:\/\/belediyeis.org.tr\/merkez\/wp-content\/uploads\/2024\/07\/igdir-belediyesinin-is-akdine-son-verdigi-204-isci-eylemlerine-devam-ediyor_1a67330-1100x650-1-750x443.jpg 750w, http:\/\/belediyeis.org.tr\/merkez\/wp-content\/uploads\/2024\/07\/igdir-belediyesinin-is-akdine-son-verdigi-204-isci-eylemlerine-devam-ediyor_1a67330-1100x650-1.jpg 1100w\" data-expand=\"700\" \/><\/a>\n                <\/div><\/figure><figure class='gallery-item'>\n                <div class='gallery-icon portrait'>\n                    <a href='http:\/\/belediyeis.org.tr\/merkez\/wp-content\/uploads\/2024\/07\/WhatsApp-Image-2024-07-23-at-10.26.16-1-scaled.jpeg'><img decoding=\"async\" width=\"225\" height=\"300\" src=\"\" class=\"attachment-medium size-medium lazyload\" alt=\"\" data-src=\"http:\/\/belediyeis.org.tr\/merkez\/wp-content\/uploads\/2024\/07\/WhatsApp-Image-2024-07-23-at-10.26.16-1-225x300.jpeg\" data-sizes=\"auto\" data-srcset=\"http:\/\/belediyeis.org.tr\/merkez\/wp-content\/uploads\/2024\/07\/WhatsApp-Image-2024-07-23-at-10.26.16-1-225x300.jpeg 225w, http:\/\/belediyeis.org.tr\/merkez\/wp-content\/uploads\/2024\/07\/WhatsApp-Image-2024-07-23-at-10.26.16-1-768x1024.jpeg 768w, http:\/\/belediyeis.org.tr\/merkez\/wp-content\/uploads\/2024\/07\/WhatsApp-Image-2024-07-23-at-10.26.16-1-1152x1536.jpeg 1152w, http:\/\/belediyeis.org.tr\/merkez\/wp-content\/uploads\/2024\/07\/WhatsApp-Image-2024-07-23-at-10.26.16-1-1536x2048.jpeg 1536w, http:\/\/belediyeis.org.tr\/merkez\/wp-content\/uploads\/2024\/07\/WhatsApp-Image-2024-07-23-at-10.26.16-1-750x1000.jpeg 750w, http:\/\/belediyeis.org.tr\/merkez\/wp-content\/uploads\/2024\/07\/WhatsApp-Image-2024-07-23-at-10.26.16-1-1140x1520.jpeg 1140w, http:\/\/belediyeis.org.tr\/merkez\/wp-content\/uploads\/2024\/07\/WhatsApp-Image-2024-07-23-at-10.26.16-1-scaled.jpeg 1920w\" data-expand=\"700\" \/><\/a>\n                <\/div><\/figure><br style=\"clear: both\" \/>\n            <\/div>\n\n<\/div>\n<\/div>\n","protected":false},"excerpt":{"rendered":"<p>I\u011fd\u0131r Belediyesi taraf\u0131ndan \u201cpersonel fazlal\u0131\u011f\u0131\u201d gerek\u00e7e g\u00f6sterilerek k\u0131sa mesaj ile i\u015ften \u00e7\u0131kar\u0131lan 204 \u00fcyemizin ve ailelerinin belediye \u00f6n\u00fcndeki m\u00fccadelesi devam ediyor. Bu haks\u0131z hukuksuz karardan geri d\u00f6n\u00fclmesi i\u00e7in aileleriyle birlikte oturma eylemini s\u00fcrd\u00fcren \u00fcyelerimizi, sendikam\u0131z Genel Y\u00f6netim Kurulu ad\u0131na \u00d6rg\u00fctlenme Genel Sekreteri \u0130smail Duman ziyaret etti. \u0130smail Duman, ziyaret s\u0131ras\u0131nda yapt\u0131\u011f\u0131 konu\u015fmada, \u201cArkada\u015flar bu hakl\u0131 [&hellip;]<\/p>\n","protected":false},"author":4,"featured_media":4330,"comment_status":"open","ping_status":"open","sticky":false,"template":"","format":"standard","meta":{"jnews-multi-image_gallery":[],"jnews_single_post":{"source_name":"","source_url":"","via_name":"","via_url":"","override_template":"0","override":[{"template":"1","single_blog_custom":"","parallax":"1","fullscreen":"1","layout":"right-sidebar","sidebar":"default-sidebar","second_sidebar":"default-sidebar","sticky_sidebar":"1","share_position":"top","share_float_style":"share-monocrhome","show_share_counter":"1","show_view_counter":"1","show_featured":"1","show_post_meta":"1","show_post_author":"1","show_post_author_image":"1","show_post_date":"1","post_date_format":"default","post_date_format_custom":"Y\/m\/d","show_post_category":"1","show_post_reading_time":"0","post_reading_time_wpm":"300","show_zoom_button":"0","zoom_button_out_step":"2","zoom_button_in_step":"3","show_post_tag":"1","show_prev_next_post":"1","show_popup_post":"1","number_popup_post":"1","show_author_box":"0","show_post_related":"0","show_inline_post_related":"0"}],"override_image_size":"0","image_override":[{"single_post_thumbnail_size":"crop-500","single_post_gallery_size":"crop-500"}],"trending_post":"0","trending_post_position":"meta","trending_post_label":"Trending","sponsored_post":"0","sponsored_post_label":"Sponsored by","sponsored_post_name":"","sponsored_post_url":"","sponsored_post_logo_enable":"0","sponsored_post_logo":"","sponsored_post_desc":"","disable_ad":"0"},"jnews_primary_category":{"id":""},"jnews_social_meta":{"fb_title":"","fb_description":"","fb_image":"","twitter_title":"","twitter_description":"","twitter_image":""},"jnews_override_counter":{"override_view_counter":"0","view_counter_number":"0","override_share_counter":"0","share_counter_number":"0","override_like_counter":"0","like_counter_number":"0","override_dislike_counter":"0","dislike_counter_number":"0"},"footnotes":""},"categories":[1],"tags":[106,301],"class_list":["post-4329","post","type-post","status-publish","format-standard","has-post-thumbnail","hentry","category-genel","tag-eylem","tag-mucadele"],"_links":{"self":[{"href":"http:\/\/belediyeis.org.tr\/merkez\/wp-json\/wp\/v2\/posts\/4329","targetHints":{"allow":["GET"]}}],"collection":[{"href":"http:\/\/belediyeis.org.tr\/merkez\/wp-json\/wp\/v2\/posts"}],"about":[{"href":"http:\/\/belediyeis.org.tr\/merkez\/wp-json\/wp\/v2\/types\/post"}],"author":[{"embeddable":true,"href":"http:\/\/belediyeis.org.tr\/merkez\/wp-json\/wp\/v2\/users\/4"}],"replies":[{"embeddable":true,"href":"http:\/\/belediyeis.org.tr\/merkez\/wp-json\/wp\/v2\/comments?post=4329"}],"version-history":[{"count":3,"href":"http:\/\/belediyeis.org.tr\/merkez\/wp-json\/wp\/v2\/posts\/4329\/revisions"}],"predecessor-version":[{"id":4336,"href":"http:\/\/belediyeis.org.tr\/merkez\/wp-json\/wp\/v2\/posts\/4329\/revisions\/4336"}],"wp:featuredmedia":[{"embeddable":true,"href":"http:\/\/belediyeis.org.tr\/merkez\/wp-json\/wp\/v2\/media\/4330"}],"wp:attachment":[{"href":"http:\/\/belediyeis.org.tr\/merkez\/wp-json\/wp\/v2\/media?parent=4329"}],"wp:term":[{"taxonomy":"category","embeddable":true,"href":"http:\/\/belediyeis.org.tr\/merkez\/wp-json\/wp\/v2\/categories?post=4329"},{"taxonomy":"post_tag","embeddable":true,"href":"http:\/\/belediyeis.org.tr\/merkez\/wp-json\/wp\/v2\/tags?post=4329"}],"curies":[{"name":"wp","href":"https:\/\/api.w.org\/{rel}","templated":true}]}}