{"id":4240,"date":"2024-06-05T15:54:04","date_gmt":"2024-06-05T12:54:04","guid":{"rendered":"http:\/\/belediyeis.org.tr\/merkez\/?p=4240"},"modified":"2024-06-05T15:55:19","modified_gmt":"2024-06-05T12:55:19","slug":"ordu-camas-belediye-baskani-leyla-citir-genel-baskanimizi-ziyaret-etti","status":"publish","type":"post","link":"http:\/\/belediyeis.org.tr\/merkez\/2024\/06\/05\/ordu-camas-belediye-baskani-leyla-citir-genel-baskanimizi-ziyaret-etti\/","title":{"rendered":"Ordu \u00c7ama\u015f Belediye Ba\u015fkan\u0131 Leyla \u00c7\u0131t\u0131r, Genel Ba\u015fkan\u0131m\u0131z\u0131 ziyaret etti."},"content":{"rendered":"<p>Genel Ba\u015fkan\u0131m\u0131z Nihat Yurdakul, 31 Mart yerel se\u00e7imlerinde \u00c7ama\u015f Belediye Ba\u015fkan\u0131 se\u00e7ilen Say\u0131n Leyla \u00c7\u0131t\u0131r\u2019\u0131 tebrik etti.<\/p>\n<p>Genel Ba\u015fkan\u0131m\u0131z, \u201cDe\u011ferli Ba\u015fkan\u0131m nazik ziyaretinizden dolay\u0131 te\u015fekk\u00fcr ediyorum. \u00d6nemli i\u015flere imza ataca\u011f\u0131n\u0131za y\u00fcrekten inan\u0131yorum ve sonsuz ba\u015far\u0131lar diliyorum. Yolunuz a\u00e7\u0131k olsun\u201d dedi.<\/p>\n","protected":false},"excerpt":{"rendered":"<p>Genel Ba\u015fkan\u0131m\u0131z Nihat Yurdakul, 31 Mart yerel se\u00e7imlerinde \u00c7ama\u015f Belediye Ba\u015fkan\u0131 se\u00e7ilen Say\u0131n Leyla \u00c7\u0131t\u0131r\u2019\u0131 tebrik etti. Genel Ba\u015fkan\u0131m\u0131z, \u201cDe\u011ferli Ba\u015fkan\u0131m nazik ziyaretinizden dolay\u0131 te\u015fekk\u00fcr ediyorum. \u00d6nemli i\u015flere imza ataca\u011f\u0131n\u0131za y\u00fcrekten inan\u0131yorum ve sonsuz ba\u015far\u0131lar diliyorum. Yolunuz a\u00e7\u0131k olsun\u201d dedi.<\/p>\n","protected":false},"author":4,"featured_media":4241,"comment_status":"open","ping_status":"open","sticky":false,"template":"","format":"standard","meta":{"jnews-multi-image_gallery":[],"jnews_single_post":{"source_name":"","source_url":"","via_name":"","via_url":"","override_template":"0","override":[{"template":"1","single_blog_custom":"","parallax":"1","fullscreen":"1","layout":"right-sidebar","sidebar":"default-sidebar","second_sidebar":"default-sidebar","sticky_sidebar":"1","share_position":"top","share_float_style":"share-monocrhome","show_share_counter":"1","show_view_counter":"1","show_featured":"1","show_post_meta":"1","show_post_author":"1","show_post_author_image":"1","show_post_date":"1","post_date_format":"default","post_date_format_custom":"Y\/m\/d","show_post_category":"1","show_post_reading_time":"0","post_reading_time_wpm":"300","show_zoom_button":"0","zoom_button_out_step":"2","zoom_button_in_step":"3","show_post_tag":"1","show_prev_next_post":"1","show_popup_post":"1","number_popup_post":"1","show_author_box":"0","show_post_related":"0","show_inline_post_related":"0"}],"override_image_size":"0","image_override":[{"single_post_thumbnail_size":"crop-500","single_post_gallery_size":"crop-500"}],"trending_post":"0","trending_post_position":"meta","trending_post_label":"Trending","sponsored_post":"0","sponsored_post_label":"Sponsored by","sponsored_post_name":"","sponsored_post_url":"","sponsored_post_logo_enable":"0","sponsored_post_logo":"","sponsored_post_desc":"","disable_ad":"0"},"jnews_primary_category":{"id":""},"jnews_social_meta":{"fb_title":"","fb_description":"","fb_image":"","twitter_title":"","twitter_description":"","twitter_image":""},"jnews_override_counter":{"override_view_counter":"0","view_counter_number":"0","override_share_counter":"0","share_counter_number":"0","override_like_counter":"0","like_counter_number":"0","override_dislike_counter":"0","dislike_counter_number":"0"},"footnotes":""},"categories":[1],"tags":[299,277],"class_list":["post-4240","post","type-post","status-publish","format-standard","has-post-thumbnail","hentry","category-genel","tag-genel-baskanimiz","tag-ziyaret"],"_links":{"self":[{"href":"http:\/\/belediyeis.org.tr\/merkez\/wp-json\/wp\/v2\/posts\/4240","targetHints":{"allow":["GET"]}}],"collection":[{"href":"http:\/\/belediyeis.org.tr\/merkez\/wp-json\/wp\/v2\/posts"}],"about":[{"href":"http:\/\/belediyeis.org.tr\/merkez\/wp-json\/wp\/v2\/types\/post"}],"author":[{"embeddable":true,"href":"http:\/\/belediyeis.org.tr\/merkez\/wp-json\/wp\/v2\/users\/4"}],"replies":[{"embeddable":true,"href":"http:\/\/belediyeis.org.tr\/merkez\/wp-json\/wp\/v2\/comments?post=4240"}],"version-history":[{"count":2,"href":"http:\/\/belediyeis.org.tr\/merkez\/wp-json\/wp\/v2\/posts\/4240\/revisions"}],"predecessor-version":[{"id":4243,"href":"http:\/\/belediyeis.org.tr\/merkez\/wp-json\/wp\/v2\/posts\/4240\/revisions\/4243"}],"wp:featuredmedia":[{"embeddable":true,"href":"http:\/\/belediyeis.org.tr\/merkez\/wp-json\/wp\/v2\/media\/4241"}],"wp:attachment":[{"href":"http:\/\/belediyeis.org.tr\/merkez\/wp-json\/wp\/v2\/media?parent=4240"}],"wp:term":[{"taxonomy":"category","embeddable":true,"href":"http:\/\/belediyeis.org.tr\/merkez\/wp-json\/wp\/v2\/categories?post=4240"},{"taxonomy":"post_tag","embeddable":true,"href":"http:\/\/belediyeis.org.tr\/merkez\/wp-json\/wp\/v2\/tags?post=4240"}],"curies":[{"name":"wp","href":"https:\/\/api.w.org\/{rel}","templated":true}]}}