{"id":3107,"date":"2022-10-23T10:43:12","date_gmt":"2022-10-23T07:43:12","guid":{"rendered":"http:\/\/belediyeis.org.tr\/merkez\/?p=3107"},"modified":"2022-10-25T10:52:37","modified_gmt":"2022-10-25T07:52:37","slug":"sendikamiz-12-olagan-genel-kurulu-gerceklestirildi","status":"publish","type":"post","link":"http:\/\/belediyeis.org.tr\/merkez\/2022\/10\/23\/sendikamiz-12-olagan-genel-kurulu-gerceklestirildi\/","title":{"rendered":"Sendikam\u0131z 12. Ola\u011fan Genel Kurulu Ger\u00e7ekle\u015ftirildi"},"content":{"rendered":"<p style=\"text-align: justify;\">\u201cYa\u015fam\u0131n Her Alan\u0131nda T\u00fcrkiye\u2019nin Her Yerinde Belediye-\u0130\u015f\u201d ve \u201cCumhuriyet\u2019in 100. Y\u0131l\u0131na Do\u011fru Belediye-\u0130\u015f\u201d sloganlar\u0131n\u0131n damgas\u0131n\u0131 vurdu\u011fu Genel Kurulda, e\u011fitimli ve \u00f6rg\u00fctl\u00fc toplum; \u00e7a\u011fda\u015f, demokratik, laik T\u00fcrkiye vurgusu yap\u0131ld\u0131.<\/p>\n<p style=\"text-align: justify;\">Birlik, beraberlik ve co\u015fku i\u00e7inde ge\u00e7en Genel Kurulumuzun a\u00e7\u0131l\u0131\u015f\u0131nda konu\u015fan Genel Ba\u015fkan\u0131m\u0131z Nihat Yurdakul, hayat\u0131n\u0131 kaybeden Sendikam\u0131z eski y\u00f6neticilerinden Ha\u015fim Candan&#8217;a Allah&#8217;tan rahmet, yak\u0131nlar\u0131na ve sevenlerine ba\u015f sa\u011fl\u0131\u011f\u0131 diledi.<\/p>\n<p style=\"text-align: justify;\">&#8220;Bu \u00fclkenin gelece\u011fi i\u015f\u00e7i s\u0131n\u0131f\u0131n\u0131n elinde. \u0130\u015f\u00e7i s\u0131n\u0131f\u0131n\u0131n bir araya gelerek bu \u00fclkeyi \u015fekillendirmesi gerekiyor. T\u00fcrkiye&#8217;de hangi siyasetin y\u00fcz\u00fc eme\u011fe d\u00f6n\u00fckse biz onun yan\u0131nday\u0131z&#8221; diyen Yurdakul, \u00e7a\u011fda\u015f bir \u00fclke yaratman\u0131n ancak ve ancak e\u011fitimli ve \u00f6rg\u00fctl\u00fc toplumdan ge\u00e7ti\u011fini s\u00f6yledi.<\/p>\n<p style=\"text-align: justify;\">Yurdakul, \u201cBir \u00fclkede bilim, adalet, hukuk, demokrasi olmazsa; milli gelir de artmaz, eme\u011fin haklar\u0131 da olmaz. \u00dclkeyi \u015fu an tarikatlar y\u00f6netiyor. Bilime \u00f6nem veren memleketler bizi uzaydan izliyor. \u201cEmek\u00e7i halk\u0131 yok sayan, daha da yoksulla\u015ft\u0131ran bir iktidar anlay\u0131\u015f\u0131 ile y\u00f6netiliyoruz. \u015eirketlerin bor\u00e7lar\u0131 erteleniyor ama i\u015f\u00e7iye emek\u00e7iye s\u0131ra gelince vurduk\u00e7a vuruluyor\u201d dedi.<\/p>\n<p style=\"text-align: justify;\">Yurdakul, \u201cBize sizin partiniz hangisi diye soruyorlar? Belediye-\u0130\u015f Sendikas\u0131\u2019n\u0131n partisi laik T\u00fcrkiye Cumhuriyeti, \u00f6nderi Mustafa Kemal Atat\u00fcrk\u2019t\u00fcr. Biz B\u00fcy\u00fck \u00d6nder Atat\u00fcrk\u2019e lay\u0131k nesiller yeti\u015ftirmek istiyoruz, bunun i\u00e7in \u00e7aba harc\u0131yoruz\u201d diye konu\u015ftu.<\/p>\n<p style=\"text-align: justify;\"><strong>Sendikam\u0131z Genel Ba\u015fkan\u0131 Nihat Yurdakul G\u00fcven Tazeledi<\/strong><\/p>\n<p style=\"text-align: justify;\">22-23 Ekim 2022 tarihleri aras\u0131nda ger\u00e7ekle\u015ftirilen ve Sendikam\u0131z Genel Ba\u015fkan\u0131 Nihat Yurdakul ba\u015fkanl\u0131\u011f\u0131nda tek liste halinde gidilen kongre sonunda Genel Y\u00f6netim Kurulu \u015fekillendi.<\/p>\n<p style=\"text-align: justify;\">Se\u00e7im sonu\u00e7lar\u0131na g\u00f6re olu\u015fan Genel Y\u00f6netim Kurulu a\u015fa\u011f\u0131dad\u0131r.<\/p>\n<p style=\"text-align: justify;\">Kamuoyuna sayg\u0131 ile duyurulur.<\/p>\n<p style=\"text-align: justify;\">N\u0130HAT YURDAKUL\u00a0\u00a0 \u00a0\u00a0\u00a0\u00a0\u00a0\u00a0\u00a0\u00a0\u00a0\u00a0\u00a0\u00a0GENEL BA\u015eKAN<\/p>\n<p style=\"text-align: justify;\">BAYRAM \u00d6ZKAN\u00a0\u00a0\u00a0\u00a0 \u00a0\u00a0\u00a0\u00a0\u00a0\u00a0\u00a0\u00a0\u00a0\u00a0\u00a0\u00a0GENEL MAL\u0130 SEKRETER<\/p>\n<p style=\"text-align: justify;\">\u0130SMA\u0130L DUMAN\u00a0\u00a0\u00a0\u00a0\u00a0\u00a0 \u00a0\u00a0\u00a0\u00a0\u00a0\u00a0\u00a0\u00a0\u00a0\u00a0\u00a0\u00d6RG\u00dcTLENME GENEL SEKRETER\u0130<\/p>\n<p style=\"text-align: justify;\">G\u00dcNEY DEM\u0130RDA\u015e\u00a0 \u00a0\u00a0\u00a0\u00a0\u00a0\u00a0\u00a0\u00a0\u00a0\u00a0\u00a0T\u0130S GENEL SEKRETER\u0130<\/p>\n<p style=\"text-align: justify;\">KEMAL \u00c7AVU\u015eO\u011eLU\u00a0\u00a0 \u00a0\u00a0\u00a0\u00a0\u00a0\u00a0\u00a0E\u011e\u0130T\u0130M VE BASIN-YAYIN GENEL SEKRETER\u0130<\/p>\n<div id='gallery_1' class='gallery galleryid-3107 gallery-columns-3 gallery-size-large'><figure class='gallery-item'>\n                <div class='gallery-icon landscape'>\n                    <a href='http:\/\/belediyeis.org.tr\/merkez\/wp-content\/uploads\/2022\/10\/DSC_4698-scaled.jpg'><img fetchpriority=\"high\" decoding=\"async\" width=\"1024\" height=\"680\" src=\"\" class=\"attachment-large size-large lazyload\" alt=\"\" data-src=\"http:\/\/belediyeis.org.tr\/merkez\/wp-content\/uploads\/2022\/10\/DSC_4698-1024x680.jpg\" data-sizes=\"auto\" data-srcset=\"http:\/\/belediyeis.org.tr\/merkez\/wp-content\/uploads\/2022\/10\/DSC_4698-1024x680.jpg 1024w, http:\/\/belediyeis.org.tr\/merkez\/wp-content\/uploads\/2022\/10\/DSC_4698-300x199.jpg 300w, http:\/\/belediyeis.org.tr\/merkez\/wp-content\/uploads\/2022\/10\/DSC_4698-768x510.jpg 768w, http:\/\/belediyeis.org.tr\/merkez\/wp-content\/uploads\/2022\/10\/DSC_4698-1536x1020.jpg 1536w, http:\/\/belediyeis.org.tr\/merkez\/wp-content\/uploads\/2022\/10\/DSC_4698-2048x1360.jpg 2048w, http:\/\/belediyeis.org.tr\/merkez\/wp-content\/uploads\/2022\/10\/DSC_4698-750x498.jpg 750w, http:\/\/belediyeis.org.tr\/merkez\/wp-content\/uploads\/2022\/10\/DSC_4698-1140x757.jpg 1140w\" data-expand=\"700\" \/><\/a>\n                <\/div><\/figure><figure class='gallery-item'>\n                <div class='gallery-icon landscape'>\n                    <a href='http:\/\/belediyeis.org.tr\/merkez\/wp-content\/uploads\/2022\/10\/DSC_4636-scaled.jpg'><img decoding=\"async\" width=\"1024\" height=\"680\" src=\"\" class=\"attachment-large size-large lazyload\" alt=\"\" data-src=\"http:\/\/belediyeis.org.tr\/merkez\/wp-content\/uploads\/2022\/10\/DSC_4636-1024x680.jpg\" data-sizes=\"auto\" data-srcset=\"http:\/\/belediyeis.org.tr\/merkez\/wp-content\/uploads\/2022\/10\/DSC_4636-1024x680.jpg 1024w, http:\/\/belediyeis.org.tr\/merkez\/wp-content\/uploads\/2022\/10\/DSC_4636-300x199.jpg 300w, http:\/\/belediyeis.org.tr\/merkez\/wp-content\/uploads\/2022\/10\/DSC_4636-768x510.jpg 768w, http:\/\/belediyeis.org.tr\/merkez\/wp-content\/uploads\/2022\/10\/DSC_4636-1536x1020.jpg 1536w, http:\/\/belediyeis.org.tr\/merkez\/wp-content\/uploads\/2022\/10\/DSC_4636-2048x1360.jpg 2048w, http:\/\/belediyeis.org.tr\/merkez\/wp-content\/uploads\/2022\/10\/DSC_4636-750x498.jpg 750w, http:\/\/belediyeis.org.tr\/merkez\/wp-content\/uploads\/2022\/10\/DSC_4636-1140x757.jpg 1140w\" data-expand=\"700\" \/><\/a>\n                <\/div><\/figure><figure class='gallery-item'>\n                <div class='gallery-icon landscape'>\n                    <a href='http:\/\/belediyeis.org.tr\/merkez\/wp-content\/uploads\/2022\/10\/DSC_4973-scaled.jpg'><img decoding=\"async\" width=\"1024\" height=\"680\" src=\"\" class=\"attachment-large size-large lazyload\" alt=\"\" data-src=\"http:\/\/belediyeis.org.tr\/merkez\/wp-content\/uploads\/2022\/10\/DSC_4973-1024x680.jpg\" data-sizes=\"auto\" data-srcset=\"http:\/\/belediyeis.org.tr\/merkez\/wp-content\/uploads\/2022\/10\/DSC_4973-1024x680.jpg 1024w, http:\/\/belediyeis.org.tr\/merkez\/wp-content\/uploads\/2022\/10\/DSC_4973-300x199.jpg 300w, http:\/\/belediyeis.org.tr\/merkez\/wp-content\/uploads\/2022\/10\/DSC_4973-768x510.jpg 768w, http:\/\/belediyeis.org.tr\/merkez\/wp-content\/uploads\/2022\/10\/DSC_4973-1536x1020.jpg 1536w, http:\/\/belediyeis.org.tr\/merkez\/wp-content\/uploads\/2022\/10\/DSC_4973-2048x1360.jpg 2048w, http:\/\/belediyeis.org.tr\/merkez\/wp-content\/uploads\/2022\/10\/DSC_4973-750x498.jpg 750w, http:\/\/belediyeis.org.tr\/merkez\/wp-content\/uploads\/2022\/10\/DSC_4973-1140x757.jpg 1140w\" data-expand=\"700\" \/><\/a>\n                <\/div><\/figure><br style=\"clear: both\" \/><figure class='gallery-item'>\n                <div class='gallery-icon landscape'>\n                    <a href='http:\/\/belediyeis.org.tr\/merkez\/wp-content\/uploads\/2022\/10\/DSC_4662-scaled.jpg'><img loading=\"lazy\" decoding=\"async\" width=\"1024\" height=\"680\" src=\"\" class=\"attachment-large size-large lazyload\" alt=\"\" data-src=\"http:\/\/belediyeis.org.tr\/merkez\/wp-content\/uploads\/2022\/10\/DSC_4662-1024x680.jpg\" data-sizes=\"auto\" data-srcset=\"http:\/\/belediyeis.org.tr\/merkez\/wp-content\/uploads\/2022\/10\/DSC_4662-1024x680.jpg 1024w, http:\/\/belediyeis.org.tr\/merkez\/wp-content\/uploads\/2022\/10\/DSC_4662-300x199.jpg 300w, http:\/\/belediyeis.org.tr\/merkez\/wp-content\/uploads\/2022\/10\/DSC_4662-768x510.jpg 768w, http:\/\/belediyeis.org.tr\/merkez\/wp-content\/uploads\/2022\/10\/DSC_4662-1536x1020.jpg 1536w, http:\/\/belediyeis.org.tr\/merkez\/wp-content\/uploads\/2022\/10\/DSC_4662-2048x1360.jpg 2048w, http:\/\/belediyeis.org.tr\/merkez\/wp-content\/uploads\/2022\/10\/DSC_4662-750x498.jpg 750w, http:\/\/belediyeis.org.tr\/merkez\/wp-content\/uploads\/2022\/10\/DSC_4662-1140x757.jpg 1140w\" data-expand=\"700\" \/><\/a>\n                <\/div><\/figure><figure class='gallery-item'>\n                <div class='gallery-icon landscape'>\n                    <a href='http:\/\/belediyeis.org.tr\/merkez\/wp-content\/uploads\/2022\/10\/DSC_4969-scaled.jpg'><img loading=\"lazy\" decoding=\"async\" width=\"1024\" height=\"680\" src=\"\" class=\"attachment-large size-large lazyload\" alt=\"\" data-src=\"http:\/\/belediyeis.org.tr\/merkez\/wp-content\/uploads\/2022\/10\/DSC_4969-1024x680.jpg\" data-sizes=\"auto\" data-srcset=\"http:\/\/belediyeis.org.tr\/merkez\/wp-content\/uploads\/2022\/10\/DSC_4969-1024x680.jpg 1024w, http:\/\/belediyeis.org.tr\/merkez\/wp-content\/uploads\/2022\/10\/DSC_4969-300x199.jpg 300w, http:\/\/belediyeis.org.tr\/merkez\/wp-content\/uploads\/2022\/10\/DSC_4969-768x510.jpg 768w, http:\/\/belediyeis.org.tr\/merkez\/wp-content\/uploads\/2022\/10\/DSC_4969-1536x1020.jpg 1536w, http:\/\/belediyeis.org.tr\/merkez\/wp-content\/uploads\/2022\/10\/DSC_4969-2048x1360.jpg 2048w, http:\/\/belediyeis.org.tr\/merkez\/wp-content\/uploads\/2022\/10\/DSC_4969-750x498.jpg 750w, http:\/\/belediyeis.org.tr\/merkez\/wp-content\/uploads\/2022\/10\/DSC_4969-1140x757.jpg 1140w\" data-expand=\"700\" \/><\/a>\n                <\/div><\/figure><figure class='gallery-item'>\n                <div class='gallery-icon landscape'>\n                    <a href='http:\/\/belediyeis.org.tr\/merkez\/wp-content\/uploads\/2022\/10\/DSC_4776-scaled.jpg'><img loading=\"lazy\" decoding=\"async\" width=\"1024\" height=\"680\" src=\"\" class=\"attachment-large size-large lazyload\" alt=\"\" data-src=\"http:\/\/belediyeis.org.tr\/merkez\/wp-content\/uploads\/2022\/10\/DSC_4776-1024x680.jpg\" data-sizes=\"auto\" data-srcset=\"http:\/\/belediyeis.org.tr\/merkez\/wp-content\/uploads\/2022\/10\/DSC_4776-1024x680.jpg 1024w, http:\/\/belediyeis.org.tr\/merkez\/wp-content\/uploads\/2022\/10\/DSC_4776-300x199.jpg 300w, http:\/\/belediyeis.org.tr\/merkez\/wp-content\/uploads\/2022\/10\/DSC_4776-768x510.jpg 768w, http:\/\/belediyeis.org.tr\/merkez\/wp-content\/uploads\/2022\/10\/DSC_4776-1536x1020.jpg 1536w, http:\/\/belediyeis.org.tr\/merkez\/wp-content\/uploads\/2022\/10\/DSC_4776-2048x1360.jpg 2048w, http:\/\/belediyeis.org.tr\/merkez\/wp-content\/uploads\/2022\/10\/DSC_4776-750x498.jpg 750w, http:\/\/belediyeis.org.tr\/merkez\/wp-content\/uploads\/2022\/10\/DSC_4776-1140x757.jpg 1140w\" data-expand=\"700\" \/><\/a>\n                <\/div><\/figure><br style=\"clear: both\" \/><figure class='gallery-item'>\n                <div class='gallery-icon landscape'>\n                    <a href='http:\/\/belediyeis.org.tr\/merkez\/wp-content\/uploads\/2022\/10\/DSC_4640-scaled.jpg'><img loading=\"lazy\" decoding=\"async\" width=\"1024\" height=\"680\" src=\"\" class=\"attachment-large size-large lazyload\" alt=\"\" data-src=\"http:\/\/belediyeis.org.tr\/merkez\/wp-content\/uploads\/2022\/10\/DSC_4640-1024x680.jpg\" data-sizes=\"auto\" data-srcset=\"http:\/\/belediyeis.org.tr\/merkez\/wp-content\/uploads\/2022\/10\/DSC_4640-1024x680.jpg 1024w, http:\/\/belediyeis.org.tr\/merkez\/wp-content\/uploads\/2022\/10\/DSC_4640-300x199.jpg 300w, http:\/\/belediyeis.org.tr\/merkez\/wp-content\/uploads\/2022\/10\/DSC_4640-768x510.jpg 768w, http:\/\/belediyeis.org.tr\/merkez\/wp-content\/uploads\/2022\/10\/DSC_4640-1536x1020.jpg 1536w, http:\/\/belediyeis.org.tr\/merkez\/wp-content\/uploads\/2022\/10\/DSC_4640-2048x1360.jpg 2048w, http:\/\/belediyeis.org.tr\/merkez\/wp-content\/uploads\/2022\/10\/DSC_4640-750x498.jpg 750w, http:\/\/belediyeis.org.tr\/merkez\/wp-content\/uploads\/2022\/10\/DSC_4640-1140x757.jpg 1140w\" data-expand=\"700\" \/><\/a>\n                <\/div><\/figure><figure class='gallery-item'>\n                <div class='gallery-icon landscape'>\n                    <a href='http:\/\/belediyeis.org.tr\/merkez\/wp-content\/uploads\/2022\/10\/DSC_4763-scaled.jpg'><img loading=\"lazy\" decoding=\"async\" width=\"1024\" height=\"680\" src=\"\" class=\"attachment-large size-large lazyload\" alt=\"\" data-src=\"http:\/\/belediyeis.org.tr\/merkez\/wp-content\/uploads\/2022\/10\/DSC_4763-1024x680.jpg\" data-sizes=\"auto\" data-srcset=\"http:\/\/belediyeis.org.tr\/merkez\/wp-content\/uploads\/2022\/10\/DSC_4763-1024x680.jpg 1024w, http:\/\/belediyeis.org.tr\/merkez\/wp-content\/uploads\/2022\/10\/DSC_4763-300x199.jpg 300w, http:\/\/belediyeis.org.tr\/merkez\/wp-content\/uploads\/2022\/10\/DSC_4763-768x510.jpg 768w, http:\/\/belediyeis.org.tr\/merkez\/wp-content\/uploads\/2022\/10\/DSC_4763-1536x1020.jpg 1536w, http:\/\/belediyeis.org.tr\/merkez\/wp-content\/uploads\/2022\/10\/DSC_4763-2048x1360.jpg 2048w, http:\/\/belediyeis.org.tr\/merkez\/wp-content\/uploads\/2022\/10\/DSC_4763-750x498.jpg 750w, http:\/\/belediyeis.org.tr\/merkez\/wp-content\/uploads\/2022\/10\/DSC_4763-1140x757.jpg 1140w\" data-expand=\"700\" \/><\/a>\n                <\/div><\/figure><figure class='gallery-item'>\n                <div class='gallery-icon landscape'>\n                    <a href='http:\/\/belediyeis.org.tr\/merkez\/wp-content\/uploads\/2022\/10\/DSC_4767-scaled.jpg'><img loading=\"lazy\" decoding=\"async\" width=\"1024\" height=\"680\" src=\"\" class=\"attachment-large size-large lazyload\" alt=\"\" data-src=\"http:\/\/belediyeis.org.tr\/merkez\/wp-content\/uploads\/2022\/10\/DSC_4767-1024x680.jpg\" data-sizes=\"auto\" data-srcset=\"http:\/\/belediyeis.org.tr\/merkez\/wp-content\/uploads\/2022\/10\/DSC_4767-1024x680.jpg 1024w, http:\/\/belediyeis.org.tr\/merkez\/wp-content\/uploads\/2022\/10\/DSC_4767-300x199.jpg 300w, http:\/\/belediyeis.org.tr\/merkez\/wp-content\/uploads\/2022\/10\/DSC_4767-768x510.jpg 768w, http:\/\/belediyeis.org.tr\/merkez\/wp-content\/uploads\/2022\/10\/DSC_4767-1536x1020.jpg 1536w, http:\/\/belediyeis.org.tr\/merkez\/wp-content\/uploads\/2022\/10\/DSC_4767-2048x1360.jpg 2048w, http:\/\/belediyeis.org.tr\/merkez\/wp-content\/uploads\/2022\/10\/DSC_4767-750x498.jpg 750w, http:\/\/belediyeis.org.tr\/merkez\/wp-content\/uploads\/2022\/10\/DSC_4767-1140x757.jpg 1140w\" data-expand=\"700\" \/><\/a>\n                <\/div><\/figure><br style=\"clear: both\" \/>\n            <\/div>\n\n","protected":false},"excerpt":{"rendered":"<p>\u201cYa\u015fam\u0131n Her Alan\u0131nda T\u00fcrkiye\u2019nin Her Yerinde Belediye-\u0130\u015f\u201d ve \u201cCumhuriyet\u2019in 100. Y\u0131l\u0131na Do\u011fru Belediye-\u0130\u015f\u201d sloganlar\u0131n\u0131n damgas\u0131n\u0131 vurdu\u011fu Genel Kurulda, e\u011fitimli ve \u00f6rg\u00fctl\u00fc toplum; \u00e7a\u011fda\u015f, demokratik, laik T\u00fcrkiye vurgusu yap\u0131ld\u0131. Birlik, beraberlik ve co\u015fku i\u00e7inde ge\u00e7en Genel Kurulumuzun a\u00e7\u0131l\u0131\u015f\u0131nda konu\u015fan Genel Ba\u015fkan\u0131m\u0131z Nihat Yurdakul, hayat\u0131n\u0131 kaybeden Sendikam\u0131z eski y\u00f6neticilerinden Ha\u015fim Candan&#8217;a Allah&#8217;tan rahmet, yak\u0131nlar\u0131na ve sevenlerine ba\u015f [&hellip;]<\/p>\n","protected":false},"author":3,"featured_media":3108,"comment_status":"open","ping_status":"open","sticky":false,"template":"","format":"standard","meta":{"jnews-multi-image_gallery":[],"jnews_single_post":{"source_name":"","source_url":"","via_name":"","via_url":"","override_template":"0","override":[{"template":"1","single_blog_custom":"","parallax":"1","fullscreen":"1","layout":"right-sidebar","sidebar":"default-sidebar","second_sidebar":"default-sidebar","sticky_sidebar":"1","share_position":"top","share_float_style":"share-monocrhome","show_share_counter":"1","show_view_counter":"1","show_featured":"1","show_post_meta":"1","show_post_author":"1","show_post_author_image":"1","show_post_date":"1","post_date_format":"default","post_date_format_custom":"Y\/m\/d","show_post_category":"1","show_post_reading_time":"0","post_reading_time_wpm":"300","show_zoom_button":"0","zoom_button_out_step":"2","zoom_button_in_step":"3","show_post_tag":"1","show_prev_next_post":"1","show_popup_post":"1","number_popup_post":"1","show_author_box":"0","show_post_related":"0","show_inline_post_related":"0"}],"override_image_size":"0","image_override":[{"single_post_thumbnail_size":"crop-500","single_post_gallery_size":"crop-500"}],"trending_post":"0","trending_post_position":"meta","trending_post_label":"Trending","sponsored_post":"0","sponsored_post_label":"Sponsored by","sponsored_post_name":"","sponsored_post_url":"","sponsored_post_logo_enable":"0","sponsored_post_logo":"","sponsored_post_desc":"","disable_ad":"0"},"jnews_primary_category":{"id":""},"jnews_social_meta":{"fb_title":"","fb_description":"","fb_image":"","twitter_title":"","twitter_description":"","twitter_image":""},"jnews_override_counter":{"override_view_counter":"0","view_counter_number":"0","override_share_counter":"0","share_counter_number":"0","override_like_counter":"0","like_counter_number":"0","override_dislike_counter":"0","dislike_counter_number":"0"},"footnotes":""},"categories":[1],"tags":[],"class_list":["post-3107","post","type-post","status-publish","format-standard","has-post-thumbnail","hentry","category-genel"],"_links":{"self":[{"href":"http:\/\/belediyeis.org.tr\/merkez\/wp-json\/wp\/v2\/posts\/3107","targetHints":{"allow":["GET"]}}],"collection":[{"href":"http:\/\/belediyeis.org.tr\/merkez\/wp-json\/wp\/v2\/posts"}],"about":[{"href":"http:\/\/belediyeis.org.tr\/merkez\/wp-json\/wp\/v2\/types\/post"}],"author":[{"embeddable":true,"href":"http:\/\/belediyeis.org.tr\/merkez\/wp-json\/wp\/v2\/users\/3"}],"replies":[{"embeddable":true,"href":"http:\/\/belediyeis.org.tr\/merkez\/wp-json\/wp\/v2\/comments?post=3107"}],"version-history":[{"count":1,"href":"http:\/\/belediyeis.org.tr\/merkez\/wp-json\/wp\/v2\/posts\/3107\/revisions"}],"predecessor-version":[{"id":3118,"href":"http:\/\/belediyeis.org.tr\/merkez\/wp-json\/wp\/v2\/posts\/3107\/revisions\/3118"}],"wp:featuredmedia":[{"embeddable":true,"href":"http:\/\/belediyeis.org.tr\/merkez\/wp-json\/wp\/v2\/media\/3108"}],"wp:attachment":[{"href":"http:\/\/belediyeis.org.tr\/merkez\/wp-json\/wp\/v2\/media?parent=3107"}],"wp:term":[{"taxonomy":"category","embeddable":true,"href":"http:\/\/belediyeis.org.tr\/merkez\/wp-json\/wp\/v2\/categories?post=3107"},{"taxonomy":"post_tag","embeddable":true,"href":"http:\/\/belediyeis.org.tr\/merkez\/wp-json\/wp\/v2\/tags?post=3107"}],"curies":[{"name":"wp","href":"https:\/\/api.w.org\/{rel}","templated":true}]}}