{"id":3104,"date":"2022-10-18T17:17:51","date_gmt":"2022-10-18T14:17:51","guid":{"rendered":"http:\/\/belediyeis.org.tr\/merkez\/?p=3104"},"modified":"2022-10-19T17:19:43","modified_gmt":"2022-10-19T14:19:43","slug":"avcilarda-isveren-dayatmasi-nedeniyle-grevdeyiz","status":"publish","type":"post","link":"http:\/\/belediyeis.org.tr\/merkez\/2022\/10\/18\/avcilarda-isveren-dayatmasi-nedeniyle-grevdeyiz\/","title":{"rendered":"Avc\u0131lar&#8217;da \u0130\u015fveren Dayatmas\u0131 Nedeniyle  Grevdeyiz&#8230;"},"content":{"rendered":"<div class=\"xdj266r x11i5rnm xat24cr x1mh8g0r x1vvkbs x126k92a\">\n<div dir=\"auto\">Genel Ba\u015fkan\u0131m\u0131z Nihat Yurdakul:<\/div>\n<div dir=\"auto\">&#8220;\u00dclkede kimin y\u00fcz\u00fc emek\u00e7iye d\u00f6n\u00fckse Belediye-\u0130\u015f Sendikas\u0131 onun yan\u0131nda, kim s\u0131rt\u0131s\u0131n\u0131 d\u00f6nerse biz onun kar\u015f\u0131s\u0131nday\u0131z&#8221;<\/div>\n<\/div>\n<div class=\"x11i5rnm xat24cr x1mh8g0r x1vvkbs xtlvy1s x126k92a\">\n<div dir=\"auto\">Avc\u0131lar Belediyesi BATHONEA Yap\u0131 A.\u015e. ile Sendikam\u0131z aras\u0131nda 22 Haziran\u2019dan bu yana s\u00fcren toplu s\u00f6zle\u015fme g\u00f6r\u00fc\u015fmelerinde i\u015fverenin uzla\u015fmaz tutumu ve dayatmalar\u0131 nedeniyle bug\u00fcn greve \u00e7\u0131kt\u0131k.<\/div>\n<\/div>\n<div class=\"x11i5rnm xat24cr x1mh8g0r x1vvkbs xtlvy1s x126k92a\">\n<div dir=\"auto\">\u00dcyelerimiz, grev pankart\u0131n\u0131 BATHONEA A.\u015e&#8217;nin kap\u0131s\u0131na ast\u0131lar. Avc\u0131lar Belediye y\u00f6netiminin uzla\u015fmaz tutumu, hayat pahal\u0131l\u0131\u011f\u0131n\u0131 ve \u00fclke ger\u00e7eklerini g\u00f6rmezden gelen teklifi nedeniyle \u00e7\u0131k\u0131lan grev i\u00e7in T\u00fcrkiye\u2019nin d\u00f6rt bir yan\u0131ndan \u00fcyelerimiz Avc\u0131lar Belediyesi emek\u00e7ilerine deste\u011fe geldi.<\/div>\n<\/div>\n<div class=\"x11i5rnm xat24cr x1mh8g0r x1vvkbs xtlvy1s x126k92a\">\n<div dir=\"auto\">Avc\u0131lar Belediyesi \u00f6n\u00fcnde yap\u0131lan bas\u0131n a\u00e7\u0131klamas\u0131nda konu\u015fan Genel Ba\u015fkan\u0131m\u0131z Nihat Yurdakul, 38 y\u0131ld\u0131r Sendikam\u0131z\u0131n \u00f6rg\u00fctl\u00fc oldu\u011fu Avc\u0131lar&#8217;da i\u015fverenin greve mecbur b\u0131rakt\u0131\u011f\u0131n\u0131 s\u00f6yledi. Yurdakul, &#8220;Su\u00e7 bizde de\u011fil, bizi evine ekmek g\u00f6t\u00fcremeyecek hale getirip bu greve \u00e7\u0131kmaya mecbur edenlerde&#8221; dedi.<\/div>\n<\/div>\n<div class=\"x11i5rnm xat24cr x1mh8g0r x1vvkbs xtlvy1s x126k92a\">\n<div dir=\"auto\">Toplu s\u00f6zle\u015fmenin g\u00fcn\u00fcn ekonomik \u015fartlar\u0131na g\u00f6re imzalanmas\u0131 ve Avc\u0131lar halk\u0131na hizmet etmek d\u0131\u015f\u0131nda Avc\u0131lar emek\u00e7isinin hi\u00e7bir iste\u011fi olmad\u0131\u011f\u0131n\u0131 s\u00f6yleyen Yurdakul, \u015funlar\u0131 s\u00f6yledi:<\/div>\n<\/div>\n<div class=\"x11i5rnm xat24cr x1mh8g0r x1vvkbs xtlvy1s x126k92a\">\n<div dir=\"auto\">&#8220;Ancak herkes bilsin ki \u00fcyelerimizin hak ve menfaatleri de bizim i\u00e7in her \u015feyden \u00f6nce gelir. Kimse bizden bu hayat ko\u015fullar\u0131nda olmayacak \u015feylere imza atmam\u0131z\u0131 beklemesin. Bizim bu s\u00f6zle\u015fmeden tek beklentimiz T\u00dc\u0130K&#8217;in a\u00e7\u0131klad\u0131\u011f\u0131 \u00e7akma enflasyon art\u0131 y\u00fczde 5 refah pay\u0131d\u0131r. Bunu da m\u0131 istemeyelim? Biz bu hayat pahal\u0131l\u0131\u011f\u0131nda \u00e7oluk \u00e7ocu\u011fumuza s\u00fct m\u00fc almayal\u0131m okula giderken bir sandvi\u00e7 mi koymayal\u0131m. Bizler Avc\u0131lar\u2019da hizmetin aksamas\u0131n\u0131 istemeyiz ama bir yandan da evde bakmam\u0131z gereken \u00e7oluk \u00e7ocu\u011fumuz ve ekmek m\u00fccadelemiz var.\u201d<\/div>\n<\/div>\n<div class=\"x11i5rnm xat24cr x1mh8g0r x1vvkbs xtlvy1s x126k92a\">\n<div dir=\"auto\">Avc\u0131lar y\u00f6netiminin teklifinin \u00fclke ger\u00e7eklerinin \u00e7ok gerisinde oldu\u011funu ifade eden Yurdakul, &#8220;Say\u0131n Ba\u015fkan &#8216;enflasyon verdik kabul etmediler&#8217; demi\u015f. Buradan sizin huzurunuzda tekrar s\u00f6yl\u00fcyorum. Bu \u00fclkede ger\u00e7ek enflasyon y\u00fczde 200, ben Say\u0131n Ba\u015fkana s\u00f6yl\u00fcyorum \u00e7akma enflasyon art\u0131 y\u00fczde 5 refah pay\u0131n\u0131 imzalamaya haz\u0131r\u0131z. Gelin, imzalayal\u0131m.<\/div>\n<\/div>\n<div class=\"x11i5rnm xat24cr x1mh8g0r x1vvkbs xtlvy1s x126k92a\">\n<div dir=\"auto\">\u00dclkede kimin y\u00fcz\u00fc emek\u00e7iye d\u00f6n\u00fckse Belediye-i\u015f Sendikas\u0131 onun yan\u0131nda, kim s\u0131rt\u0131s\u0131n\u0131 d\u00f6nerse biz onun kar\u015f\u0131s\u0131nday\u0131z&#8221; dedi.<\/div>\n<\/div>\n","protected":false},"excerpt":{"rendered":"<p>Genel Ba\u015fkan\u0131m\u0131z Nihat Yurdakul: &#8220;\u00dclkede kimin y\u00fcz\u00fc emek\u00e7iye d\u00f6n\u00fckse Belediye-\u0130\u015f Sendikas\u0131 onun yan\u0131nda, kim s\u0131rt\u0131s\u0131n\u0131 d\u00f6nerse biz onun kar\u015f\u0131s\u0131nday\u0131z&#8221; Avc\u0131lar Belediyesi BATHONEA Yap\u0131 A.\u015e. ile Sendikam\u0131z aras\u0131nda 22 Haziran\u2019dan bu yana s\u00fcren toplu s\u00f6zle\u015fme g\u00f6r\u00fc\u015fmelerinde i\u015fverenin uzla\u015fmaz tutumu ve dayatmalar\u0131 nedeniyle bug\u00fcn greve \u00e7\u0131kt\u0131k. \u00dcyelerimiz, grev pankart\u0131n\u0131 BATHONEA A.\u015e&#8217;nin kap\u0131s\u0131na ast\u0131lar. Avc\u0131lar Belediye y\u00f6netiminin uzla\u015fmaz [&hellip;]<\/p>\n","protected":false},"author":3,"featured_media":3105,"comment_status":"open","ping_status":"open","sticky":false,"template":"","format":"standard","meta":{"jnews-multi-image_gallery":[],"jnews_single_post":{"source_name":"","source_url":"","via_name":"","via_url":"","override_template":"0","override":[{"template":"1","single_blog_custom":"","parallax":"1","fullscreen":"1","layout":"right-sidebar","sidebar":"default-sidebar","second_sidebar":"default-sidebar","sticky_sidebar":"1","share_position":"top","share_float_style":"share-monocrhome","show_share_counter":"1","show_view_counter":"1","show_featured":"1","show_post_meta":"1","show_post_author":"1","show_post_author_image":"1","show_post_date":"1","post_date_format":"default","post_date_format_custom":"Y\/m\/d","show_post_category":"1","show_post_reading_time":"0","post_reading_time_wpm":"300","show_zoom_button":"0","zoom_button_out_step":"2","zoom_button_in_step":"3","show_post_tag":"1","show_prev_next_post":"1","show_popup_post":"1","number_popup_post":"1","show_author_box":"0","show_post_related":"0","show_inline_post_related":"0"}],"override_image_size":"0","image_override":[{"single_post_thumbnail_size":"crop-500","single_post_gallery_size":"crop-500"}],"trending_post":"0","trending_post_position":"meta","trending_post_label":"Trending","sponsored_post":"0","sponsored_post_label":"Sponsored by","sponsored_post_name":"","sponsored_post_url":"","sponsored_post_logo_enable":"0","sponsored_post_logo":"","sponsored_post_desc":"","disable_ad":"0"},"jnews_primary_category":{"id":""},"jnews_social_meta":{"fb_title":"","fb_description":"","fb_image":"","twitter_title":"","twitter_description":"","twitter_image":""},"jnews_override_counter":{"override_view_counter":"0","view_counter_number":"0","override_share_counter":"0","share_counter_number":"0","override_like_counter":"0","like_counter_number":"0","override_dislike_counter":"0","dislike_counter_number":"0"},"footnotes":""},"categories":[1],"tags":[],"class_list":["post-3104","post","type-post","status-publish","format-standard","has-post-thumbnail","hentry","category-genel"],"_links":{"self":[{"href":"http:\/\/belediyeis.org.tr\/merkez\/wp-json\/wp\/v2\/posts\/3104","targetHints":{"allow":["GET"]}}],"collection":[{"href":"http:\/\/belediyeis.org.tr\/merkez\/wp-json\/wp\/v2\/posts"}],"about":[{"href":"http:\/\/belediyeis.org.tr\/merkez\/wp-json\/wp\/v2\/types\/post"}],"author":[{"embeddable":true,"href":"http:\/\/belediyeis.org.tr\/merkez\/wp-json\/wp\/v2\/users\/3"}],"replies":[{"embeddable":true,"href":"http:\/\/belediyeis.org.tr\/merkez\/wp-json\/wp\/v2\/comments?post=3104"}],"version-history":[{"count":1,"href":"http:\/\/belediyeis.org.tr\/merkez\/wp-json\/wp\/v2\/posts\/3104\/revisions"}],"predecessor-version":[{"id":3106,"href":"http:\/\/belediyeis.org.tr\/merkez\/wp-json\/wp\/v2\/posts\/3104\/revisions\/3106"}],"wp:featuredmedia":[{"embeddable":true,"href":"http:\/\/belediyeis.org.tr\/merkez\/wp-json\/wp\/v2\/media\/3105"}],"wp:attachment":[{"href":"http:\/\/belediyeis.org.tr\/merkez\/wp-json\/wp\/v2\/media?parent=3104"}],"wp:term":[{"taxonomy":"category","embeddable":true,"href":"http:\/\/belediyeis.org.tr\/merkez\/wp-json\/wp\/v2\/categories?post=3104"},{"taxonomy":"post_tag","embeddable":true,"href":"http:\/\/belediyeis.org.tr\/merkez\/wp-json\/wp\/v2\/tags?post=3104"}],"curies":[{"name":"wp","href":"https:\/\/api.w.org\/{rel}","templated":true}]}}