{"id":3102,"date":"2022-10-17T17:15:13","date_gmt":"2022-10-17T14:15:13","guid":{"rendered":"http:\/\/belediyeis.org.tr\/merkez\/?p=3102"},"modified":"2022-10-19T17:17:17","modified_gmt":"2022-10-19T14:17:17","slug":"rize-findiklida-belediye-is-uyelerini-baski-ve-tehditle-sendika-degistirmeye-zorlayan-emek-ve-isci-dusmanlarinin-yolu-cikmaz-sokaktir","status":"publish","type":"post","link":"http:\/\/belediyeis.org.tr\/merkez\/2022\/10\/17\/rize-findiklida-belediye-is-uyelerini-baski-ve-tehditle-sendika-degistirmeye-zorlayan-emek-ve-isci-dusmanlarinin-yolu-cikmaz-sokaktir\/","title":{"rendered":"Rize\/F\u0131nd\u0131kl\u0131\u2019da Belediye-\u0130\u015f \u00dcyelerini Bask\u0131 Ve Tehditle Sendika De\u011fi\u015ftirmeye Zorlayan, Emek Ve \u0130\u015f\u00e7i D\u00fc\u015fmanlar\u0131n\u0131n Yolu \u00c7\u0131kmaz Sokakt\u0131r"},"content":{"rendered":"<div class=\"x11i5rnm xat24cr x1mh8g0r x1vvkbs xtlvy1s x126k92a\">\n<div dir=\"auto\">31 Mart 2019\u2019da yap\u0131lan yerel se\u00e7imlerin ard\u0131ndan \u201cRize\u2019nin tek CHP\u201dli belediyesi olarak kamuoyunun g\u00fcndemine yerle\u015fen F\u0131nd\u0131kl\u0131 Belediyesi ve \u015firketlerinde, sendikam\u0131z Belediye-\u0130\u015f Mart 2024 tarihine kadar, \u00f6rg\u00fctl\u00fc ve yetkilidir.<\/div>\n<\/div>\n<div class=\"x11i5rnm xat24cr x1mh8g0r x1vvkbs xtlvy1s x126k92a\">\n<div dir=\"auto\">Belediye-\u0130\u015f, \u00fclke \u00e7ap\u0131nda \u00fcyesinden ald\u0131\u011f\u0131 g\u00fc\u00e7le, t\u00fcm bask\u0131 ve tehditlere kar\u015f\u0131n, iktidar ve muhalefet ayr\u0131m\u0131 yapmadan, ilkelerinden, m\u00fccadelesinden \u00f6d\u00fcn vermeden \u00fcyelerinin hak ve menfaatlerini korumu\u015f ve geli\u015ftirmi\u015ftir.<\/div>\n<\/div>\n<div class=\"x11i5rnm xat24cr x1mh8g0r x1vvkbs xtlvy1s x126k92a\">\n<div dir=\"auto\">Sendikam\u0131z Rize F\u0131nd\u0131kl\u0131\u2019da, CHP\u2019li bir belediyede, kendisini CHP\u2019nin de ilerisinde g\u00f6ren Ba\u015fkan Erc\u00fcment \u00c7ervato\u011flu\u2019yla da diyalogu \u00f6n plana tutsa da, Ba\u015fkan her f\u0131rsatta, i\u015fyerinde \u00f6rg\u00fctl\u00fc sendika \u201cBelediye-\u0130\u015f\u201d olsa da, kendisinin \u201cD\u0130SK\u2019li ve KESK\u2019li\u201d oldu\u011funu belirtip, toplu s\u00f6zle\u015fme s\u00fcre\u00e7lerinde de, yasa, kural tan\u0131mayan dayatmalarla gerilimler yaratm\u0131\u015ft\u0131r.<\/div>\n<div dir=\"auto\">Sendikam\u0131z, Ba\u015fkan \u00c7ervato\u011flu\u2019nun tutars\u0131z a\u00e7\u0131klamalar\u0131n\u0131 \u015fi\u015fkin egosuna, deneyimsizli\u011fine vererek, s\u00fcreci \u00e7at\u0131\u015farak de\u011fil, diyalogla a\u015fmaya \u00e7al\u0131\u015fm\u0131\u015ft\u0131r.<\/div>\n<\/div>\n<div class=\"x11i5rnm xat24cr x1mh8g0r x1vvkbs xtlvy1s x126k92a\">\n<div dir=\"auto\">HADD\u0130N\u0130 A\u015eAN, ZIDDINA D\u00d6NER.<\/div>\n<div dir=\"auto\">Makam\u0131 ve mevkii ne olursa olsun, herkes haddini, hukukunu bilmek zorundad\u0131r. Ba\u015fkan \u00c7ervato\u011flu i\u015fyerinde i\u015f\u00e7ilerle yapt\u0131\u011f\u0131 toplant\u0131da, sendika temsilcisinin sorunlar\u0131 iletti\u011fi s\u0131rada, \u00f6fke n\u00f6betleriyle ba\u011f\u0131rarak, \u00f6nce sendika temsilcisini toplant\u0131dan atmakla tehdit etmi\u015f, temsilcimizin ba\u015fkan\u0131 sayg\u0131l\u0131 olmaya davet etmesi \u00fczerine, \u201ctazminat\u0131n\u0131 \u00f6der, seni i\u015ften atar\u0131m\u201d diyerek tehditlerine devam etmi\u015ftir.<\/div>\n<\/div>\n<div class=\"x11i5rnm xat24cr x1mh8g0r x1vvkbs xtlvy1s x126k92a\">\n<div dir=\"auto\">\u00dcyelerimizi, belediyenin t\u00fcm i\u015fleri ihaleye verip, \u201ci\u015f\u00e7ilerin t\u00fcm\u00fcn\u00fc i\u015ften atmakla\u201d tehdit etmekle kalmay\u0131p, D\u0130SK\u2019in elemanl\u0131\u011f\u0131na soyunarak, \u201csendika konusunda tersten \u00f6rg\u00fctlenme yapar\u0131m, yar\u0131n herkes D\u0130SK\u2019e ge\u00e7ecek\u201d, diyerek a\u011fz\u0131ndan, beynine u\u011framadan, \u00f6fkeyle \u00e7\u0131kan s\u00f6zlerle tehditlerine devam etmi\u015ftir.<\/div>\n<\/div>\n<div class=\"x11i5rnm xat24cr x1mh8g0r x1vvkbs xtlvy1s x126k92a\">\n<div dir=\"auto\">Ertesi g\u00fcn, belediye \u00f6n\u00fcnde i\u015f\u00e7ilere i\u015f da\u011f\u0131l\u0131m\u0131 esnas\u0131nda da, \u201cherkes D\u0130SK\u2019e ge\u00e7ecek\u201d talimat\u0131 vermi\u015ftir. \u00dcyelerimiz, ba\u015fkan\u0131n hak, hukuk, adalet tan\u0131maz tavr\u0131, kontrols\u00fcz \u00f6fkesi kar\u015f\u0131s\u0131nda \u00e7aresizce, belediyenin muhasebe, su i\u015flerindeki bilgisayar\u0131 kullan\u0131larak, sendikam\u0131zdan istifa edip, ba\u015fkan\u0131n elemanlar\u0131 taraf\u0131ndan bask\u0131 ve tehditle D\u0130SK\/Genel-\u0130\u015f\u2019e \u00fcye yap\u0131lm\u0131\u015ft\u0131r.<\/div>\n<\/div>\n<div class=\"x11i5rnm xat24cr x1mh8g0r x1vvkbs xtlvy1s x126k92a\">\n<div dir=\"auto\">Ba\u015fkan \u00c7ervato\u011flu\u2019nun \u00fcyelerimizi i\u015ften atarak, tehditle D\u0130SK\/Genel-\u0130\u015f\u2019e \u00fcye olmaya zorlamas\u0131 T\u00fcrk Ceza Kanunu\u2019na g\u00f6re su\u00e7tur.<\/div>\n<div dir=\"auto\">Sendikam\u0131z da 03.10.2022 tarihinde saat 16:00\u2019da gere\u011fini yaparak, Cumhuriyet Savc\u0131l\u0131\u011f\u0131na su\u00e7 duyurusunda bulunmu\u015ftur. Ba\u015fkan su\u00e7 duyurusu haberini al\u0131r almaz, bitmeyen \u00f6fkesiyle, mesai bitmesine ra\u011fmen, muhasebe yetkilisini evinden \u00e7a\u011f\u0131r\u0131p, ayn\u0131 g\u00fcn saat 18:12\u2019de sistem \u00fczerinden temsilcimizi \u00f6nceki bir tarihten i\u015ften atm\u0131\u015ft\u0131r.<\/div>\n<\/div>\n<div class=\"x11i5rnm xat24cr x1mh8g0r x1vvkbs xtlvy1s x126k92a\">\n<div dir=\"auto\">KESK\u0130N S\u0130RKE K\u00dcP\u00dcNE ZARAR.<\/div>\n<div dir=\"auto\">Sendikam\u0131z bu s\u00fcre\u00e7te ya\u015fananlar\u0131 Ba\u015fkan \u00c7ervato\u011flu\u2019nun \u00fcyesi oldu\u011fu partinin Rize \u0130l Ba\u015fkan\u0131 Saltuk Deniz\u2019e, F\u0131nd\u0131kl\u0131 \u0130l\u00e7e ba\u015fkan\u0131 Kadirhan Kad\u0131o\u011flu\u2019na iletmesine ra\u011fmen ilgililer, ilgisizli\u011fe devam etmi\u015ftir.<\/div>\n<\/div>\n<div class=\"x11i5rnm xat24cr x1mh8g0r x1vvkbs xtlvy1s x126k92a\">\n<div dir=\"auto\">Sendikalar demokrasinin temel ta\u015f\u0131d\u0131r. Demokrasi de sadece niyetle, s\u00f6zle de\u011fil kurumlarla ya\u015far, geli\u015fir. A\u011fz\u0131ndan hak, hukuk, adaleti d\u00fc\u015f\u00fcrmeyenlerin, kendisini CHP\u2019nin de ilerisinde dev aynas\u0131nda g\u00f6renlerin, sendikaya, i\u015f\u00e7ilerin temsilcisine sayg\u0131l\u0131 olmas\u0131, emek\u00e7ilerle nas\u0131l konu\u015faca\u011f\u0131n\u0131, onlar\u0131n kendisinin k\u00f6lesi, paryas\u0131 olmad\u0131\u011f\u0131n\u0131 bilmesi gerekir.<\/div>\n<\/div>\n<div class=\"x11i5rnm xat24cr x1mh8g0r x1vvkbs xtlvy1s x126k92a\">\n<div dir=\"auto\">Belediye-\u0130\u015f, i\u015f\u00e7i ile i\u015fverenin ayn\u0131 trende oldu\u011funun bilincindedir, ancak ayn\u0131 trende olmak, herkesi ayn\u0131 yolun yolcusu yapmaz.<\/div>\n<div dir=\"auto\">Biz; emek, adalet, hak, hukuk ve demokrasi yolunun yolcusu olmaya devam edece\u011fiz.<\/div>\n<div dir=\"auto\">\u0130\u015f\u00e7isiyle kavgal\u0131 olan, emek ve i\u015f\u00e7i d\u00fc\u015fmanlar\u0131n\u0131n yolu her zaman \u00e7\u0131kmaz sokakt\u0131r.<\/div>\n<\/div>\n","protected":false},"excerpt":{"rendered":"<p>31 Mart 2019\u2019da yap\u0131lan yerel se\u00e7imlerin ard\u0131ndan \u201cRize\u2019nin tek CHP\u201dli belediyesi olarak kamuoyunun g\u00fcndemine yerle\u015fen F\u0131nd\u0131kl\u0131 Belediyesi ve \u015firketlerinde, sendikam\u0131z Belediye-\u0130\u015f Mart 2024 tarihine kadar, \u00f6rg\u00fctl\u00fc ve yetkilidir. Belediye-\u0130\u015f, \u00fclke \u00e7ap\u0131nda \u00fcyesinden ald\u0131\u011f\u0131 g\u00fc\u00e7le, t\u00fcm bask\u0131 ve tehditlere kar\u015f\u0131n, iktidar ve muhalefet ayr\u0131m\u0131 yapmadan, ilkelerinden, m\u00fccadelesinden \u00f6d\u00fcn vermeden \u00fcyelerinin hak ve menfaatlerini korumu\u015f ve geli\u015ftirmi\u015ftir. [&hellip;]<\/p>\n","protected":false},"author":3,"featured_media":2504,"comment_status":"open","ping_status":"open","sticky":false,"template":"","format":"standard","meta":{"jnews-multi-image_gallery":[],"jnews_single_post":{"source_name":"","source_url":"","via_name":"","via_url":"","override_template":"0","override":[{"template":"1","single_blog_custom":"","parallax":"1","fullscreen":"1","layout":"right-sidebar","sidebar":"default-sidebar","second_sidebar":"default-sidebar","sticky_sidebar":"1","share_position":"top","share_float_style":"share-monocrhome","show_share_counter":"1","show_view_counter":"1","show_featured":"1","show_post_meta":"1","show_post_author":"1","show_post_author_image":"1","show_post_date":"1","post_date_format":"default","post_date_format_custom":"Y\/m\/d","show_post_category":"1","show_post_reading_time":"0","post_reading_time_wpm":"300","show_zoom_button":"0","zoom_button_out_step":"2","zoom_button_in_step":"3","show_post_tag":"1","show_prev_next_post":"1","show_popup_post":"1","number_popup_post":"1","show_author_box":"0","show_post_related":"0","show_inline_post_related":"0"}],"override_image_size":"0","image_override":[{"single_post_thumbnail_size":"crop-500","single_post_gallery_size":"crop-500"}],"trending_post":"0","trending_post_position":"meta","trending_post_label":"Trending","sponsored_post":"0","sponsored_post_label":"Sponsored by","sponsored_post_name":"","sponsored_post_url":"","sponsored_post_logo_enable":"0","sponsored_post_logo":"","sponsored_post_desc":"","disable_ad":"0"},"jnews_primary_category":{"id":""},"jnews_social_meta":{"fb_title":"","fb_description":"","fb_image":"","twitter_title":"","twitter_description":"","twitter_image":""},"jnews_override_counter":{"override_view_counter":"0","view_counter_number":"0","override_share_counter":"0","share_counter_number":"0","override_like_counter":"0","like_counter_number":"0","override_dislike_counter":"0","dislike_counter_number":"0"},"footnotes":""},"categories":[1],"tags":[],"class_list":["post-3102","post","type-post","status-publish","format-standard","has-post-thumbnail","hentry","category-genel"],"_links":{"self":[{"href":"http:\/\/belediyeis.org.tr\/merkez\/wp-json\/wp\/v2\/posts\/3102","targetHints":{"allow":["GET"]}}],"collection":[{"href":"http:\/\/belediyeis.org.tr\/merkez\/wp-json\/wp\/v2\/posts"}],"about":[{"href":"http:\/\/belediyeis.org.tr\/merkez\/wp-json\/wp\/v2\/types\/post"}],"author":[{"embeddable":true,"href":"http:\/\/belediyeis.org.tr\/merkez\/wp-json\/wp\/v2\/users\/3"}],"replies":[{"embeddable":true,"href":"http:\/\/belediyeis.org.tr\/merkez\/wp-json\/wp\/v2\/comments?post=3102"}],"version-history":[{"count":1,"href":"http:\/\/belediyeis.org.tr\/merkez\/wp-json\/wp\/v2\/posts\/3102\/revisions"}],"predecessor-version":[{"id":3103,"href":"http:\/\/belediyeis.org.tr\/merkez\/wp-json\/wp\/v2\/posts\/3102\/revisions\/3103"}],"wp:featuredmedia":[{"embeddable":true,"href":"http:\/\/belediyeis.org.tr\/merkez\/wp-json\/wp\/v2\/media\/2504"}],"wp:attachment":[{"href":"http:\/\/belediyeis.org.tr\/merkez\/wp-json\/wp\/v2\/media?parent=3102"}],"wp:term":[{"taxonomy":"category","embeddable":true,"href":"http:\/\/belediyeis.org.tr\/merkez\/wp-json\/wp\/v2\/categories?post=3102"},{"taxonomy":"post_tag","embeddable":true,"href":"http:\/\/belediyeis.org.tr\/merkez\/wp-json\/wp\/v2\/tags?post=3102"}],"curies":[{"name":"wp","href":"https:\/\/api.w.org\/{rel}","templated":true}]}}