{"id":3095,"date":"2022-10-15T11:00:53","date_gmt":"2022-10-15T08:00:53","guid":{"rendered":"http:\/\/belediyeis.org.tr\/merkez\/?p=3095"},"modified":"2022-10-19T17:14:14","modified_gmt":"2022-10-19T14:14:14","slug":"yine-is-cinayeti-yine-ihmal-yine-gorevi-kotuye-kullanma","status":"publish","type":"post","link":"http:\/\/belediyeis.org.tr\/merkez\/2022\/10\/15\/yine-is-cinayeti-yine-ihmal-yine-gorevi-kotuye-kullanma\/","title":{"rendered":"Yine \u0130\u015f Cinayeti, Yine \u0130hmal, Yine G\u00f6revi K\u00f6t\u00fcye Kullanma\u2026"},"content":{"rendered":"<div class=\"x11i5rnm xat24cr x1mh8g0r x1vvkbs xtlvy1s x126k92a\">\n<div dir=\"auto\">Bart\u0131n&#8217;\u0131n Amasra il\u00e7esinde T\u00fcrkiye Ta\u015fk\u00f6m\u00fcr\u00fc Kurumu Amasra M\u00fcessese M\u00fcd\u00fcrl\u00fc\u011f\u00fc maden oca\u011f\u0131nda 14 Ekim Cuma g\u00fcn\u00fc saat 18:45 s\u0131ralar\u0131nda 110 i\u015f\u00e7inin mesaide oldu\u011fu s\u0131rada meydana gelen &#8220;grizu patlamas\u0131&#8221; sonucu, 15 yak\u0131n i\u015f\u00e7inin madende mahsur kald\u0131\u011f\u0131, 41 i\u015f\u00e7inin hayat\u0131n\u0131 kaybetti\u011fi, onlarca i\u015f\u00e7inin yaral\u0131 oldu\u011fu a\u00e7\u0131kland\u0131.<\/div>\n<\/div>\n<div class=\"x11i5rnm xat24cr x1mh8g0r x1vvkbs xtlvy1s x126k92a\">\n<div dir=\"auto\">Say\u0131\u015ftay&#8217;\u0131n TTK 2019 Y\u0131l\u0131 Denetim Raporu&#8217;nda, i\u015f cinayetinin ya\u015fand\u0131\u011f\u0131 -300 metre kotu i\u00e7in, \u201c\u00e7al\u0131\u015f\u0131lan damarlarda gaz i\u00e7eriklerinin y\u00fcksek oldu\u011fu, ani gaz degaj\u0131 ve grizu patlama riski art\u0131yor\u201d uyar\u0131s\u0131na ra\u011fmen, uyar\u0131lar\u0131n yeterli ve etkili bir \u015fekilde yerine getirilmedi\u011fi a\u00e7\u0131kt\u0131r.<\/div>\n<div dir=\"auto\">Bu nedenle kim ne derse desin, tedbiri almayan\u0131n tevekk\u00fcle s\u0131\u011f\u0131nmas\u0131n\u0131n bir anlam\u0131 yoktur. Ya\u015fanan bir kaza, f\u0131trat, kader de\u011fil, i\u015f cinayetidir. Bu i\u015f cinayetinin sorumlular\u0131 bellidir.<\/div>\n<\/div>\n<div class=\"x11i5rnm xat24cr x1mh8g0r x1vvkbs xtlvy1s x126k92a\">\n<div dir=\"auto\">Bu katliam\u0131n sorumlular\u0131 Say\u0131\u015ftay\u2019\u0131n 2019 Raporundaki &#8220;grizu patlamas\u0131&#8221; uyar\u0131s\u0131n\u0131 dikkate almayarak, g\u00f6revini ihmal ederek, geciktirerek, g\u00f6revlerini k\u00f6t\u00fcye kullanan, en alt d\u00fczeyden en \u00fcst d\u00fczeye kadar kamu g\u00f6revlileridir.<\/div>\n<\/div>\n<div class=\"x11i5rnm xat24cr x1mh8g0r x1vvkbs xtlvy1s x126k92a\">\n<div dir=\"auto\">\u0130\u015f cinayetine kurban giden emek\u00e7ilere Allahtan rahmet, yaral\u0131lara acil \u015fifalar dilerken, halen madende mahsur kalan emek\u00e7ilerin de sa\u011fl\u0131kl\u0131 bir \u015fekilde sevdiklerine kavu\u015fmalar\u0131n\u0131 diliyoruz. 15.10.2022<\/div>\n<div dir=\"auto\">Belediye-\u0130\u015f Sendikas\u0131<\/div>\n<\/div>\n","protected":false},"excerpt":{"rendered":"<p>Bart\u0131n&#8217;\u0131n Amasra il\u00e7esinde T\u00fcrkiye Ta\u015fk\u00f6m\u00fcr\u00fc Kurumu Amasra M\u00fcessese M\u00fcd\u00fcrl\u00fc\u011f\u00fc maden oca\u011f\u0131nda 14 Ekim Cuma g\u00fcn\u00fc saat 18:45 s\u0131ralar\u0131nda 110 i\u015f\u00e7inin mesaide oldu\u011fu s\u0131rada meydana gelen &#8220;grizu patlamas\u0131&#8221; sonucu, 15 yak\u0131n i\u015f\u00e7inin madende mahsur kald\u0131\u011f\u0131, 41 i\u015f\u00e7inin hayat\u0131n\u0131 kaybetti\u011fi, onlarca i\u015f\u00e7inin yaral\u0131 oldu\u011fu a\u00e7\u0131kland\u0131. Say\u0131\u015ftay&#8217;\u0131n TTK 2019 Y\u0131l\u0131 Denetim Raporu&#8217;nda, i\u015f cinayetinin ya\u015fand\u0131\u011f\u0131 -300 metre kotu [&hellip;]<\/p>\n","protected":false},"author":3,"featured_media":3096,"comment_status":"open","ping_status":"open","sticky":false,"template":"","format":"standard","meta":{"jnews-multi-image_gallery":[],"jnews_single_post":{"source_name":"","source_url":"","via_name":"","via_url":"","override_template":"0","override":[{"template":"1","single_blog_custom":"","parallax":"1","fullscreen":"1","layout":"right-sidebar","sidebar":"default-sidebar","second_sidebar":"default-sidebar","sticky_sidebar":"1","share_position":"top","share_float_style":"share-monocrhome","show_share_counter":"1","show_view_counter":"1","show_featured":"1","show_post_meta":"1","show_post_author":"1","show_post_author_image":"1","show_post_date":"1","post_date_format":"default","post_date_format_custom":"Y\/m\/d","show_post_category":"1","show_post_reading_time":"0","post_reading_time_wpm":"300","show_zoom_button":"0","zoom_button_out_step":"2","zoom_button_in_step":"3","show_post_tag":"1","show_prev_next_post":"1","show_popup_post":"1","number_popup_post":"1","show_author_box":"0","show_post_related":"0","show_inline_post_related":"0"}],"override_image_size":"0","image_override":[{"single_post_thumbnail_size":"crop-500","single_post_gallery_size":"crop-500"}],"trending_post":"0","trending_post_position":"meta","trending_post_label":"Trending","sponsored_post":"0","sponsored_post_label":"Sponsored by","sponsored_post_name":"","sponsored_post_url":"","sponsored_post_logo_enable":"0","sponsored_post_logo":"","sponsored_post_desc":"","disable_ad":"0"},"jnews_primary_category":{"id":""},"jnews_social_meta":{"fb_title":"","fb_description":"","fb_image":"","twitter_title":"","twitter_description":"","twitter_image":""},"jnews_override_counter":{"override_view_counter":"0","view_counter_number":"0","override_share_counter":"0","share_counter_number":"0","override_like_counter":"0","like_counter_number":"0","override_dislike_counter":"0","dislike_counter_number":"0"},"footnotes":""},"categories":[1],"tags":[],"class_list":["post-3095","post","type-post","status-publish","format-standard","has-post-thumbnail","hentry","category-genel"],"_links":{"self":[{"href":"http:\/\/belediyeis.org.tr\/merkez\/wp-json\/wp\/v2\/posts\/3095","targetHints":{"allow":["GET"]}}],"collection":[{"href":"http:\/\/belediyeis.org.tr\/merkez\/wp-json\/wp\/v2\/posts"}],"about":[{"href":"http:\/\/belediyeis.org.tr\/merkez\/wp-json\/wp\/v2\/types\/post"}],"author":[{"embeddable":true,"href":"http:\/\/belediyeis.org.tr\/merkez\/wp-json\/wp\/v2\/users\/3"}],"replies":[{"embeddable":true,"href":"http:\/\/belediyeis.org.tr\/merkez\/wp-json\/wp\/v2\/comments?post=3095"}],"version-history":[{"count":2,"href":"http:\/\/belediyeis.org.tr\/merkez\/wp-json\/wp\/v2\/posts\/3095\/revisions"}],"predecessor-version":[{"id":3101,"href":"http:\/\/belediyeis.org.tr\/merkez\/wp-json\/wp\/v2\/posts\/3095\/revisions\/3101"}],"wp:featuredmedia":[{"embeddable":true,"href":"http:\/\/belediyeis.org.tr\/merkez\/wp-json\/wp\/v2\/media\/3096"}],"wp:attachment":[{"href":"http:\/\/belediyeis.org.tr\/merkez\/wp-json\/wp\/v2\/media?parent=3095"}],"wp:term":[{"taxonomy":"category","embeddable":true,"href":"http:\/\/belediyeis.org.tr\/merkez\/wp-json\/wp\/v2\/categories?post=3095"},{"taxonomy":"post_tag","embeddable":true,"href":"http:\/\/belediyeis.org.tr\/merkez\/wp-json\/wp\/v2\/tags?post=3095"}],"curies":[{"name":"wp","href":"https:\/\/api.w.org\/{rel}","templated":true}]}}