{"id":3067,"date":"2022-09-27T13:54:05","date_gmt":"2022-09-27T10:54:05","guid":{"rendered":"http:\/\/belediyeis.org.tr\/merkez\/?p=3067"},"modified":"2022-09-27T13:54:05","modified_gmt":"2022-09-27T10:54:05","slug":"avcilar-belediyesine-grev-kararimizi-astik","status":"publish","type":"post","link":"http:\/\/belediyeis.org.tr\/merkez\/2022\/09\/27\/avcilar-belediyesine-grev-kararimizi-astik\/","title":{"rendered":"Avc\u0131lar Belediyesi&#8217;ne Grev Karar\u0131m\u0131z\u0131 Ast\u0131k"},"content":{"rendered":"<div class=\"l7ghb35v kjdc1dyq kmwttqpk gh25dzvf jikcssrz n3t5jt4f\">\n<div dir=\"auto\">Sendikam\u0131z ile Avc\u0131lar Belediyesi BATHONEA Yap\u0131 A.\u015e. aras\u0131nda y\u00fcr\u00fct\u00fclen toplu i\u015f s\u00f6zle\u015fmesi g\u00f6r\u00fc\u015fmeleri, belediye y\u00f6netiminin s\u00fcrd\u00fcrd\u00fc\u011f\u00fc uzla\u015fmaz tutum nedeniyle uyu\u015fmazl\u0131kla sonu\u00e7lanm\u0131\u015ft\u0131. Yasal s\u00fcrecin devam\u0131 olarak bug\u00fcn Avc\u0131lar Belediyesi\u2019ne grev karar\u0131n\u0131 ast\u0131k.<\/div>\n<div dir=\"auto\"><\/div>\n<\/div>\n<div class=\"l7ghb35v kjdc1dyq kmwttqpk gh25dzvf jikcssrz n3t5jt4f\">\n<div dir=\"auto\">S\u00fcrecin ba\u015f\u0131ndan beri iyi niyetli \u00e7abalar\u0131m\u0131z, toplu s\u00f6zle\u015fmenin masada bitmesi i\u00e7in verdi\u011fimiz u\u011fra\u015f ne yaz\u0131k ki belediye y\u00f6netiminde kar\u015f\u0131l\u0131k bulmad\u0131. Avc\u0131lar Belediyesi\u2019nde ge\u00e7en y\u00f6netim d\u00f6neminde b\u00fcy\u00fck m\u00fccadeleler verdik ve bug\u00fcnk\u00fc kazan\u0131mlar\u0131m\u0131z\u0131 elde ettik. D\u00fcn verdi\u011fimiz m\u00fccadeleyi bug\u00fcn de vermeye haz\u0131r\u0131z. Kimsenin bundan \u015f\u00fcphesi olmas\u0131n.<\/div>\n<div dir=\"auto\"><\/div>\n<\/div>\n<div class=\"l7ghb35v kjdc1dyq kmwttqpk gh25dzvf jikcssrz n3t5jt4f\">\n<div dir=\"auto\">Avc\u0131lar i\u015f\u00e7isine \u2018ya a\u00e7l\u0131k ya da i\u015fsizlik\u2019 dayatmas\u0131n\u0131 yapan bu anlay\u0131\u015f\u0131 reddediyoruz. Avc\u0131lar Belediyesi y\u00f6netimi, hayat pahal\u0131l\u0131\u011f\u0131n\u0131n ak\u0131l almaz boyutlara \u00e7\u0131kt\u0131\u011f\u0131 bug\u00fcnlerde uzla\u015fmaz tavr\u0131n\u0131 bir kenara b\u0131rakmal\u0131 ve toplu s\u00f6zle\u015fmenin masada bitmesi i\u00e7in \u00fczerine d\u00fc\u015feni yapmal\u0131d\u0131r. Biz, toplu s\u00f6zle\u015fmenin masada anla\u015fmayla bitmesini istiyoruz.<\/div>\n<\/div>\n","protected":false},"excerpt":{"rendered":"<p>Sendikam\u0131z ile Avc\u0131lar Belediyesi BATHONEA Yap\u0131 A.\u015e. aras\u0131nda y\u00fcr\u00fct\u00fclen toplu i\u015f s\u00f6zle\u015fmesi g\u00f6r\u00fc\u015fmeleri, belediye y\u00f6netiminin s\u00fcrd\u00fcrd\u00fc\u011f\u00fc uzla\u015fmaz tutum nedeniyle uyu\u015fmazl\u0131kla sonu\u00e7lanm\u0131\u015ft\u0131. Yasal s\u00fcrecin devam\u0131 olarak bug\u00fcn Avc\u0131lar Belediyesi\u2019ne grev karar\u0131n\u0131 ast\u0131k. S\u00fcrecin ba\u015f\u0131ndan beri iyi niyetli \u00e7abalar\u0131m\u0131z, toplu s\u00f6zle\u015fmenin masada bitmesi i\u00e7in verdi\u011fimiz u\u011fra\u015f ne yaz\u0131k ki belediye y\u00f6netiminde kar\u015f\u0131l\u0131k bulmad\u0131. Avc\u0131lar Belediyesi\u2019nde ge\u00e7en y\u00f6netim [&hellip;]<\/p>\n","protected":false},"author":3,"featured_media":3068,"comment_status":"open","ping_status":"open","sticky":false,"template":"","format":"standard","meta":{"jnews-multi-image_gallery":[],"jnews_single_post":{"source_name":"","source_url":"","via_name":"","via_url":"","override_template":"0","override":[{"template":"1","single_blog_custom":"","parallax":"1","fullscreen":"1","layout":"right-sidebar","sidebar":"default-sidebar","second_sidebar":"default-sidebar","sticky_sidebar":"1","share_position":"top","share_float_style":"share-monocrhome","show_share_counter":"1","show_view_counter":"1","show_featured":"1","show_post_meta":"1","show_post_author":"1","show_post_author_image":"1","show_post_date":"1","post_date_format":"default","post_date_format_custom":"Y\/m\/d","show_post_category":"1","show_post_reading_time":"0","post_reading_time_wpm":"300","show_zoom_button":"0","zoom_button_out_step":"2","zoom_button_in_step":"3","show_post_tag":"1","show_prev_next_post":"1","show_popup_post":"1","number_popup_post":"1","show_author_box":"0","show_post_related":"0","show_inline_post_related":"0"}],"override_image_size":"0","image_override":[{"single_post_thumbnail_size":"crop-500","single_post_gallery_size":"crop-500"}],"trending_post":"0","trending_post_position":"meta","trending_post_label":"Trending","sponsored_post":"0","sponsored_post_label":"Sponsored by","sponsored_post_name":"","sponsored_post_url":"","sponsored_post_logo_enable":"0","sponsored_post_logo":"","sponsored_post_desc":"","disable_ad":"0"},"jnews_primary_category":{"id":""},"jnews_social_meta":{"fb_title":"","fb_description":"","fb_image":"","twitter_title":"","twitter_description":"","twitter_image":""},"jnews_override_counter":{"override_view_counter":"0","view_counter_number":"0","override_share_counter":"0","share_counter_number":"0","override_like_counter":"0","like_counter_number":"0","override_dislike_counter":"0","dislike_counter_number":"0"},"footnotes":""},"categories":[1],"tags":[],"class_list":["post-3067","post","type-post","status-publish","format-standard","has-post-thumbnail","hentry","category-genel"],"_links":{"self":[{"href":"http:\/\/belediyeis.org.tr\/merkez\/wp-json\/wp\/v2\/posts\/3067","targetHints":{"allow":["GET"]}}],"collection":[{"href":"http:\/\/belediyeis.org.tr\/merkez\/wp-json\/wp\/v2\/posts"}],"about":[{"href":"http:\/\/belediyeis.org.tr\/merkez\/wp-json\/wp\/v2\/types\/post"}],"author":[{"embeddable":true,"href":"http:\/\/belediyeis.org.tr\/merkez\/wp-json\/wp\/v2\/users\/3"}],"replies":[{"embeddable":true,"href":"http:\/\/belediyeis.org.tr\/merkez\/wp-json\/wp\/v2\/comments?post=3067"}],"version-history":[{"count":1,"href":"http:\/\/belediyeis.org.tr\/merkez\/wp-json\/wp\/v2\/posts\/3067\/revisions"}],"predecessor-version":[{"id":3069,"href":"http:\/\/belediyeis.org.tr\/merkez\/wp-json\/wp\/v2\/posts\/3067\/revisions\/3069"}],"wp:featuredmedia":[{"embeddable":true,"href":"http:\/\/belediyeis.org.tr\/merkez\/wp-json\/wp\/v2\/media\/3068"}],"wp:attachment":[{"href":"http:\/\/belediyeis.org.tr\/merkez\/wp-json\/wp\/v2\/media?parent=3067"}],"wp:term":[{"taxonomy":"category","embeddable":true,"href":"http:\/\/belediyeis.org.tr\/merkez\/wp-json\/wp\/v2\/categories?post=3067"},{"taxonomy":"post_tag","embeddable":true,"href":"http:\/\/belediyeis.org.tr\/merkez\/wp-json\/wp\/v2\/tags?post=3067"}],"curies":[{"name":"wp","href":"https:\/\/api.w.org\/{rel}","templated":true}]}}