{"id":3033,"date":"2022-08-29T17:38:10","date_gmt":"2022-08-29T14:38:10","guid":{"rendered":"http:\/\/belediyeis.org.tr\/merkez\/?p=3033"},"modified":"2022-08-29T17:39:32","modified_gmt":"2022-08-29T14:39:32","slug":"30-agustos-zafer-bayramimiz-kutlu-olsun-4","status":"publish","type":"post","link":"http:\/\/belediyeis.org.tr\/merkez\/2022\/08\/29\/30-agustos-zafer-bayramimiz-kutlu-olsun-4\/","title":{"rendered":"30 A\u011fustos Zafer Bayram\u0131m\u0131z Kutlu Olsun"},"content":{"rendered":"<p>T\u00fcrkiye Cumhuriyeti\u2019nin temellerinin at\u0131ld\u0131\u011f\u0131 30 A\u011fustos Zafer Bayram\u0131m\u0131z\u0131n 100. y\u0131l\u0131 kutlu olsun. Nice 100 Y\u0131llara&#8230;<\/p>\n<p>Cumhuriyetimizin 100. Y\u0131l\u0131na do\u011fru laik, demokratik, \u00e7a\u011fda\u015f, hukuk devletine sahip \u00e7\u0131kma kararl\u0131l\u0131\u011f\u0131yla;<\/p>\n<p>Ba\u015fta Ba\u015fkomutan Mustafa Kemal Atat\u00fcrk olmak \u00fczere t\u00fcm Milli M\u00fccadele kahramanlar\u0131m\u0131z\u0131 sayg\u0131 ve minnetle an\u0131yoruz.<\/p>\n<p>Belediye-\u0130\u015f Sendikas\u0131 Genel Y\u00f6netim Kurulu<\/p>\n<p><img fetchpriority=\"high\" decoding=\"async\" class=\"alignnone size-medium wp-image-3036\" src=\"http:\/\/belediyeis.org.tr\/merkez\/wp-content\/uploads\/2022\/08\/30-agustos_jpeg-260x300.jpg\" alt=\"\" width=\"260\" height=\"300\" srcset=\"http:\/\/belediyeis.org.tr\/merkez\/wp-content\/uploads\/2022\/08\/30-agustos_jpeg-260x300.jpg 260w, http:\/\/belediyeis.org.tr\/merkez\/wp-content\/uploads\/2022\/08\/30-agustos_jpeg-887x1024.jpg 887w, http:\/\/belediyeis.org.tr\/merkez\/wp-content\/uploads\/2022\/08\/30-agustos_jpeg-768x887.jpg 768w, http:\/\/belediyeis.org.tr\/merkez\/wp-content\/uploads\/2022\/08\/30-agustos_jpeg-1331x1536.jpg 1331w, http:\/\/belediyeis.org.tr\/merkez\/wp-content\/uploads\/2022\/08\/30-agustos_jpeg-750x866.jpg 750w, http:\/\/belediyeis.org.tr\/merkez\/wp-content\/uploads\/2022\/08\/30-agustos_jpeg-1140x1316.jpg 1140w, http:\/\/belediyeis.org.tr\/merkez\/wp-content\/uploads\/2022\/08\/30-agustos_jpeg.jpg 1535w\" sizes=\"(max-width: 260px) 100vw, 260px\" \/><\/p>\n","protected":false},"excerpt":{"rendered":"<p>T\u00fcrkiye Cumhuriyeti\u2019nin temellerinin at\u0131ld\u0131\u011f\u0131 30 A\u011fustos Zafer Bayram\u0131m\u0131z\u0131n 100. y\u0131l\u0131 kutlu olsun. Nice 100 Y\u0131llara&#8230; Cumhuriyetimizin 100. Y\u0131l\u0131na do\u011fru laik, demokratik, \u00e7a\u011fda\u015f, hukuk devletine sahip \u00e7\u0131kma kararl\u0131l\u0131\u011f\u0131yla; Ba\u015fta Ba\u015fkomutan Mustafa Kemal Atat\u00fcrk olmak \u00fczere t\u00fcm Milli M\u00fccadele kahramanlar\u0131m\u0131z\u0131 sayg\u0131 ve minnetle an\u0131yoruz. Belediye-\u0130\u015f Sendikas\u0131 Genel Y\u00f6netim Kurulu<\/p>\n","protected":false},"author":3,"featured_media":3034,"comment_status":"open","ping_status":"open","sticky":false,"template":"","format":"standard","meta":{"jnews-multi-image_gallery":[],"jnews_single_post":{"source_name":"","source_url":"","via_name":"","via_url":"","override_template":"0","override":[{"template":"1","single_blog_custom":"","parallax":"1","fullscreen":"1","layout":"right-sidebar","sidebar":"default-sidebar","second_sidebar":"default-sidebar","sticky_sidebar":"1","share_position":"top","share_float_style":"share-monocrhome","show_share_counter":"1","show_view_counter":"1","show_featured":"1","show_post_meta":"1","show_post_author":"1","show_post_author_image":"1","show_post_date":"1","post_date_format":"default","post_date_format_custom":"Y\/m\/d","show_post_category":"1","show_post_reading_time":"0","post_reading_time_wpm":"300","show_zoom_button":"0","zoom_button_out_step":"2","zoom_button_in_step":"3","show_post_tag":"1","show_prev_next_post":"1","show_popup_post":"1","number_popup_post":"1","show_author_box":"0","show_post_related":"0","show_inline_post_related":"0"}],"override_image_size":"0","image_override":[{"single_post_thumbnail_size":"crop-500","single_post_gallery_size":"crop-500"}],"trending_post":"0","trending_post_position":"meta","trending_post_label":"Trending","sponsored_post":"0","sponsored_post_label":"Sponsored by","sponsored_post_name":"","sponsored_post_url":"","sponsored_post_logo_enable":"0","sponsored_post_logo":"","sponsored_post_desc":"","disable_ad":"0"},"jnews_primary_category":{"id":""},"jnews_social_meta":{"fb_title":"","fb_description":"","fb_image":"","twitter_title":"","twitter_description":"","twitter_image":""},"jnews_override_counter":{"override_view_counter":"0","view_counter_number":"0","override_share_counter":"0","share_counter_number":"0","override_like_counter":"0","like_counter_number":"0","override_dislike_counter":"0","dislike_counter_number":"0"},"footnotes":""},"categories":[1],"tags":[145],"class_list":["post-3033","post","type-post","status-publish","format-standard","has-post-thumbnail","hentry","category-genel","tag-30-agustos"],"_links":{"self":[{"href":"http:\/\/belediyeis.org.tr\/merkez\/wp-json\/wp\/v2\/posts\/3033","targetHints":{"allow":["GET"]}}],"collection":[{"href":"http:\/\/belediyeis.org.tr\/merkez\/wp-json\/wp\/v2\/posts"}],"about":[{"href":"http:\/\/belediyeis.org.tr\/merkez\/wp-json\/wp\/v2\/types\/post"}],"author":[{"embeddable":true,"href":"http:\/\/belediyeis.org.tr\/merkez\/wp-json\/wp\/v2\/users\/3"}],"replies":[{"embeddable":true,"href":"http:\/\/belediyeis.org.tr\/merkez\/wp-json\/wp\/v2\/comments?post=3033"}],"version-history":[{"count":2,"href":"http:\/\/belediyeis.org.tr\/merkez\/wp-json\/wp\/v2\/posts\/3033\/revisions"}],"predecessor-version":[{"id":3037,"href":"http:\/\/belediyeis.org.tr\/merkez\/wp-json\/wp\/v2\/posts\/3033\/revisions\/3037"}],"wp:featuredmedia":[{"embeddable":true,"href":"http:\/\/belediyeis.org.tr\/merkez\/wp-json\/wp\/v2\/media\/3034"}],"wp:attachment":[{"href":"http:\/\/belediyeis.org.tr\/merkez\/wp-json\/wp\/v2\/media?parent=3033"}],"wp:term":[{"taxonomy":"category","embeddable":true,"href":"http:\/\/belediyeis.org.tr\/merkez\/wp-json\/wp\/v2\/categories?post=3033"},{"taxonomy":"post_tag","embeddable":true,"href":"http:\/\/belediyeis.org.tr\/merkez\/wp-json\/wp\/v2\/tags?post=3033"}],"curies":[{"name":"wp","href":"https:\/\/api.w.org\/{rel}","templated":true}]}}