{"id":3024,"date":"2022-08-17T09:44:11","date_gmt":"2022-08-17T06:44:11","guid":{"rendered":"http:\/\/belediyeis.org.tr\/merkez\/?p=3024"},"modified":"2022-08-17T09:49:27","modified_gmt":"2022-08-17T06:49:27","slug":"unutmadik-unutturmayacagiz","status":"publish","type":"post","link":"http:\/\/belediyeis.org.tr\/merkez\/2022\/08\/17\/unutmadik-unutturmayacagiz\/","title":{"rendered":"Unutmad\u0131k, unutturmayaca\u011f\u0131z\u2026"},"content":{"rendered":"<div>\n<div class=\"\" dir=\"auto\">\n<div id=\"jsc_c_7b\" class=\"ecm0bbzt hv4rvrfc ihqw7lf3 dati1w0a\" data-ad-comet-preview=\"message\" data-ad-preview=\"message\">\n<div class=\"j83agx80 cbu4d94t ew0dbk1b irj2b8pg\">\n<div class=\"qzhwtbm6 knvmm38d\">\n<div class=\"kvgmc6g5 cxmmr5t8 oygrvhab hcukyx3x c1et5uql ii04i59q\">\n<div dir=\"auto\">Bug\u00fcn 17 A\u011fustos\u2026 Kocaeli, G\u00f6lc\u00fck, D\u00fczce, Sakarya, \u0130stanbul ve Yalova\u2019y\u0131 y\u0131k\u0131p ge\u00e7en, 17 bin 480 insan\u0131m\u0131z\u0131 can\u0131ndan eden, binlerce ki\u015fiyi yaralayan, onlarca ki\u015fiyi evinden yurdundan eden 7,4 b\u00fcy\u00fckl\u00fc\u011f\u00fcndeki b\u00fcy\u00fck Marmara depreminin y\u0131ld\u00f6n\u00fcm\u00fc.<\/div>\n<\/div>\n<div class=\"cxmmr5t8 oygrvhab hcukyx3x c1et5uql o9v6fnle ii04i59q\">\n<div dir=\"auto\">\u201cDo\u011fa olaylar\u0131n\u0131 de\u011fil ama afeti \u00f6nlemenin m\u00fcmk\u00fcn oldu\u011fu\u201d ger\u00e7e\u011fini unutarak, ac\u0131lardan ders \u00e7\u0131karmayarak, akl\u0131-bilimi yok sayarak ge\u00e7en y\u0131llarda ne yaz\u0131k ki \u00fclkemizin afetlerin \u00fcss\u00fc haline geldi\u011fini g\u00f6r\u00fcyoruz. Bunun nedeni insan\u0131 de\u011fil rant\u0131 \u00f6nemseyen, bilimsel ger\u00e7eklerle uyu\u015fmayan, do\u011fay\u0131 hi\u00e7e sayan \u015fehirler, yap\u0131lar, yollard\u0131r. \u00dclkemizi depremler, seller, yang\u0131nlar\u0131n afet alan\u0131 haline getiren yar\u0131n\u0131 d\u00fc\u015f\u00fcnmeyen politikalard\u0131r. Bug\u00fcn bu anlay\u0131\u015f\u0131m\u0131z\u0131 de\u011fi\u015ftirmezsek yar\u0131n ya\u015fanacaklar\u0131 tahmin etmek g\u00fc\u00e7 de\u011fil.<\/div>\n<\/div>\n<div class=\"cxmmr5t8 oygrvhab hcukyx3x c1et5uql o9v6fnle ii04i59q\">\n<div dir=\"auto\">B\u00fcy\u00fck depremler kap\u0131m\u0131zda\u2026 Bilim insanlar\u0131, 17 A\u011fustos sonras\u0131 yapt\u0131klar\u0131 a\u00e7\u0131klamalarla al\u0131nmas\u0131 gereken tedbirleri, planlamalar\u0131 tek tek s\u0131ralad\u0131. Buna kar\u015f\u0131l\u0131k siyasi iktidar 23 y\u0131lda deprem ger\u00e7e\u011fi kar\u015f\u0131s\u0131nda \u00e7ok yetersiz kald\u0131. Bu \u00e7er\u00e7evede \u00f6ncelikle ve ivedilikle siyasi iktidar\u0131n b\u00fct\u00fcnl\u00fckl\u00fc bir afet politikas\u0131 olu\u015fturmas\u0131 gerekmektedir. Bu politika \u00e7er\u00e7evesinde mevcut yap\u0131lar i\u00e7in g\u00fc\u00e7lendirme veya yenilenme \u00e7al\u0131\u015fmalar\u0131n\u0131n h\u0131zla tamamlanmas\u0131, yap\u0131 sto\u011funun planl\u0131 bir \u015fekilde depreme diren\u00e7li hale getirilmesi \u00f6nem ta\u015f\u0131maktad\u0131r. Siyasi rant u\u011fruna getirilen imar aff\u0131 uygulamalar\u0131na son verilerek, bu yap\u0131lar da denetlenmelidir. Unutmamak gerekir ki deprem de\u011fil binalar \u00f6ld\u00fcr\u00fcr! Seller de\u011fil plans\u0131z yap\u0131la\u015fma \u00f6ld\u00fcr\u00fcr! Yang\u0131n de\u011fil ihmal, tedbirsizlik \u00f6ld\u00fcr\u00fcr!<\/div>\n<\/div>\n<div class=\"cxmmr5t8 oygrvhab hcukyx3x c1et5uql o9v6fnle ii04i59q\">\n<div dir=\"auto\">17 A\u011fustos\u2019un 23. Y\u0131ld\u00f6n\u00fcm\u00fcnde izlenilmesi gereken tek yolun bilimsel y\u00f6ntemler ve b\u00fct\u00fcnl\u00fckl\u00fc bir bak\u0131\u015f oldu\u011fu ger\u00e7e\u011finin alt\u0131n\u0131 \u00e7izerek, bir kez daha 17 A\u011fustos 1999 Marmara Depremi\u2019nde hayat\u0131n\u0131 kaybedenlere Allah\u2019tan rahmet, yak\u0131nlar\u0131na ba\u015fsa\u011fl\u0131\u011f\u0131 diliyoruz.<\/div>\n<\/div>\n<div class=\"cxmmr5t8 oygrvhab hcukyx3x c1et5uql o9v6fnle ii04i59q\">\n<div dir=\"auto\">Unutmad\u0131k, unutturmayaca\u011f\u0131z\u2026<\/div>\n<\/div>\n<div class=\"cxmmr5t8 oygrvhab hcukyx3x c1et5uql o9v6fnle ii04i59q\">\n<div dir=\"auto\">Belediye-\u0130\u015f Sendikas\u0131 Genel Y\u00f6netim Kurulu<\/div>\n<\/div>\n<\/div>\n<\/div>\n<\/div>\n<\/div>\n<\/div>\n","protected":false},"excerpt":{"rendered":"<p>Bug\u00fcn 17 A\u011fustos\u2026 Kocaeli, G\u00f6lc\u00fck, D\u00fczce, Sakarya, \u0130stanbul ve Yalova\u2019y\u0131 y\u0131k\u0131p ge\u00e7en, 17 bin 480 insan\u0131m\u0131z\u0131 can\u0131ndan eden, binlerce ki\u015fiyi yaralayan, onlarca ki\u015fiyi evinden yurdundan eden 7,4 b\u00fcy\u00fckl\u00fc\u011f\u00fcndeki b\u00fcy\u00fck Marmara depreminin y\u0131ld\u00f6n\u00fcm\u00fc. \u201cDo\u011fa olaylar\u0131n\u0131 de\u011fil ama afeti \u00f6nlemenin m\u00fcmk\u00fcn oldu\u011fu\u201d ger\u00e7e\u011fini unutarak, ac\u0131lardan ders \u00e7\u0131karmayarak, akl\u0131-bilimi yok sayarak ge\u00e7en y\u0131llarda ne yaz\u0131k ki \u00fclkemizin afetlerin [&hellip;]<\/p>\n","protected":false},"author":3,"featured_media":3027,"comment_status":"open","ping_status":"open","sticky":false,"template":"","format":"standard","meta":{"jnews-multi-image_gallery":[],"jnews_single_post":{"source_name":"","source_url":"","via_name":"","via_url":"","override_template":"0","override":[{"template":"1","single_blog_custom":"","parallax":"1","fullscreen":"1","layout":"right-sidebar","sidebar":"default-sidebar","second_sidebar":"default-sidebar","sticky_sidebar":"1","share_position":"top","share_float_style":"share-monocrhome","show_share_counter":"1","show_view_counter":"1","show_featured":"1","show_post_meta":"1","show_post_author":"1","show_post_author_image":"1","show_post_date":"1","post_date_format":"default","post_date_format_custom":"Y\/m\/d","show_post_category":"1","show_post_reading_time":"0","post_reading_time_wpm":"300","show_zoom_button":"0","zoom_button_out_step":"2","zoom_button_in_step":"3","show_post_tag":"1","show_prev_next_post":"1","show_popup_post":"1","number_popup_post":"1","show_author_box":"0","show_post_related":"0","show_inline_post_related":"0"}],"override_image_size":"0","image_override":[{"single_post_thumbnail_size":"crop-500","single_post_gallery_size":"crop-500"}],"trending_post":"0","trending_post_position":"meta","trending_post_label":"Trending","sponsored_post":"0","sponsored_post_label":"Sponsored by","sponsored_post_name":"","sponsored_post_url":"","sponsored_post_logo_enable":"0","sponsored_post_logo":"","sponsored_post_desc":"","disable_ad":"0"},"jnews_primary_category":{"id":""},"jnews_social_meta":{"fb_title":"","fb_description":"","fb_image":"","twitter_title":"","twitter_description":"","twitter_image":""},"jnews_override_counter":{"override_view_counter":"0","view_counter_number":"0","override_share_counter":"0","share_counter_number":"0","override_like_counter":"0","like_counter_number":"0","override_dislike_counter":"0","dislike_counter_number":"0"},"footnotes":""},"categories":[1],"tags":[199],"class_list":["post-3024","post","type-post","status-publish","format-standard","has-post-thumbnail","hentry","category-genel","tag-17-agustos"],"_links":{"self":[{"href":"http:\/\/belediyeis.org.tr\/merkez\/wp-json\/wp\/v2\/posts\/3024","targetHints":{"allow":["GET"]}}],"collection":[{"href":"http:\/\/belediyeis.org.tr\/merkez\/wp-json\/wp\/v2\/posts"}],"about":[{"href":"http:\/\/belediyeis.org.tr\/merkez\/wp-json\/wp\/v2\/types\/post"}],"author":[{"embeddable":true,"href":"http:\/\/belediyeis.org.tr\/merkez\/wp-json\/wp\/v2\/users\/3"}],"replies":[{"embeddable":true,"href":"http:\/\/belediyeis.org.tr\/merkez\/wp-json\/wp\/v2\/comments?post=3024"}],"version-history":[{"count":1,"href":"http:\/\/belediyeis.org.tr\/merkez\/wp-json\/wp\/v2\/posts\/3024\/revisions"}],"predecessor-version":[{"id":3026,"href":"http:\/\/belediyeis.org.tr\/merkez\/wp-json\/wp\/v2\/posts\/3024\/revisions\/3026"}],"wp:featuredmedia":[{"embeddable":true,"href":"http:\/\/belediyeis.org.tr\/merkez\/wp-json\/wp\/v2\/media\/3027"}],"wp:attachment":[{"href":"http:\/\/belediyeis.org.tr\/merkez\/wp-json\/wp\/v2\/media?parent=3024"}],"wp:term":[{"taxonomy":"category","embeddable":true,"href":"http:\/\/belediyeis.org.tr\/merkez\/wp-json\/wp\/v2\/categories?post=3024"},{"taxonomy":"post_tag","embeddable":true,"href":"http:\/\/belediyeis.org.tr\/merkez\/wp-json\/wp\/v2\/tags?post=3024"}],"curies":[{"name":"wp","href":"https:\/\/api.w.org\/{rel}","templated":true}]}}