{"id":2954,"date":"2022-06-17T11:33:03","date_gmt":"2022-06-17T08:33:03","guid":{"rendered":"http:\/\/belediyeis.org.tr\/merkez\/?p=2954"},"modified":"2022-06-17T11:33:03","modified_gmt":"2022-06-17T08:33:03","slug":"calisma-ve-sosyal-guvenlik-bakanligini-bugsas-a-s-iskolu-hakkinda-kesinlesmis-yargi-kararina-uymaya-davet-ediyoruz","status":"publish","type":"post","link":"http:\/\/belediyeis.org.tr\/merkez\/2022\/06\/17\/calisma-ve-sosyal-guvenlik-bakanligini-bugsas-a-s-iskolu-hakkinda-kesinlesmis-yargi-kararina-uymaya-davet-ediyoruz\/","title":{"rendered":"\u201c\u00c7al\u0131\u015fma Ve Sosyal G\u00fcvenlik Bakanl\u0131\u011f\u0131\u2019n\u0131 BUGSA\u015e A.\u015e. \u0130\u015fkolu Hakk\u0131nda Kesinle\u015fmi\u015f Yarg\u0131 Karar\u0131na Uymaya Davet Ediyoruz\u201d"},"content":{"rendered":"<p style=\"text-align: justify;\"><strong>\u00c7al\u0131\u015fma ve Sosyal G\u00fcvenlik Bakanl\u0131\u011f\u0131, Yasa ve \u0130lgili mevzuata ayk\u0131r\u0131 bir \u015fekilde 31.10.2019 tarihli i\u015fkolu tespit karar\u0131 ile Ankara B\u00fcy\u00fck\u015fehir Belediyesi \u015eirketi olan BUGSA\u015e Ba\u015fkent Ula\u015f\u0131m Ve Do\u011falgaz Hiz. Proj. Taah. San e Tic. A.\u015e. \u2019nin (BUGSA\u015e) 6 i\u015fyerinden otob\u00fcs i\u015fletmesi dahil d\u00f6rt i\u015fyerini \u201cTa\u015f\u0131mac\u0131l\u0131k\u201d i\u015fkolunda di\u011fer iki k\u00fc\u00e7\u00fck i\u015fyerini ise \u201cGenel-\u0130\u015fler\u201d i\u015fkolu olarak belirlemi\u015ftir.<\/strong><br \/>\nSendikam\u0131z Belediye-\u0130\u015f, Bakanl\u0131\u011f\u0131n Yasa ve \u0130lgili mevzuata ayk\u0131r\u0131 tespit karar\u0131na hakl\u0131 olarak itiraz etmi\u015ftir.<\/p>\n<p style=\"text-align: justify;\">Sendikam\u0131z\u0131n itiraz\u0131n\u0131 karar ba\u011flayan Yarg\u0131tay 9.Hukuk Dairesi 12.01.2022 Tarihli KES\u0130N karar\u0131 ile BUGSA\u015e A.\u015e.\u2019nin Otob\u00fcs i\u015fletmesi, Bak\u0131m Onar\u0131m ve Genel M\u00fcd\u00fcrl\u00fck-Terminal dahil 5 i\u015fyerinin \u201cGENEL \u0130\u015eLER\u201d i\u015fkolunda oldu\u011fu tespit edilmi\u015ftir.<\/p>\n<p style=\"text-align: justify;\">Sendikam\u0131z Yarg\u0131tay 9. Hukuk Dairesi\u2019nin KES\u0130N karar\u0131na dayanarak, ilgili i\u015fyerlerinde \u00fcye kayd\u0131n\u0131n ger\u00e7ekle\u015fmesi i\u00e7in \u201cGENEL \u0130\u015eLER\u201d i\u015fkolunun Bakanl\u0131k kay\u0131tlar\u0131nda a\u00e7\u0131lmas\u0131 i\u00e7in \u00c7al\u0131\u015fma ve Sosyal G\u00fcvenlik Bakanl\u0131\u011f\u0131\u2019na defalarca yaz\u0131l\u0131 ve s\u00f6zl\u00fc ba\u015fvuruda bulunmas\u0131na ra\u011fmen Bakanl\u0131k sistemi a\u00e7mam\u0131\u015ft\u0131r. Bakanl\u0131\u011f\u0131n yarg\u0131 karar\u0131n\u0131 uygulamamas\u0131 nedeniyle sendikam\u0131z Belediye-\u0130\u015f\u2019e \u00fcye olmaya \u00e7al\u0131\u015fan BUGSA\u015e A.\u015e. i\u015f\u00e7ileri Bakanl\u0131\u011f\u0131n sisteminde \u201cHatal\u0131 \u00dcyelik\u201d kayd\u0131yla kar\u015f\u0131la\u015fmaktad\u0131rlar.<\/p>\n<p style=\"text-align: justify;\">Bakanl\u0131k bu hatal\u0131 uygulamas\u0131na gerek\u00e7e olarak \u201cTa\u015f\u0131mac\u0131l\u0131k\u201d i\u015fkolunda olan bir sendikan\u0131n Toplu \u0130\u015f S\u00f6zle\u015fmesi s\u00fcrecini g\u00f6stermekte, Yasa ve \u0130lgili mevzuata ayk\u0131r\u0131 bir \u015fekilde i\u015fkolu de\u011fi\u015fikli\u011finin bir sonraki d\u00f6nem ge\u00e7erli oldu\u011funu ileri s\u00fcrmektedir.<\/p>\n<p style=\"text-align: justify;\">BAKANLI\u011eIN BU UYGULAMASI, KES\u0130NLE\u015eM\u0130\u015e YARGI KARARINA VE \u0130\u015e\u00c7\u0130LER\u0130N ANAYASAL SEND\u0130KA SE\u00c7ME HAKKINA A\u00c7IK\u00c7A AYKIRIDIR.<\/p>\n<p style=\"text-align: justify;\">Hukuksal olarak, Yetki Tespit s\u00fcreci ile \u0130\u015fkolu Tespiti s\u00fcre\u00e7leri tart\u0131\u015fmas\u0131z ve net bir \u015fekilde birbirinden tamamen ayr\u0131 s\u00fcre\u00e7lerdir.<\/p>\n<p style=\"text-align: justify;\">Toplu \u0130\u015f S\u00f6zle\u015fmesi s\u00fcreci ve bu s\u00fcre\u00e7 sonunda ortaya \u00e7\u0131kacak toplu i\u015f s\u00f6zle\u015fmesinden yararlanma ko\u015fullar\u0131 6356 Say\u0131l\u0131 Yasa\u2019da ayr\u0131nt\u0131l\u0131 olarak d\u00fczenlenmi\u015ftir. \u0130\u015f\u00e7ilerin bu kurallar do\u011frultusunda toplu i\u015f s\u00f6zle\u015fmesinden yararlanabilecekleri a\u00e7\u0131kt\u0131r. Bu nedenle, Bakanl\u0131\u011f\u0131n dayanaks\u0131z iddias\u0131 ile \u0130\u015fkolu Tespitine ili\u015fkin kesinle\u015fmi\u015f Yarg\u0131 karar\u0131n\u0131n yok say\u0131lmas\u0131 m\u00fcmk\u00fcn de\u011fildir.<\/p>\n<p style=\"text-align: justify;\"><strong>Bakanl\u0131k, a\u00e7\u0131k\u00e7a kesinle\u015fmi\u015f yarg\u0131 karar\u0131n\u0131 uygulamamaktad\u0131r.<\/strong> Oysa Anayasam\u0131z\u0131n 138\/4 Maddesi a\u00e7\u0131kt\u0131r. <strong>\u201cYasama ve y\u00fcr\u00fctme organlar\u0131 ile idare, mahkeme kararlar\u0131na uymak zorundad\u0131r; bu organlar ve idare, mahkeme kararlar\u0131n\u0131 hi\u00e7bir suretle de\u011fi\u015ftiremez ve bunlar\u0131n yerine getirilmesini geciktiremez.\u201d<\/strong> Ayr\u0131ca Bakanl\u0131k hukuksuz uygulamas\u0131 ile i\u015f\u00e7ilerin kayna\u011f\u0131n\u0131 Anayasam\u0131zdan alan sendika se\u00e7me hak ve \u00f6zg\u00fcrl\u00fc\u011f\u00fcn\u00fc ellerinden almaktad\u0131r.<\/p>\n<p style=\"text-align: justify;\">Di\u011fer yandan, Anayasam\u0131z\u0131n 51. Maddesinde g\u00fcvenceye ba\u011flanan sendika hakk\u0131, ayn\u0131 zamanda demokratik toplumun temeli olan \u00f6rg\u00fctlenme \u00f6zg\u00fcrl\u00fc\u011f\u00fcn\u00fcn de vazge\u00e7ilmez bir par\u00e7as\u0131d\u0131r. \u0130\u015f\u00e7ilerin bir sendikaya \u00fcye olma ya da \u00fcyelikten ayr\u0131lma haklar\u0131 Anayasal haklar\u0131d\u0131r ve engellenemez.<\/p>\n<p style=\"text-align: justify;\">Bakanl\u0131k, kesinle\u015fmi\u015f yarg\u0131 karar\u0131n\u0131 yerine getirmeyerek i\u015f\u00e7ilerin \u201cGenel \u0130\u015fler\u201d i\u015fkolunda \u00f6rg\u00fctlenme, Anayasal sendika se\u00e7me hakk\u0131n\u0131 ihlal etmektedir.<\/p>\n<p style=\"text-align: justify;\"><strong>YARGITAY 9.HUKUK DA\u0130RES\u0130N\u0130N KES\u0130N KARARI GERE\u011e\u0130NCE, BAKANLIK KAYITLARINDA BUGSA\u015e A.\u015e. \u0130\u015eYERLER\u0130 DERHAL \u201cGENEL \u0130\u015eLER\u201d \u0130\u015eKOLUNA A\u00c7ILMALI &#8211; TESC\u0130L ED\u0130LMEL\u0130D\u0130R.<\/strong><\/p>\n<p style=\"text-align: justify;\">Sayg\u0131lar\u0131m\u0131zla.<br \/>\nBelediye-\u0130\u015f Sendikas\u0131<\/p>\n<p style=\"text-align: justify;\">\n","protected":false},"excerpt":{"rendered":"<p>\u00c7al\u0131\u015fma ve Sosyal G\u00fcvenlik Bakanl\u0131\u011f\u0131, Yasa ve \u0130lgili mevzuata ayk\u0131r\u0131 bir \u015fekilde 31.10.2019 tarihli i\u015fkolu tespit karar\u0131 ile Ankara B\u00fcy\u00fck\u015fehir Belediyesi \u015eirketi olan BUGSA\u015e Ba\u015fkent Ula\u015f\u0131m Ve Do\u011falgaz Hiz. Proj. Taah. San e Tic. A.\u015e. \u2019nin (BUGSA\u015e) 6 i\u015fyerinden otob\u00fcs i\u015fletmesi dahil d\u00f6rt i\u015fyerini \u201cTa\u015f\u0131mac\u0131l\u0131k\u201d i\u015fkolunda di\u011fer iki k\u00fc\u00e7\u00fck i\u015fyerini ise \u201cGenel-\u0130\u015fler\u201d i\u015fkolu olarak belirlemi\u015ftir. [&hellip;]<\/p>\n","protected":false},"author":3,"featured_media":2504,"comment_status":"open","ping_status":"open","sticky":false,"template":"","format":"standard","meta":{"jnews-multi-image_gallery":[],"jnews_single_post":{"source_name":"","source_url":"","via_name":"","via_url":"","override_template":"0","override":[{"template":"1","single_blog_custom":"","parallax":"1","fullscreen":"1","layout":"right-sidebar","sidebar":"default-sidebar","second_sidebar":"default-sidebar","sticky_sidebar":"1","share_position":"top","share_float_style":"share-monocrhome","show_share_counter":"1","show_view_counter":"1","show_featured":"1","show_post_meta":"1","show_post_author":"1","show_post_author_image":"1","show_post_date":"1","post_date_format":"default","post_date_format_custom":"Y\/m\/d","show_post_category":"1","show_post_reading_time":"0","post_reading_time_wpm":"300","show_zoom_button":"0","zoom_button_out_step":"2","zoom_button_in_step":"3","show_post_tag":"1","show_prev_next_post":"1","show_popup_post":"1","number_popup_post":"1","show_author_box":"0","show_post_related":"0","show_inline_post_related":"0"}],"override_image_size":"0","image_override":[{"single_post_thumbnail_size":"crop-500","single_post_gallery_size":"crop-500"}],"trending_post":"0","trending_post_position":"meta","trending_post_label":"Trending","sponsored_post":"0","sponsored_post_label":"Sponsored by","sponsored_post_name":"","sponsored_post_url":"","sponsored_post_logo_enable":"0","sponsored_post_logo":"","sponsored_post_desc":"","disable_ad":"0"},"jnews_primary_category":{"id":""},"jnews_social_meta":{"fb_title":"","fb_description":"","fb_image":"","twitter_title":"","twitter_description":"","twitter_image":""},"jnews_override_counter":{"override_view_counter":"0","view_counter_number":"0","override_share_counter":"0","share_counter_number":"0","override_like_counter":"0","like_counter_number":"0","override_dislike_counter":"0","dislike_counter_number":"0"},"footnotes":""},"categories":[1],"tags":[290,291,292],"class_list":["post-2954","post","type-post","status-publish","format-standard","has-post-thumbnail","hentry","category-genel","tag-bugsas","tag-calisma-ve-sosyal-guvenligi-bakanligi","tag-iskolu-tespiti"],"_links":{"self":[{"href":"http:\/\/belediyeis.org.tr\/merkez\/wp-json\/wp\/v2\/posts\/2954","targetHints":{"allow":["GET"]}}],"collection":[{"href":"http:\/\/belediyeis.org.tr\/merkez\/wp-json\/wp\/v2\/posts"}],"about":[{"href":"http:\/\/belediyeis.org.tr\/merkez\/wp-json\/wp\/v2\/types\/post"}],"author":[{"embeddable":true,"href":"http:\/\/belediyeis.org.tr\/merkez\/wp-json\/wp\/v2\/users\/3"}],"replies":[{"embeddable":true,"href":"http:\/\/belediyeis.org.tr\/merkez\/wp-json\/wp\/v2\/comments?post=2954"}],"version-history":[{"count":1,"href":"http:\/\/belediyeis.org.tr\/merkez\/wp-json\/wp\/v2\/posts\/2954\/revisions"}],"predecessor-version":[{"id":2955,"href":"http:\/\/belediyeis.org.tr\/merkez\/wp-json\/wp\/v2\/posts\/2954\/revisions\/2955"}],"wp:featuredmedia":[{"embeddable":true,"href":"http:\/\/belediyeis.org.tr\/merkez\/wp-json\/wp\/v2\/media\/2504"}],"wp:attachment":[{"href":"http:\/\/belediyeis.org.tr\/merkez\/wp-json\/wp\/v2\/media?parent=2954"}],"wp:term":[{"taxonomy":"category","embeddable":true,"href":"http:\/\/belediyeis.org.tr\/merkez\/wp-json\/wp\/v2\/categories?post=2954"},{"taxonomy":"post_tag","embeddable":true,"href":"http:\/\/belediyeis.org.tr\/merkez\/wp-json\/wp\/v2\/tags?post=2954"}],"curies":[{"name":"wp","href":"https:\/\/api.w.org\/{rel}","templated":true}]}}