{"id":2948,"date":"2022-06-10T10:39:20","date_gmt":"2022-06-10T07:39:20","guid":{"rendered":"http:\/\/belediyeis.org.tr\/merkez\/?p=2948"},"modified":"2022-06-10T10:39:20","modified_gmt":"2022-06-10T07:39:20","slug":"basin-aciklamasi-anayasal-bir-haktir-idari-kararla-guc-kullanarak-engellenmesi-hukuksuzdur","status":"publish","type":"post","link":"http:\/\/belediyeis.org.tr\/merkez\/2022\/06\/10\/basin-aciklamasi-anayasal-bir-haktir-idari-kararla-guc-kullanarak-engellenmesi-hukuksuzdur\/","title":{"rendered":"Bas\u0131n A\u00e7\u0131klamas\u0131 Anayasal Bir Hakt\u0131r, \u0130dari Kararla G\u00fc\u00e7 Kullanarak Engellenmesi Hukuksuzdur"},"content":{"rendered":"<p style=\"text-align: justify;\">T\u00fcrkiye \u0130statistik Kurumu\u2019nun (<strong>T\u00dc\u0130K<\/strong>) \u00e7akma rakamlarla enflasyon a\u00e7\u0131klayarak, i\u015f\u00e7inin, memurun, emeklinin k\u0131sacas\u0131 t\u00fcm emek\u00e7ilerin cebinden ekme\u011finin \u00e7al\u0131nmas\u0131na, kar\u015f\u0131 Birle\u015fik Kamu-\u0130\u015f Konfederasyonu\u2019nun T\u00dc\u0130K binas\u0131 \u00f6n\u00fcnde bas\u0131n a\u00e7\u0131klamas\u0131 yapma \u00e7abas\u0131 <strong>\u201cValilik izni yok\u201d <\/strong>gerek\u00e7esiyle sert m\u00fcdahale ile engellenmi\u015ftir.<\/p>\n<p style=\"text-align: justify;\">Polisin biber gaz\u0131yla m\u00fcdahale etti\u011fi ve g\u00f6r\u00fcnt\u00fc almak isteyen bas\u0131n mensuplar\u0131n\u0131n da engellendi\u011fi a\u00e7\u0131klamada, Birle\u015fik Kamu-\u0130\u015f Genel Ba\u015fkan\u0131 Mehmet Bal\u0131k&#8217;\u0131n da aralar\u0131nda oldu\u011fu \u00e7ok say\u0131da ki\u015fi g\u00f6zalt\u0131na al\u0131n\u0131rken, Konfederasyon Genel Sekreteri M\u00fccahit Dede ise kalp krizi ge\u00e7irmi\u015ftir.<\/p>\n<p style=\"text-align: justify;\"><strong>Valilik izni yok karar\u0131 da, yap\u0131lan m\u00fcdahale de hukuksuzdur.<\/strong><\/p>\n<p style=\"text-align: justify;\">Anayasam\u0131z\u0131n \u00fc\u00e7\u00fcnc\u00fc maddesi a\u00e7\u0131k ve nettir.<\/p>\n<p style=\"text-align: justify;\"><strong>\u201cHerkes, \u00f6nceden izin almaks\u0131z\u0131n, bu Kanun h\u00fck\u00fcmlerine g\u00f6re silahs\u0131z ve sald\u0131r\u0131s\u0131z olarak kanunlar\u0131n su\u00e7 saymad\u0131\u011f\u0131 belirli ama\u00e7larla toplant\u0131 ve g\u00f6steri y\u00fcr\u00fcy\u00fc\u015f\u00fc d\u00fczenleme hakk\u0131na sahiptir.\u201c<\/strong><\/p>\n<p style=\"text-align: justify;\">Hi\u00e7bir g\u00fc\u00e7 Anayasa\u2019n\u0131n \u00fczerinde de\u011fildir. Hi\u00e7bir idari karar da Anayasal hakk\u0131n \u00f6n\u00fcne ge\u00e7emez.<\/p>\n<p style=\"text-align: justify;\">Sendika y\u00f6netici ve \u00fcyelerinin Anayasal toplant\u0131 ve g\u00f6steri y\u00fcr\u00fcy\u00fc\u015f\u00fc d\u00fczenleme hakk\u0131n\u0131,\u00a0 <strong>\u201cValilik izni yok\u201d<\/strong> gerek\u00e7esiyle, \u00fcstelik \u015fiddetle engellemek hukuksuzdur.<\/p>\n<p style=\"text-align: justify;\">Bas\u0131n a\u00e7\u0131klamas\u0131n\u0131 engellemek ne kadar hukuksuzsa, ya\u015fanan hayat pahal\u0131l\u0131\u011f\u0131na, her g\u00fcn gelen kesintisiz zam ya\u011fmuruna kar\u015f\u0131n TU\u0130K\u2019in a\u00e7\u0131klad\u0131\u011f\u0131 \u00e7akma enflasyonla i\u015f\u00e7inin, memurun emeklinin, eme\u011finin \u00e7al\u0131nmas\u0131na, <strong>\u201cminareyi \u00e7alan\u0131n k\u0131l\u0131f\u0131n\u0131 haz\u0131rlamak\u201d <\/strong>i\u00e7in T\u00dc\u0130K\u2019in 90 y\u0131ld\u0131r a\u00e7\u0131klad\u0131\u011f\u0131 \u201c<strong>Madde Sepeti fiyatlar\u0131n\u0131\u201d a\u00e7\u0131klamamas\u0131na,\u00a0 emek\u00e7ilerin tepki g\u00f6sterip, kamuoyuna duyurma \u00e7abas\u0131 da Anayasal ve demokratik bir hakt\u0131r.&#8221;<\/strong><\/p>\n<p style=\"text-align: justify;\">Demokratik Anayasal haklar\u0131n, hukuksuzca idari kararlarla, g\u00fc\u00e7 kullanarak engellenmesi demokratik \u00fclkelere de\u011fil, bask\u0131c\u0131 rejimlere has uygulamalard\u0131r.<\/p>\n<p style=\"text-align: justify;\">Ne \u00fclkemiz bu g\u00f6r\u00fcnt\u00fcleri, ne de al\u0131nteriyle ge\u00e7inen emek\u00e7iler, bu muameleyi hak etmemektedir.<\/p>\n<p style=\"text-align: justify;\">Birle\u015fik Kamu-\u0130\u015f Genel Ba\u015fkan\u0131 ve Y\u00f6netim Kurulu \u00fcyelerine ge\u00e7mi\u015f olsun dileklerimiz iletir, kamuoyuna sayg\u0131yla duyururuz.<\/p>\n<p style=\"text-align: justify;\">10.06.2022<\/p>\n<p style=\"text-align: justify;\"><strong>Belediye-\u0130\u015f Sendikas\u0131<\/strong><\/p>\n<p style=\"text-align: justify;\">\n","protected":false},"excerpt":{"rendered":"<p>T\u00fcrkiye \u0130statistik Kurumu\u2019nun (T\u00dc\u0130K) \u00e7akma rakamlarla enflasyon a\u00e7\u0131klayarak, i\u015f\u00e7inin, memurun, emeklinin k\u0131sacas\u0131 t\u00fcm emek\u00e7ilerin cebinden ekme\u011finin \u00e7al\u0131nmas\u0131na, kar\u015f\u0131 Birle\u015fik Kamu-\u0130\u015f Konfederasyonu\u2019nun T\u00dc\u0130K binas\u0131 \u00f6n\u00fcnde bas\u0131n a\u00e7\u0131klamas\u0131 yapma \u00e7abas\u0131 \u201cValilik izni yok\u201d gerek\u00e7esiyle sert m\u00fcdahale ile engellenmi\u015ftir. Polisin biber gaz\u0131yla m\u00fcdahale etti\u011fi ve g\u00f6r\u00fcnt\u00fc almak isteyen bas\u0131n mensuplar\u0131n\u0131n da engellendi\u011fi a\u00e7\u0131klamada, Birle\u015fik Kamu-\u0130\u015f Genel Ba\u015fkan\u0131 Mehmet [&hellip;]<\/p>\n","protected":false},"author":3,"featured_media":2484,"comment_status":"open","ping_status":"open","sticky":false,"template":"","format":"standard","meta":{"jnews-multi-image_gallery":[],"jnews_single_post":{"source_name":"","source_url":"","via_name":"","via_url":"","override_template":"0","override":[{"template":"1","single_blog_custom":"","parallax":"1","fullscreen":"1","layout":"right-sidebar","sidebar":"default-sidebar","second_sidebar":"default-sidebar","sticky_sidebar":"1","share_position":"top","share_float_style":"share-monocrhome","show_share_counter":"1","show_view_counter":"1","show_featured":"1","show_post_meta":"1","show_post_author":"1","show_post_author_image":"1","show_post_date":"1","post_date_format":"default","post_date_format_custom":"Y\/m\/d","show_post_category":"1","show_post_reading_time":"0","post_reading_time_wpm":"300","show_zoom_button":"0","zoom_button_out_step":"2","zoom_button_in_step":"3","show_post_tag":"1","show_prev_next_post":"1","show_popup_post":"1","number_popup_post":"1","show_author_box":"0","show_post_related":"0","show_inline_post_related":"0"}],"override_image_size":"0","image_override":[{"single_post_thumbnail_size":"crop-500","single_post_gallery_size":"crop-500"}],"trending_post":"0","trending_post_position":"meta","trending_post_label":"Trending","sponsored_post":"0","sponsored_post_label":"Sponsored by","sponsored_post_name":"","sponsored_post_url":"","sponsored_post_logo_enable":"0","sponsored_post_logo":"","sponsored_post_desc":"","disable_ad":"0"},"jnews_primary_category":{"id":""},"jnews_social_meta":{"fb_title":"","fb_description":"","fb_image":"","twitter_title":"","twitter_description":"","twitter_image":""},"jnews_override_counter":{"override_view_counter":"0","view_counter_number":"0","override_share_counter":"0","share_counter_number":"0","override_like_counter":"0","like_counter_number":"0","override_dislike_counter":"0","dislike_counter_number":"0"},"footnotes":""},"categories":[1],"tags":[103,289],"class_list":["post-2948","post","type-post","status-publish","format-standard","has-post-thumbnail","hentry","category-genel","tag-basin-aciklamasi","tag-birlesik-kamu-is"],"_links":{"self":[{"href":"http:\/\/belediyeis.org.tr\/merkez\/wp-json\/wp\/v2\/posts\/2948","targetHints":{"allow":["GET"]}}],"collection":[{"href":"http:\/\/belediyeis.org.tr\/merkez\/wp-json\/wp\/v2\/posts"}],"about":[{"href":"http:\/\/belediyeis.org.tr\/merkez\/wp-json\/wp\/v2\/types\/post"}],"author":[{"embeddable":true,"href":"http:\/\/belediyeis.org.tr\/merkez\/wp-json\/wp\/v2\/users\/3"}],"replies":[{"embeddable":true,"href":"http:\/\/belediyeis.org.tr\/merkez\/wp-json\/wp\/v2\/comments?post=2948"}],"version-history":[{"count":1,"href":"http:\/\/belediyeis.org.tr\/merkez\/wp-json\/wp\/v2\/posts\/2948\/revisions"}],"predecessor-version":[{"id":2949,"href":"http:\/\/belediyeis.org.tr\/merkez\/wp-json\/wp\/v2\/posts\/2948\/revisions\/2949"}],"wp:featuredmedia":[{"embeddable":true,"href":"http:\/\/belediyeis.org.tr\/merkez\/wp-json\/wp\/v2\/media\/2484"}],"wp:attachment":[{"href":"http:\/\/belediyeis.org.tr\/merkez\/wp-json\/wp\/v2\/media?parent=2948"}],"wp:term":[{"taxonomy":"category","embeddable":true,"href":"http:\/\/belediyeis.org.tr\/merkez\/wp-json\/wp\/v2\/categories?post=2948"},{"taxonomy":"post_tag","embeddable":true,"href":"http:\/\/belediyeis.org.tr\/merkez\/wp-json\/wp\/v2\/tags?post=2948"}],"curies":[{"name":"wp","href":"https:\/\/api.w.org\/{rel}","templated":true}]}}