{"id":2897,"date":"2022-05-25T10:12:12","date_gmt":"2022-05-25T07:12:12","guid":{"rendered":"http:\/\/belediyeis.org.tr\/merkez\/?p=2897"},"modified":"2022-05-25T10:17:25","modified_gmt":"2022-05-25T07:17:25","slug":"genel-baskanimiz-nihat-yurdakul-denizli-merkezefendide-uyelerimizle-bulustu-ve-merkezefendi-belediye-baskani-sayin-seniz-dogani-ziyaret-etti","status":"publish","type":"post","link":"http:\/\/belediyeis.org.tr\/merkez\/2022\/05\/25\/genel-baskanimiz-nihat-yurdakul-denizli-merkezefendide-uyelerimizle-bulustu-ve-merkezefendi-belediye-baskani-sayin-seniz-dogani-ziyaret-etti\/","title":{"rendered":"Genel Ba\u015fkan\u0131m\u0131z Nihat Yurdakul Denizli Merkezefendi\u2019de \u00dcyelerimizle Bulu\u015ftu Ve Merkezefendi Belediye Ba\u015fkan\u0131 Say\u0131n \u015eeniz Do\u011fan\u2019\u0131 Ziyaret Etti"},"content":{"rendered":"<div class=\"cxmmr5t8 oygrvhab hcukyx3x c1et5uql o9v6fnle ii04i59q\">\n<div dir=\"auto\" style=\"text-align: justify;\">Genel Ba\u015fkan\u0131m\u0131z Nihat Yurdakul, ilk olarak Denizli \u015eubesi\u2019ni ziyaret ederek \u015fube y\u00f6netimi ve Merkezefendi Belediyesi\u2019nden \u00fcyelerimizle sohbet etti. Burada Genel Ba\u015fkan\u0131m\u0131za \u00e7i\u00e7ek takdim edildi. Genel Ba\u015fkan\u0131m\u0131z Nihat Yurdakul, Denizli \u015eube Ba\u015fkan\u0131 U\u011fur Cihan\u2019\u0131n minik k\u0131z\u0131n\u0131 bir s\u00fcre sevdi ve hat\u0131ra foto\u011fraf\u0131 \u00e7ektirdi.<\/div>\n<\/div>\n<div class=\"cxmmr5t8 oygrvhab hcukyx3x c1et5uql o9v6fnle ii04i59q\" style=\"text-align: justify;\">\n<div dir=\"auto\">Genel Ba\u015fkan\u0131m\u0131z Nihat Yurdakul, sonras\u0131nda Merkezefendi Belediyesi i\u015fyerlerinde \u00fcyelerimizle bir araya geldi. \u00dcyelerimiz, Genel Ba\u015fkan\u0131m\u0131z\u0131 g\u00f6rmekten mutluluk duyduklar\u0131n\u0131 dile getirdiler. Ho\u015f sohbet ortam\u0131nda ge\u00e7en i\u015fyeri ziyaretlerinde \u00fcyelerimiz Genel Ba\u015fkan\u0131m\u0131zla kar\u015f\u0131l\u0131kl\u0131 g\u00f6r\u00fc\u015f al\u0131\u015fveri\u015finde bulundular.<\/div>\n<\/div>\n<div class=\"cxmmr5t8 oygrvhab hcukyx3x c1et5uql o9v6fnle ii04i59q\" style=\"text-align: justify;\">\n<div dir=\"auto\">Denizli\u2019de \u00fcyelerimizle bulu\u015fan Genel Ba\u015fkan\u0131m\u0131z Nihat Yurdakul, Merkezefendi Belediye Ba\u015fkan\u0131 Say\u0131n \u015eeniz Do\u011fan\u2019\u0131 makam\u0131nda ziyaret etti. Genel Ba\u015fkan\u0131m\u0131z, yerel y\u00f6netimlerde ve genel olarak y\u00f6netim kademelerinde kad\u0131nlar\u0131m\u0131z\u0131n g\u00f6rev almas\u0131ndan b\u00fcy\u00fck memnuniyet duydu\u011funu ifade ederek; kad\u0131nlar\u0131m\u0131z\u0131n hayat\u0131n her alan\u0131nda daha fazla rol almalar\u0131n\u0131n \u00e7ok \u00f6nemli oldu\u011funun alt\u0131n\u0131 \u00e7izdi. Genel Ba\u015fkan\u0131m\u0131z, i\u015f\u00e7iden ve emekten yana duru\u015fundan dolay\u0131 Merkezefendi Belediye Ba\u015fkan\u0131 Say\u0131n \u015eeniz Do\u011fan\u2019a te\u015fekk\u00fcr ederek, \u00e7al\u0131\u015fmalar\u0131nda ba\u015far\u0131lar diledi.<\/div>\n<\/div>\n<div class=\"cxmmr5t8 oygrvhab hcukyx3x c1et5uql o9v6fnle ii04i59q\">\n<div dir=\"auto\" style=\"text-align: justify;\">Genel Ba\u015fkan\u0131m\u0131z\u0131n Denizli\u2019deki ziyaretlerine sendikam\u0131z Genel Merkez y\u00f6neticileri ile Denizli \u015eube y\u00f6netimi kat\u0131ld\u0131.<\/div>\n<div dir=\"auto\">\n<div id='gallery_1' class='gallery galleryid-2897 gallery-columns-3 gallery-size-thumbnail'><figure class='gallery-item'>\n                <div class='gallery-icon landscape'>\n                    <a href='http:\/\/belediyeis.org.tr\/merkez\/wp-content\/uploads\/2022\/05\/WhatsApp-Image-2022-05-24-at-17.16.41.jpeg'><img decoding=\"async\" width=\"150\" height=\"150\" src=\"\" class=\"attachment-thumbnail size-thumbnail lazyload\" alt=\"\" data-src=\"http:\/\/belediyeis.org.tr\/merkez\/wp-content\/uploads\/2022\/05\/WhatsApp-Image-2022-05-24-at-17.16.41-150x150.jpeg\" data-sizes=\"auto\" data-srcset=\"http:\/\/belediyeis.org.tr\/merkez\/wp-content\/uploads\/2022\/05\/WhatsApp-Image-2022-05-24-at-17.16.41-150x150.jpeg 150w, http:\/\/belediyeis.org.tr\/merkez\/wp-content\/uploads\/2022\/05\/WhatsApp-Image-2022-05-24-at-17.16.41-75x75.jpeg 75w, http:\/\/belediyeis.org.tr\/merkez\/wp-content\/uploads\/2022\/05\/WhatsApp-Image-2022-05-24-at-17.16.41-350x350.jpeg 350w\" data-expand=\"700\" \/><\/a>\n                <\/div><\/figure><figure class='gallery-item'>\n                <div class='gallery-icon portrait'>\n                    <a href='http:\/\/belediyeis.org.tr\/merkez\/wp-content\/uploads\/2022\/05\/WhatsApp-Image-2022-05-24-at-17.18.08.jpeg'><img decoding=\"async\" width=\"150\" height=\"150\" src=\"\" class=\"attachment-thumbnail size-thumbnail lazyload\" alt=\"\" data-src=\"http:\/\/belediyeis.org.tr\/merkez\/wp-content\/uploads\/2022\/05\/WhatsApp-Image-2022-05-24-at-17.18.08-150x150.jpeg\" data-sizes=\"auto\" data-srcset=\"http:\/\/belediyeis.org.tr\/merkez\/wp-content\/uploads\/2022\/05\/WhatsApp-Image-2022-05-24-at-17.18.08-150x150.jpeg 150w, http:\/\/belediyeis.org.tr\/merkez\/wp-content\/uploads\/2022\/05\/WhatsApp-Image-2022-05-24-at-17.18.08-75x75.jpeg 75w, http:\/\/belediyeis.org.tr\/merkez\/wp-content\/uploads\/2022\/05\/WhatsApp-Image-2022-05-24-at-17.18.08-350x350.jpeg 350w\" data-expand=\"700\" \/><\/a>\n                <\/div><\/figure><figure class='gallery-item'>\n                <div class='gallery-icon landscape'>\n                    <a href='http:\/\/belediyeis.org.tr\/merkez\/wp-content\/uploads\/2022\/05\/WhatsApp-Image-2022-05-24-at-17.15.18.jpeg'><img decoding=\"async\" width=\"150\" height=\"150\" src=\"\" class=\"attachment-thumbnail size-thumbnail lazyload\" alt=\"\" data-src=\"http:\/\/belediyeis.org.tr\/merkez\/wp-content\/uploads\/2022\/05\/WhatsApp-Image-2022-05-24-at-17.15.18-150x150.jpeg\" data-sizes=\"auto\" data-srcset=\"http:\/\/belediyeis.org.tr\/merkez\/wp-content\/uploads\/2022\/05\/WhatsApp-Image-2022-05-24-at-17.15.18-150x150.jpeg 150w, http:\/\/belediyeis.org.tr\/merkez\/wp-content\/uploads\/2022\/05\/WhatsApp-Image-2022-05-24-at-17.15.18-75x75.jpeg 75w, http:\/\/belediyeis.org.tr\/merkez\/wp-content\/uploads\/2022\/05\/WhatsApp-Image-2022-05-24-at-17.15.18-350x350.jpeg 350w\" data-expand=\"700\" \/><\/a>\n                <\/div><\/figure><br style=\"clear: both\" \/><figure class='gallery-item'>\n                <div class='gallery-icon portrait'>\n                    <a href='http:\/\/belediyeis.org.tr\/merkez\/wp-content\/uploads\/2022\/05\/WhatsApp-Image-2022-05-24-at-17.16.10.jpeg'><img loading=\"lazy\" decoding=\"async\" width=\"150\" height=\"150\" src=\"\" class=\"attachment-thumbnail size-thumbnail lazyload\" alt=\"\" data-src=\"http:\/\/belediyeis.org.tr\/merkez\/wp-content\/uploads\/2022\/05\/WhatsApp-Image-2022-05-24-at-17.16.10-150x150.jpeg\" data-sizes=\"auto\" data-srcset=\"http:\/\/belediyeis.org.tr\/merkez\/wp-content\/uploads\/2022\/05\/WhatsApp-Image-2022-05-24-at-17.16.10-150x150.jpeg 150w, http:\/\/belediyeis.org.tr\/merkez\/wp-content\/uploads\/2022\/05\/WhatsApp-Image-2022-05-24-at-17.16.10-75x75.jpeg 75w, http:\/\/belediyeis.org.tr\/merkez\/wp-content\/uploads\/2022\/05\/WhatsApp-Image-2022-05-24-at-17.16.10-350x350.jpeg 350w\" data-expand=\"700\" \/><\/a>\n                <\/div><\/figure><figure class='gallery-item'>\n                <div class='gallery-icon landscape'>\n                    <a href='http:\/\/belediyeis.org.tr\/merkez\/wp-content\/uploads\/2022\/05\/WhatsApp-Image-2022-05-25-at-10.02.18.jpeg'><img loading=\"lazy\" decoding=\"async\" width=\"150\" height=\"150\" src=\"\" class=\"attachment-thumbnail size-thumbnail lazyload\" alt=\"\" data-src=\"http:\/\/belediyeis.org.tr\/merkez\/wp-content\/uploads\/2022\/05\/WhatsApp-Image-2022-05-25-at-10.02.18-150x150.jpeg\" data-sizes=\"auto\" data-srcset=\"http:\/\/belediyeis.org.tr\/merkez\/wp-content\/uploads\/2022\/05\/WhatsApp-Image-2022-05-25-at-10.02.18-150x150.jpeg 150w, http:\/\/belediyeis.org.tr\/merkez\/wp-content\/uploads\/2022\/05\/WhatsApp-Image-2022-05-25-at-10.02.18-75x75.jpeg 75w, http:\/\/belediyeis.org.tr\/merkez\/wp-content\/uploads\/2022\/05\/WhatsApp-Image-2022-05-25-at-10.02.18-350x350.jpeg 350w\" data-expand=\"700\" \/><\/a>\n                <\/div><\/figure><figure class='gallery-item'>\n                <div class='gallery-icon landscape'>\n                    <a href='http:\/\/belediyeis.org.tr\/merkez\/wp-content\/uploads\/2022\/05\/WhatsApp-Image-2022-05-25-at-09.57.16.jpeg'><img loading=\"lazy\" decoding=\"async\" width=\"150\" height=\"150\" src=\"\" class=\"attachment-thumbnail size-thumbnail lazyload\" alt=\"\" data-src=\"http:\/\/belediyeis.org.tr\/merkez\/wp-content\/uploads\/2022\/05\/WhatsApp-Image-2022-05-25-at-09.57.16-150x150.jpeg\" data-sizes=\"auto\" data-srcset=\"http:\/\/belediyeis.org.tr\/merkez\/wp-content\/uploads\/2022\/05\/WhatsApp-Image-2022-05-25-at-09.57.16-150x150.jpeg 150w, http:\/\/belediyeis.org.tr\/merkez\/wp-content\/uploads\/2022\/05\/WhatsApp-Image-2022-05-25-at-09.57.16-75x75.jpeg 75w, http:\/\/belediyeis.org.tr\/merkez\/wp-content\/uploads\/2022\/05\/WhatsApp-Image-2022-05-25-at-09.57.16-350x350.jpeg 350w\" data-expand=\"700\" \/><\/a>\n                <\/div><\/figure><br style=\"clear: both\" \/>\n            <\/div>\n\n<\/div>\n<\/div>\n","protected":false},"excerpt":{"rendered":"<p>Genel Ba\u015fkan\u0131m\u0131z Nihat Yurdakul, ilk olarak Denizli \u015eubesi\u2019ni ziyaret ederek \u015fube y\u00f6netimi ve Merkezefendi Belediyesi\u2019nden \u00fcyelerimizle sohbet etti. Burada Genel Ba\u015fkan\u0131m\u0131za \u00e7i\u00e7ek takdim edildi. Genel Ba\u015fkan\u0131m\u0131z Nihat Yurdakul, Denizli \u015eube Ba\u015fkan\u0131 U\u011fur Cihan\u2019\u0131n minik k\u0131z\u0131n\u0131 bir s\u00fcre sevdi ve hat\u0131ra foto\u011fraf\u0131 \u00e7ektirdi. Genel Ba\u015fkan\u0131m\u0131z Nihat Yurdakul, sonras\u0131nda Merkezefendi Belediyesi i\u015fyerlerinde \u00fcyelerimizle bir araya geldi. \u00dcyelerimiz, [&hellip;]<\/p>\n","protected":false},"author":3,"featured_media":2898,"comment_status":"open","ping_status":"open","sticky":false,"template":"","format":"standard","meta":{"jnews-multi-image_gallery":[],"jnews_single_post":{"source_name":"","source_url":"","via_name":"","via_url":"","override_template":"0","override":[{"template":"1","single_blog_custom":"","parallax":"1","fullscreen":"1","layout":"right-sidebar","sidebar":"default-sidebar","second_sidebar":"default-sidebar","sticky_sidebar":"1","share_position":"top","share_float_style":"share-monocrhome","show_share_counter":"1","show_view_counter":"1","show_featured":"1","show_post_meta":"1","show_post_author":"1","show_post_author_image":"1","show_post_date":"1","post_date_format":"default","post_date_format_custom":"Y\/m\/d","show_post_category":"1","show_post_reading_time":"0","post_reading_time_wpm":"300","show_zoom_button":"0","zoom_button_out_step":"2","zoom_button_in_step":"3","show_post_tag":"1","show_prev_next_post":"1","show_popup_post":"1","number_popup_post":"1","show_author_box":"0","show_post_related":"0","show_inline_post_related":"0"}],"override_image_size":"0","image_override":[{"single_post_thumbnail_size":"crop-500","single_post_gallery_size":"crop-500"}],"trending_post":"0","trending_post_position":"meta","trending_post_label":"Trending","sponsored_post":"0","sponsored_post_label":"Sponsored by","sponsored_post_name":"","sponsored_post_url":"","sponsored_post_logo_enable":"0","sponsored_post_logo":"","sponsored_post_desc":"","disable_ad":"0"},"jnews_primary_category":{"id":""},"jnews_social_meta":{"fb_title":"","fb_description":"","fb_image":"","twitter_title":"","twitter_description":"","twitter_image":""},"jnews_override_counter":{"override_view_counter":"0","view_counter_number":"0","override_share_counter":"0","share_counter_number":"0","override_like_counter":"0","like_counter_number":"0","override_dislike_counter":"0","dislike_counter_number":"0"},"footnotes":""},"categories":[1],"tags":[282,168],"class_list":["post-2897","post","type-post","status-publish","format-standard","has-post-thumbnail","hentry","category-genel","tag-denizli","tag-denizli-sube"],"_links":{"self":[{"href":"http:\/\/belediyeis.org.tr\/merkez\/wp-json\/wp\/v2\/posts\/2897","targetHints":{"allow":["GET"]}}],"collection":[{"href":"http:\/\/belediyeis.org.tr\/merkez\/wp-json\/wp\/v2\/posts"}],"about":[{"href":"http:\/\/belediyeis.org.tr\/merkez\/wp-json\/wp\/v2\/types\/post"}],"author":[{"embeddable":true,"href":"http:\/\/belediyeis.org.tr\/merkez\/wp-json\/wp\/v2\/users\/3"}],"replies":[{"embeddable":true,"href":"http:\/\/belediyeis.org.tr\/merkez\/wp-json\/wp\/v2\/comments?post=2897"}],"version-history":[{"count":3,"href":"http:\/\/belediyeis.org.tr\/merkez\/wp-json\/wp\/v2\/posts\/2897\/revisions"}],"predecessor-version":[{"id":2908,"href":"http:\/\/belediyeis.org.tr\/merkez\/wp-json\/wp\/v2\/posts\/2897\/revisions\/2908"}],"wp:featuredmedia":[{"embeddable":true,"href":"http:\/\/belediyeis.org.tr\/merkez\/wp-json\/wp\/v2\/media\/2898"}],"wp:attachment":[{"href":"http:\/\/belediyeis.org.tr\/merkez\/wp-json\/wp\/v2\/media?parent=2897"}],"wp:term":[{"taxonomy":"category","embeddable":true,"href":"http:\/\/belediyeis.org.tr\/merkez\/wp-json\/wp\/v2\/categories?post=2897"},{"taxonomy":"post_tag","embeddable":true,"href":"http:\/\/belediyeis.org.tr\/merkez\/wp-json\/wp\/v2\/tags?post=2897"}],"curies":[{"name":"wp","href":"https:\/\/api.w.org\/{rel}","templated":true}]}}