{"id":2857,"date":"2022-05-01T10:43:09","date_gmt":"2022-05-01T07:43:09","guid":{"rendered":"http:\/\/belediyeis.org.tr\/merkez\/?p=2857"},"modified":"2022-05-09T09:47:57","modified_gmt":"2022-05-09T06:47:57","slug":"yasasin-1-mayis-2","status":"publish","type":"post","link":"http:\/\/belediyeis.org.tr\/merkez\/2022\/05\/01\/yasasin-1-mayis-2\/","title":{"rendered":"YA\u015eASIN 1 MAYIS"},"content":{"rendered":"<p style=\"text-align: justify;\"><strong>DEMOKRAS\u0130 VE ADALET OLMADAN EME\u011e\u0130N HAKLARI OLMAZ!<\/strong><br \/>\n<strong>HAYAT PAHALILI\u011eINA, EMEK S\u00d6M\u00dcR\u00dcS\u00dcNE VE ZAMLARA KAR\u015eI ALANLARDAYIZ\u2026<\/strong><\/p>\n<p style=\"text-align: justify;\">Bug\u00fcn 1 May\u0131s, bug\u00fcn d\u00fcnyan\u0131n en kalabal\u0131k, en renkli, en canl\u0131 kutlamas\u0131, i\u015f\u00e7i s\u0131n\u0131f\u0131n\u0131n Uluslararas\u0131 Birlik, M\u00fccadele ve Dayan\u0131\u015fma G\u00fcn\u00fc.<br \/>\n1 May\u0131s\u2019a, b\u00f6lgesel \u00e7at\u0131\u015fmalar\u0131n, katliamlar\u0131n, eme\u011fe ve emek\u00e7ilere y\u00f6nelik sald\u0131r\u0131lar\u0131n yo\u011funla\u015ft\u0131\u011f\u0131, iktidar\u0131n ac\u0131mas\u0131z zamlar\u0131yla emek\u00e7ilerin inim inim inledi\u011fi, sadece yoksulla\u015fma de\u011fil, hayat\u0131n\u0131 devam ettirebilme sorunu ile kar\u015f\u0131 kar\u015f\u0131ya kal\u0131nd\u0131\u011f\u0131 bir d\u00f6nemde giriyoruz.<br \/>\nEmperyalist rekabetin yeni bir g\u00f6r\u00fcnt\u00fcs\u00fc olan b\u00f6lgemizde ya\u015fanan sava\u015f ve \u00e7at\u0131\u015fmalar, laik, demokratik Cumhuriyetimizin kurucusu Mustafa Kemal Atat\u00fcrk\u2019\u00fcn \u201cYurtta sulh, cihanda sulh\u201d ilkesinin ne kadar anlaml\u0131 oldu\u011funu siyasi miyoplara bir kez daha g\u00f6stermi\u015ftir.<br \/>\nBiz emek\u00e7iler, \u00f6zg\u00fcrl\u00fck\u00e7\u00fc, adil ve bar\u0131\u015f i\u00e7inde bir d\u00fcnya, bir \u00fclke istiyoruz.<br \/>\nBiz emek\u00e7iler, insanlar\u0131n g\u00fcnd\u00fcz s\u00f6m\u00fcr\u00fclmedi\u011fi, gece a\u00e7 yatmad\u0131\u011f\u0131, \u00f6zg\u00fcr ve demokratik bir \u00fclke istiyoruz.<br \/>\nBiz emek\u00e7iler, ne s\u00f6m\u00fcr\u00fclen ne s\u00f6m\u00fcren insanca bir d\u00fczen istiyoruz.<br \/>\nDe\u011ferli Dostlar,<br \/>\n\u00dclkemiz tarihte g\u00f6r\u00fclmemi\u015f d\u00fczeyde derin bir yoksulluk ya\u015f\u0131yor. Zengin ile yoksul aras\u0131ndaki gelir e\u015fitsizli\u011fi daha da artm\u0131\u015ft\u0131r.<br \/>\n\u0130ktidar\u0131n y\u0131llard\u0131r uygulad\u0131\u011f\u0131, \u00fcretime, istihdama dayanmayan, i\u015f\u00e7iyi, k\u00f6yl\u00fcy\u00fc, emek\u00e7ileri yok sayan, ithalata, in\u015faata dayal\u0131 rant politikalar\u0131 sonucu T\u00fcrk Liras\u0131 s\u00fcrekli de\u011fersizle\u015fmektedir.<br \/>\nEnflasyondaki y\u00fckseli\u015f emek\u00e7ilerin al\u0131m g\u00fcc\u00fcn\u00fc d\u00fc\u015f\u00fcrmekte, halk\u0131m\u0131z en temel ihtiya\u00e7lar\u0131n\u0131 bile gidermekte zorluk \u00e7ekmektedir.<br \/>\nBar\u0131nma, \u0131s\u0131nma, elektrik ve g\u0131da gibi temel harcama kalemlerindeki fiyat art\u0131\u015flar\u0131 \u00e7ok ciddi seviyelere ula\u015fm\u0131\u015ft\u0131r. Bug\u00fcn halk\u0131m\u0131z\u0131n b\u00fcy\u00fck \u00e7o\u011funlu\u011fu sadece yoksulla\u015fma s\u00fcreci de\u011fil, hayat\u0131n\u0131 devam ettirebilme sorunu ile kar\u015f\u0131 kar\u015f\u0131yad\u0131r.<br \/>\nFiyatlara, faturalara yans\u0131yan ger\u00e7ek enflasyon, \u00e7ar\u015f\u0131da, pazarda, mutfakta ya\u015fanan hayat pahal\u0131l\u0131\u011f\u0131 emek\u00e7i halk\u0131n a\u011f\u0131r bir bor\u00e7 ve ge\u00e7im krizi ya\u015famas\u0131na neden olmaktad\u0131r.<br \/>\nT\u00fcm emek\u00e7iler, hayat pahal\u0131l\u0131\u011f\u0131ndan derinden etkilenmektedir.<br \/>\nEmek\u00e7ilerin \u00f6nemli bir b\u00f6l\u00fcm\u00fc asgari \u00fccretle ya\u015famaya mahk\u00fbm edilmi\u015ftir.<br \/>\nA\u00e7\u0131kland\u0131\u011f\u0131nda \u201c\u00e7ok \u00f6nemli art\u0131\u015f\u201d olarak nitelendirilen ve 2022 y\u0131l\u0131 i\u00e7in ge\u00e7erli olacak asgari \u00fccret art\u0131\u015f\u0131 daha i\u015f\u00e7inin cebine girmeden y\u0131l\u0131n ilk ay\u0131ndan itibaren h\u0131zla erimi\u015ftir.<br \/>\nSendikal\u0131 i\u015fyerlerinde toplu s\u00f6zle\u015fmelerle elde edilen \u00fccret kazan\u0131mlar\u0131 da, \u00fccretler i\u015f\u00e7inin cebine girmeden, T\u00dc\u0130K\u2019in \u00e7akma enflasyonunun y\u00fczde 61\u2019i a\u015fmas\u0131, ger\u00e7ek enflasyonun y\u00fczde 120\u2019leri bulmas\u0131 y\u00fcz\u00fcnden erimi\u015ftir.<br \/>\n\u0130ktidar, emek\u00e7i halk\u0131 ekme\u011fe muhta\u00e7 eden enflasyon sorununu \u00e7\u00f6zece\u011fine, her zaman yapt\u0131\u011f\u0131 gibi ger\u00e7ekleri a\u00e7\u0131klayanlar\u0131 susturmaya \u00e7al\u0131\u015fmaktad\u0131r.<br \/>\n\u0130ktidar enflasyon i\u00e7in ger\u00e7ek\u00e7i ad\u0131mlar atmad\u0131\u011f\u0131 ve fiyat art\u0131\u015flar\u0131 g\u00f6r\u00fclmemi\u015f d\u00fczeye ula\u015ft\u0131\u011f\u0131 i\u00e7in asgari \u00fccret ba\u015fta olmak \u00fczere t\u00fcm \u00fccretlerin ve emekli ayl\u0131klar\u0131n\u0131 insanca ya\u015fayacak seviyeye \u00e7\u0131kartmak zorundad\u0131r.<br \/>\nBu emek\u00e7ilerin ricas\u0131 de\u011fil, iktidara talimat\u0131d\u0131r.<br \/>\n\u0130ktidar ya gere\u011fini yapacak ya da emek\u00e7iler demokratik yollarla gerekeni yapacakt\u0131r.<br \/>\nDe\u011ferli Dostlar,<br \/>\nHukukun temel ilkelerinin ayaklar alt\u0131na al\u0131nd\u0131\u011f\u0131, \u00fcretimin yok say\u0131ld\u0131\u011f\u0131, eme\u011fin kazan\u0131lm\u0131\u015f haklar\u0131na y\u00f6nelik sald\u0131r\u0131lar\u0131n, i\u015fsizli\u011fin, yoksullu\u011fun artt\u0131\u011f\u0131, sendikal hak ihlallerinin, d\u00fc\u015f\u00fcnce ve ifade \u00f6zg\u00fcrl\u00fc\u011f\u00fcn\u00fc yok etmeye y\u00f6nelik giri\u015fimlerin artt\u0131\u011f\u0131 bir d\u00f6nemde, t\u00fcm emek\u00e7ilerin \u00f6ncelikli g\u00f6revi; demokrasiye, hukuka, laik demokratik cumhuriyete sahip \u00e7\u0131kmakt\u0131r.<br \/>\n<strong>BA\u011eIMSIZ, TARAFSIZ, AD\u0130L, ETK\u0130N B\u0130R YARGI D\u00dcZEN\u0130N OLMADI\u011eI, B\u0130REYSEL VE TOPLUMSAL HAKLARIN G\u00dcVENCE ALTINA ALINMADI\u011eI B\u0130R S\u0130STEM, PARYA S\u0130STEM\u0130D\u0130R.<\/strong><br \/>\nBizler &#8220;her \u015feyin en iyisini bildi\u011fini iddia eden\u201d y\u00f6neticiler de\u011fil,<br \/>\n\u0130ktidar g\u00fcc\u00fcn\u00fcn keyfi davran\u0131\u015flar\u0131n\u0131n s\u0131n\u0131rland\u0131r\u0131ld\u0131\u011f\u0131,<br \/>\nhukukun \u00fcst\u00fcnl\u00fc\u011f\u00fcn\u00fcn egemen oldu\u011fu LA\u0130K DEMOKRAT\u0130K B\u0130R HUKUK DEVLET\u0130 \u0130ST\u0130YORUZ.<br \/>\nBiz adalet istiyoruz, bar\u0131\u015f istiyoruz.<br \/>\nDe\u011ferli Dostlar,<br \/>\nBizler, \u00fclkemizin kaynaklar\u0131n\u0131 be\u015fli, onlu \u00e7etelere, bir avu\u00e7 yerli-yabanc\u0131 sermayeye pe\u015fke\u015f \u00e7ekenlerle ayn\u0131 gemide de\u011filiz!<br \/>\nBizler, sava\u015ftan kazan\u00e7 sa\u011flayanlarla ayn\u0131 gemide de\u011filiz!<br \/>\nBizler, talanc\u0131larla, yolsuzluk yapanlarla, h\u0131rs\u0131zlara g\u00f6z yumanlarla, i\u015f\u00e7inin ekme\u011fiyle oynayanlarla ayn\u0131 gemide de\u011filiz!<br \/>\n<strong>B\u0130ZLER,HALKINI KEND\u0130 \u00dcLKES\u0130NDE PARYA YAPANLARLA AYNI GEM\u0130DE DE\u011e\u0130L\u0130Z!<\/strong><br \/>\nBizler, bu \u00fclkenin i\u015f\u00e7ileriyiz !<br \/>\nBiz, bu \u00dclkenin emek\u00e7ileriyiz !<br \/>\nBiz, bu \u00fclkenin emeklileriyiz !<br \/>\nBiz, bu \u00fclkenin i\u015fsizleriyiz !<br \/>\nBiz, bu \u00fclkenin yoksullar\u0131y\u0131z !<br \/>\nBiz Halk\u0131z !<br \/>\nDe\u011ferli arkada\u015flar,<br \/>\n\u0130nsanlar\u0131n korkmadan d\u00fc\u015f\u00fcnd\u00fcklerini s\u00f6yleyebildi\u011fi, \u00f6zg\u00fcrl\u00fcklerin s\u0131n\u0131r\u0131n\u0131n siyasal iktidarlar taraf\u0131ndan \u00e7izilmedi\u011fi bir \u00fclkede ya\u015famak istiyoruz.<br \/>\nTalan\u0131n, yolsuzluklar\u0131n, yoksunluklar\u0131n, adaletsizliklerin olmad\u0131\u011f\u0131 bir \u00fclkede, insana yak\u0131\u015f\u0131r ko\u015fullarda \u00fcretmek, \u00e7al\u0131\u015fmak ve ya\u015famak istiyoruz.<br \/>\nBiz emek\u00e7iler, anayasal hakk\u0131n\u0131 kullan\u0131p sendikal\u0131 oldu\u011fu i\u00e7in sendika de\u011fi\u015ftirmeye zorlanan, toplu s\u00f6zle\u015fme haklar\u0131 gasp edilen, i\u015ften at\u0131l\u0131p aileleriyle a\u00e7l\u0131\u011fa ve yoksullu\u011fa mahk\u00fbm edilen k\u00f6lelik d\u00fczeninde ya\u015famak istemiyoruz.<br \/>\nBelediye \u015firket i\u015f\u00e7ilerinin, belediyenin as\u0131l i\u015f\u00e7isi olmas\u0131n\u0131, y\u0131llard\u0131r hukuk d\u0131\u015f\u0131 \u015fekilde ellerinden al\u0131nan 52 g\u00fcnl\u00fck ilave tediye \u00f6denmesini istiyoruz.<br \/>\nBizler; e\u015fitlik, \u00f6zg\u00fcrl\u00fck ve sosyal adalet i\u00e7in m\u00fccadele ediyoruz&#8230;<br \/>\nBizler; zamlara, yoksullu\u011fa ve sava\u015fa kar\u015f\u0131 m\u00fccadele ediyoruz&#8230;<br \/>\nBizler; \u0131rk, renk ve inanc\u0131 ne olursa olsun, herkesin bir arada \u00f6zg\u00fcr, adil ve bar\u0131\u015f i\u00e7inde ya\u015fad\u0131\u011f\u0131 bir \u00fclke istiyoruz.<br \/>\nBizler; kad\u0131nlar\u0131n toplum ya\u015fam\u0131na e\u015fit bireyler olarak kat\u0131lmalar\u0131n\u0131n sa\u011fland\u0131\u011f\u0131, g\u00fc\u00e7s\u00fcz\u00fc g\u00fc\u00e7l\u00fcye, az\u0131nl\u0131\u011f\u0131 \u00e7o\u011funlu\u011fa kar\u015f\u0131 koruyan bir d\u00fczende ya\u015famak istiyoruz.<\/p>\n<p style=\"text-align: justify;\"><strong>YA\u015eASIN EMEK\u00c7\u0130LER\u0130N B\u0130RL\u0130\u011e\u0130, YA\u015eASIN 1 MAYIS<\/strong><\/p>\n","protected":false},"excerpt":{"rendered":"<p>DEMOKRAS\u0130 VE ADALET OLMADAN EME\u011e\u0130N HAKLARI OLMAZ! HAYAT PAHALILI\u011eINA, EMEK S\u00d6M\u00dcR\u00dcS\u00dcNE VE ZAMLARA KAR\u015eI ALANLARDAYIZ\u2026 Bug\u00fcn 1 May\u0131s, bug\u00fcn d\u00fcnyan\u0131n en kalabal\u0131k, en renkli, en canl\u0131 kutlamas\u0131, i\u015f\u00e7i s\u0131n\u0131f\u0131n\u0131n Uluslararas\u0131 Birlik, M\u00fccadele ve Dayan\u0131\u015fma G\u00fcn\u00fc. 1 May\u0131s\u2019a, b\u00f6lgesel \u00e7at\u0131\u015fmalar\u0131n, katliamlar\u0131n, eme\u011fe ve emek\u00e7ilere y\u00f6nelik sald\u0131r\u0131lar\u0131n yo\u011funla\u015ft\u0131\u011f\u0131, iktidar\u0131n ac\u0131mas\u0131z zamlar\u0131yla emek\u00e7ilerin inim inim inledi\u011fi, sadece yoksulla\u015fma [&hellip;]<\/p>\n","protected":false},"author":3,"featured_media":2858,"comment_status":"open","ping_status":"open","sticky":false,"template":"","format":"standard","meta":{"jnews-multi-image_gallery":[],"jnews_single_post":{"source_name":"","source_url":"","via_name":"","via_url":"","override_template":"0","override":[{"template":"1","single_blog_custom":"","parallax":"1","fullscreen":"1","layout":"right-sidebar","sidebar":"default-sidebar","second_sidebar":"default-sidebar","sticky_sidebar":"1","share_position":"top","share_float_style":"share-monocrhome","show_share_counter":"1","show_view_counter":"1","show_featured":"1","show_post_meta":"1","show_post_author":"1","show_post_author_image":"1","show_post_date":"1","post_date_format":"default","post_date_format_custom":"Y\/m\/d","show_post_category":"1","show_post_reading_time":"0","post_reading_time_wpm":"300","show_zoom_button":"0","zoom_button_out_step":"2","zoom_button_in_step":"3","show_post_tag":"1","show_prev_next_post":"1","show_popup_post":"1","number_popup_post":"1","show_author_box":"0","show_post_related":"0","show_inline_post_related":"0"}],"override_image_size":"0","image_override":[{"single_post_thumbnail_size":"crop-500","single_post_gallery_size":"crop-500"}],"trending_post":"0","trending_post_position":"meta","trending_post_label":"Trending","sponsored_post":"0","sponsored_post_label":"Sponsored by","sponsored_post_name":"","sponsored_post_url":"","sponsored_post_logo_enable":"0","sponsored_post_logo":"","sponsored_post_desc":"","disable_ad":"0"},"jnews_primary_category":{"id":""},"jnews_social_meta":{"fb_title":"","fb_description":"","fb_image":"","twitter_title":"","twitter_description":"","twitter_image":""},"jnews_override_counter":{"override_view_counter":"0","view_counter_number":"0","override_share_counter":"0","share_counter_number":"0","override_like_counter":"0","like_counter_number":"0","override_dislike_counter":"0","dislike_counter_number":"0"},"footnotes":""},"categories":[1],"tags":[212,280],"class_list":["post-2857","post","type-post","status-publish","format-standard","has-post-thumbnail","hentry","category-genel","tag-1-mayis","tag-bildiri"],"_links":{"self":[{"href":"http:\/\/belediyeis.org.tr\/merkez\/wp-json\/wp\/v2\/posts\/2857","targetHints":{"allow":["GET"]}}],"collection":[{"href":"http:\/\/belediyeis.org.tr\/merkez\/wp-json\/wp\/v2\/posts"}],"about":[{"href":"http:\/\/belediyeis.org.tr\/merkez\/wp-json\/wp\/v2\/types\/post"}],"author":[{"embeddable":true,"href":"http:\/\/belediyeis.org.tr\/merkez\/wp-json\/wp\/v2\/users\/3"}],"replies":[{"embeddable":true,"href":"http:\/\/belediyeis.org.tr\/merkez\/wp-json\/wp\/v2\/comments?post=2857"}],"version-history":[{"count":1,"href":"http:\/\/belediyeis.org.tr\/merkez\/wp-json\/wp\/v2\/posts\/2857\/revisions"}],"predecessor-version":[{"id":2859,"href":"http:\/\/belediyeis.org.tr\/merkez\/wp-json\/wp\/v2\/posts\/2857\/revisions\/2859"}],"wp:featuredmedia":[{"embeddable":true,"href":"http:\/\/belediyeis.org.tr\/merkez\/wp-json\/wp\/v2\/media\/2858"}],"wp:attachment":[{"href":"http:\/\/belediyeis.org.tr\/merkez\/wp-json\/wp\/v2\/media?parent=2857"}],"wp:term":[{"taxonomy":"category","embeddable":true,"href":"http:\/\/belediyeis.org.tr\/merkez\/wp-json\/wp\/v2\/categories?post=2857"},{"taxonomy":"post_tag","embeddable":true,"href":"http:\/\/belediyeis.org.tr\/merkez\/wp-json\/wp\/v2\/tags?post=2857"}],"curies":[{"name":"wp","href":"https:\/\/api.w.org\/{rel}","templated":true}]}}