{"id":2796,"date":"2019-01-14T16:52:45","date_gmt":"2019-01-14T13:52:45","guid":{"rendered":"http:\/\/belediyeis.org.tr\/merkez\/?p=2796"},"modified":"2022-04-07T16:55:05","modified_gmt":"2022-04-07T13:55:05","slug":"rize-hemsinde-toplu-sozlesme-gorusmesinde-cirkin-saldiri","status":"publish","type":"post","link":"http:\/\/belediyeis.org.tr\/merkez\/2019\/01\/14\/rize-hemsinde-toplu-sozlesme-gorusmesinde-cirkin-saldiri\/","title":{"rendered":"Rize Hem\u015fin&#8217;de Toplu S\u00f6zle\u015fme G\u00f6r\u00fc\u015fmesinde \u00c7irkin Sald\u0131r\u0131&#8230;"},"content":{"rendered":"<p style=\"text-align: justify;\">Toplu S\u00f6zle\u015fme i\u00e7in Belediye Ba\u015fkan\u0131\u2019n\u0131n makam\u0131na \u00e7a\u011fr\u0131lan Belediye-\u0130\u015f Sendikas\u0131 i\u015fyeri Temsilcisi, Muhasebe M\u00fcd\u00fcr\u00fc\u2019n\u00fcn sald\u0131r\u0131s\u0131na u\u011frad\u0131.<\/p>\n<p style=\"text-align: justify;\">Belediye-\u0130\u015f; Temsilcisinden \u015eube Y\u00f6netim Kurulu \u00dcyelerine, Genel Merkez Y\u00f6neticisinden \u00dcyesine kadar, kar\u015f\u0131la\u015ft\u0131\u011f\u0131 t\u00fcm hukuksuzlara ve zorbal\u0131klara ra\u011fmen korkmadan, \u00e7ekinmeden m\u00fccadelesine kesintisiz devam eden, \u00fcyelerinin hakk\u0131n\u0131 savunan bir sendikad\u0131r.<\/p>\n<p style=\"text-align: justify;\">Sendikam\u0131z\u0131n \u00f6rg\u00fctl\u00fc oldu\u011fu Rize\/Hem\u015fin\u2019de toplu s\u00f6zle\u015fme g\u00f6r\u00fc\u015fmesi yapmak i\u00e7in \u00e7al\u0131\u015ft\u0131\u011f\u0131 yerden Hem\u015fin Belediye Ba\u015fkan\u0131 Halim Kaz\u0131m Bekar taraf\u0131ndan makam\u0131na \u00e7a\u011fr\u0131lan sendikam\u0131z \u0130\u015fyeri Temsilcisi R\u0131fat Yaz\u0131c\u0131, TOPLU S\u00d6ZLE\u015eMEDEN KAYNAKLI TALEPLERDEN DOLAYI Muhasebe M\u00fcd\u00fcr Vekili Murat G\u00fczey\u2019in \u00f6nce s\u00f6zl\u00fc, ard\u0131ndan fiili sald\u0131r\u0131s\u0131 sonucu darp edilerek yaraland\u0131.<\/p>\n<p style=\"text-align: justify;\">Sald\u0131r\u0131 sonucu burnu k\u0131r\u0131lan ve 10 g\u00fcnl\u00fck rapor alan temsilcimiz, Murat G\u00fczey t\u00fcm ya\u015fananlar\u0131 tutanak alt\u0131na ald\u0131rarak savc\u0131l\u0131\u011fa su\u00e7 duyurusunda bulunmu\u015ftur.<\/p>\n<p style=\"text-align: justify;\">Bu ya\u015fananlar insani olarak ahlaks\u0131zl\u0131k, hukuki olarak da su\u00e7tur.<\/p>\n<p style=\"text-align: justify;\">Makam sahibi oturdu\u011fu koltu\u011fun sorumlulu\u011funu bilmelidir.<\/p>\n<p style=\"text-align: justify;\">Belediye Ba\u015fkan\u0131 Halim Kaz\u0131m Bekar o makamda Hem\u015finliler\u2019i temsil etmektedir. Makam\u0131 mevkii ne olursa olsun hi\u00e7 kimsenin Hem\u015finliler\u2019in ad\u0131n\u0131, b\u00f6yle seviyesiz, mafyavari ve hukuk d\u0131\u015f\u0131 hareketlerle lekelemeye hakk\u0131 ve yetkisi de yoktur.<\/p>\n<p style=\"text-align: justify;\">\u0130nsanl\u0131ktan biraz nasibini alan ki\u015fi; makam\u0131na davet etti\u011fi ki\u015finin kendi misafiri ve i\u015f\u00e7ilerin temsilcisi oldu\u011funu bilmek zorundad\u0131r. Makama davet edilen ki\u015fiye gelecek bir fiske dahi, \u00f6nce o makama ard\u0131ndan o makamda oturan ki\u015fiye hakarettir.<\/p>\n<p style=\"text-align: justify;\">Ya\u015fanan sald\u0131r\u0131n\u0131n Belediye Ba\u015fkan\u0131\u2019n\u0131n kontrol\u00fcn\u00fcn d\u0131\u015f\u0131nda aniden geli\u015fen bir olay oldu\u011funu d\u00fc\u015f\u00fcnd\u00fc\u011f\u00fcm\u00fczde, Belediye Ba\u015fkan\u0131\u2019n\u0131n; sald\u0131r\u0131y\u0131 yapan insan m\u00fcsveddesi hakk\u0131nda gerekli soru\u015fturmay\u0131 a\u00e7mas\u0131n\u0131, makam\u0131nda onaylamad\u0131\u011f\u0131 b\u00f6yle bir olay ya\u015fand\u0131\u011f\u0131 i\u00e7in de sald\u0131r\u0131ya u\u011frayan temsilcimizden \u00f6z\u00fcr dilemesini beklemek en temel hakk\u0131m\u0131zd\u0131r.<\/p>\n<p style=\"text-align: justify;\">Hem\u015fin Belediye Ba\u015fkan\u0131 Halim Kaz\u0131m Bekar; bu a\u00e7\u0131klaman\u0131n yap\u0131ld\u0131\u011f\u0131 ana kadar ne soru\u015fturma a\u00e7t\u0131rm\u0131\u015f ne de temsilcimizden \u00f6z\u00fcr dilemi\u015ftir.<\/p>\n<p style=\"text-align: justify;\">Bu tav\u0131rs\u0131zl\u0131\u011f\u0131n\u0131n muhasebe m\u00fcd\u00fcr vekili Murat G\u00fczey\u2019in yapt\u0131\u011f\u0131 seviyesizli\u011fi, e\u015fk\u0131yal\u0131\u011f\u0131 onaylamak anlam\u0131n\u0131 geldi\u011fini bilmelidir.<\/p>\n<p style=\"text-align: justify;\">Belediye Ba\u015fkan\u0131\u2019na yaranmak ve kendinin ne kadar \u201cyararl\u0131\u201d bir eleman oldu\u011funu g\u00f6stermek i\u00e7in, temsilcimize g\u00f6revi ba\u015f\u0131nda sald\u0131ran Murat G\u00fczey\u2019e insani olarak bir uyar\u0131 yapmaya gerek yoktur, o yapt\u0131\u011f\u0131 bu e\u015fk\u0131yal\u0131\u011f\u0131n hesab\u0131n\u0131 yarg\u0131 kar\u015f\u0131s\u0131nda verecektir. Murat G\u00fczey yapt\u0131\u011f\u0131 T\u00fcrk Ceza Kanunu\u2019na g\u00f6re iki ayr\u0131 su\u00e7a girmektedir.<\/p>\n<p style=\"text-align: justify;\">Birinci su\u00e7u; ki\u015fiyi hayati tehlike getirecek boyutta yaralamakt\u0131r. \u0130kinci su\u00e7u ise; T\u00fcrk Ceza Kanunu\u2019nun 118. Maddesine ayk\u0131r\u0131 davranmakt\u0131r. \u00c7\u00fcnk\u00fc ilgili madde Cebir veya tehdit kullan\u0131larak ya da hukuka ayk\u0131r\u0131 ba\u015fka bir davran\u0131\u015fla bir sendikan\u0131n faaliyetlerinin engellenmesi bir y\u0131ldan \u00fc\u00e7 y\u0131la kadar hapis cezas\u0131 verilmesini gerektirmektedir.<\/p>\n<p style=\"text-align: justify;\">Belediye-\u0130\u015f, temsilcilerinin ve \u00fcyelerinin hak ve menfaatlerini de korkmadan, \u00e7ekinmeden korumakta kararl\u0131d\u0131r.<\/p>\n<p style=\"text-align: justify;\">Belediye-\u0130\u015f; insan m\u00fcsveddelerinin \u00fcyelerimize ve temsilcilerimize y\u00f6nelik s\u00f6zl\u00fc ve fiili sald\u0131r\u0131lar\u0131na kar\u015f\u0131 pabu\u00e7 b\u0131rakmayacak, bu e\u015fk\u0131ya hak etti\u011fi cezay\u0131 al\u0131ncaya kadar konunun takip\u00e7isi olacakt\u0131r.<\/p>\n<p style=\"text-align: justify;\">Sayg\u0131lar\u0131m\u0131zla.<\/p>\n<p style=\"text-align: justify;\">14.01.2019<\/p>\n<p style=\"text-align: justify;\">Belediye-\u0130\u015f Sendikas\u0131<\/p>\n<p>&nbsp;<\/p>\n","protected":false},"excerpt":{"rendered":"<p>Toplu S\u00f6zle\u015fme i\u00e7in Belediye Ba\u015fkan\u0131\u2019n\u0131n makam\u0131na \u00e7a\u011fr\u0131lan Belediye-\u0130\u015f Sendikas\u0131 i\u015fyeri Temsilcisi, Muhasebe M\u00fcd\u00fcr\u00fc\u2019n\u00fcn sald\u0131r\u0131s\u0131na u\u011frad\u0131. Belediye-\u0130\u015f; Temsilcisinden \u015eube Y\u00f6netim Kurulu \u00dcyelerine, Genel Merkez Y\u00f6neticisinden \u00dcyesine kadar, kar\u015f\u0131la\u015ft\u0131\u011f\u0131 t\u00fcm hukuksuzlara ve zorbal\u0131klara ra\u011fmen korkmadan, \u00e7ekinmeden m\u00fccadelesine kesintisiz devam eden, \u00fcyelerinin hakk\u0131n\u0131 savunan bir sendikad\u0131r. Sendikam\u0131z\u0131n \u00f6rg\u00fctl\u00fc oldu\u011fu Rize\/Hem\u015fin\u2019de toplu s\u00f6zle\u015fme g\u00f6r\u00fc\u015fmesi yapmak i\u00e7in \u00e7al\u0131\u015ft\u0131\u011f\u0131 yerden Hem\u015fin [&hellip;]<\/p>\n","protected":false},"author":3,"featured_media":2484,"comment_status":"open","ping_status":"open","sticky":false,"template":"","format":"standard","meta":{"jnews-multi-image_gallery":[],"jnews_single_post":{"source_name":"","source_url":"","via_name":"","via_url":"","override_template":"0","override":[{"template":"1","single_blog_custom":"","parallax":"1","fullscreen":"1","layout":"right-sidebar","sidebar":"default-sidebar","second_sidebar":"default-sidebar","sticky_sidebar":"1","share_position":"top","share_float_style":"share-monocrhome","show_share_counter":"1","show_view_counter":"1","show_featured":"1","show_post_meta":"1","show_post_author":"1","show_post_author_image":"1","show_post_date":"1","post_date_format":"default","post_date_format_custom":"Y\/m\/d","show_post_category":"1","show_post_reading_time":"0","post_reading_time_wpm":"300","show_zoom_button":"0","zoom_button_out_step":"2","zoom_button_in_step":"3","show_post_tag":"1","show_prev_next_post":"1","show_popup_post":"1","number_popup_post":"1","show_author_box":"0","show_post_related":"0","show_inline_post_related":"0"}],"override_image_size":"0","image_override":[{"single_post_thumbnail_size":"crop-500","single_post_gallery_size":"crop-500"}],"trending_post":"0","trending_post_position":"meta","trending_post_label":"Trending","sponsored_post":"0","sponsored_post_label":"Sponsored by","sponsored_post_name":"","sponsored_post_url":"","sponsored_post_logo_enable":"0","sponsored_post_logo":"","sponsored_post_desc":"","disable_ad":"0"},"jnews_primary_category":{"id":""},"jnews_social_meta":{"fb_title":"","fb_description":"","fb_image":"","twitter_title":"","twitter_description":"","twitter_image":""},"jnews_override_counter":{"override_view_counter":"0","view_counter_number":"0","override_share_counter":"0","share_counter_number":"0","override_like_counter":"0","like_counter_number":"0","override_dislike_counter":"0","dislike_counter_number":"0"},"footnotes":""},"categories":[1],"tags":[103,267,266,201],"class_list":["post-2796","post","type-post","status-publish","format-standard","has-post-thumbnail","hentry","category-genel","tag-basin-aciklamasi","tag-hemsin-belediyesi","tag-rize","tag-saldiri"],"_links":{"self":[{"href":"http:\/\/belediyeis.org.tr\/merkez\/wp-json\/wp\/v2\/posts\/2796","targetHints":{"allow":["GET"]}}],"collection":[{"href":"http:\/\/belediyeis.org.tr\/merkez\/wp-json\/wp\/v2\/posts"}],"about":[{"href":"http:\/\/belediyeis.org.tr\/merkez\/wp-json\/wp\/v2\/types\/post"}],"author":[{"embeddable":true,"href":"http:\/\/belediyeis.org.tr\/merkez\/wp-json\/wp\/v2\/users\/3"}],"replies":[{"embeddable":true,"href":"http:\/\/belediyeis.org.tr\/merkez\/wp-json\/wp\/v2\/comments?post=2796"}],"version-history":[{"count":1,"href":"http:\/\/belediyeis.org.tr\/merkez\/wp-json\/wp\/v2\/posts\/2796\/revisions"}],"predecessor-version":[{"id":2797,"href":"http:\/\/belediyeis.org.tr\/merkez\/wp-json\/wp\/v2\/posts\/2796\/revisions\/2797"}],"wp:featuredmedia":[{"embeddable":true,"href":"http:\/\/belediyeis.org.tr\/merkez\/wp-json\/wp\/v2\/media\/2484"}],"wp:attachment":[{"href":"http:\/\/belediyeis.org.tr\/merkez\/wp-json\/wp\/v2\/media?parent=2796"}],"wp:term":[{"taxonomy":"category","embeddable":true,"href":"http:\/\/belediyeis.org.tr\/merkez\/wp-json\/wp\/v2\/categories?post=2796"},{"taxonomy":"post_tag","embeddable":true,"href":"http:\/\/belediyeis.org.tr\/merkez\/wp-json\/wp\/v2\/tags?post=2796"}],"curies":[{"name":"wp","href":"https:\/\/api.w.org\/{rel}","templated":true}]}}